{"id":10464,"date":"2021-11-07T22:25:20","date_gmt":"2021-11-08T03:25:20","guid":{"rendered":"https:\/\/mapfelwapfel.com\/?p=10464"},"modified":"2021-11-07T22:25:23","modified_gmt":"2021-11-08T03:25:23","slug":"elections-municipales-de-la-ville-de-montreal","status":"publish","type":"post","link":"https:\/\/mapfelwapfel.com\/en\/elections-municipales-de-la-ville-de-montreal\/","title":{"rendered":"\u00c9lections municipales de la Ville de Montr\u00e9al"},"content":{"rendered":"\n<h1 class=\"wp-block-heading\">Val\u00e9rie Plante obtient un second mandat \u00e0 la t\u00eate de Montr\u00e9al<\/h1>\n\n\n\n<p class=\"wp-block-paragraph\"><img decoding=\"async\" src=\"https:\/\/images.radio-canada.ca\/q_auto,w_635\/v1\/ici-info\/transit\/16x9\/elections-municipales-au-quebec-soiree-electorale-des-partisans-de-projet-montreal-a-lolympia-photo-prise-a-lolympia-a-montreal-quebec-sur-la-photo-gauche-a-droite-robert-beaudry-et-la-foule-explose-d.jpg\" alt=\"Des candidats, des militants et des membres de Projet Montr\u00e9al les mains dans les airs.\"><\/p>\n\n\n\n<p class=\"wp-block-paragraph\">Regardez la soir\u00e9e \u00e9lectorale en direct avec Patrice Roy.<\/p>\n\n\n\n<ul class=\"wp-block-list\"><li>Partagez via Facebook (Fen\u00eatre modale)Facebook<\/li><li>Partagez via Twitter (Fen\u00eatre modale)Twitter<\/li><li>Partagez via LinkedIn (Fen\u00eatre modale)LinkedIn<\/li><li>Partagez via Courriel (Fen\u00eatre modale)Courriel<\/li><li>Activer l\u2019option d\u2019impression du navigateurImprimer<\/li><li>Afficher les commentairesCommentaires<\/li><\/ul>\n\n\n\n<p class=\"wp-block-paragraph\">J\u00e9r\u00f4me Labb\u00e9 (acc\u00e9der \u00e0 la page de l&#8217;auteur)J\u00e9r\u00f4me Labb\u00e920\u00a0h\u00a000 | Mis\u00a0\u00e0\u00a0jour \u00e0\u00a022\u00a0h\u00a007<\/p>\n\n\n\n<p class=\"wp-block-paragraph\">EN DIRECT &#8211; Radio-Canada pr\u00e9voit que Val\u00e9rie Plante sera r\u00e9\u00e9lue pour un deuxi\u00e8me mandat \u00e0 la mairie de Montr\u00e9al. C&#8217;est donc dire que Denis Coderre n&#8217;aura pas r\u00e9ussi son pari de reprendre les r\u00eanes de l&#8217;H\u00f4tel de Ville, qu&#8217;il avait quitt\u00e9 en 2017.<\/p>\n\n\n\n<p class=\"wp-block-paragraph\">Apr\u00e8s le d\u00e9pouillement de 35&nbsp;% du vote, Mme Plante obtenait 52,6&nbsp;% des voix, contre 37,6&nbsp;% pour Denis Coderre et 7,0&nbsp;% pour Balarama Holness. Les sept autres candidats se partageaient les miettes.<\/p>\n\n\n\n<p class=\"wp-block-paragraph\">Radio-Canada a d\u00e9clar\u00e9 Val\u00e9rie Plante victorieuse \u00e0 21&nbsp;h&nbsp;04. Le premier ministre Legault n&#8217;a pas perdu de temps pour la f\u00e9liciter, \u00e9crivant sur Twitter que son gouvernement entendant&nbsp;<q>continuer de collaborer [avec elle] sur les enjeux qui touchent la m\u00e9tropole<\/q>.<\/p>\n\n\n\n<p class=\"wp-block-paragraph\">La composition du conseil de ville de Montr\u00e9al, qui compte 65&nbsp;si\u00e8ges, reste toutefois \u00e0 d\u00e9terminer.https:\/\/8339d7f08a3e44ea067152793978b013.safeframe.googlesyndication.com\/safeframe\/1-0-38\/html\/container.html<\/p>\n\n\n\n<p class=\"wp-block-paragraph\">La majorit\u00e9 exigerait 33&nbsp;si\u00e8ges. Or, \u00e0 22&nbsp;h&nbsp;04, le parti de Mme&nbsp;Plante, Projet Montr\u00e9al, \u00e9tait en avance avec 34&nbsp;si\u00e8ges, contre 26&nbsp;pour Ensemble Montr\u00e9al, la formation de Denis Coderre. Deux partis locaux se partageaient la balance, soit l&#8217;\u00c9quipe LaSalle avec 3&nbsp;si\u00e8ges et l&#8217;\u00c9quipe Anjou avec 2&nbsp;si\u00e8ges.<\/p>\n\n\n\n<h2 class=\"wp-block-heading\">Des arrondissements changent de main<\/h2>\n\n\n\n<p class=\"wp-block-paragraph\">Si la plupart des maires d&#8217;arrondissement sortant ont \u00e9t\u00e9 r\u00e9\u00e9lus, dimanche soir, d&#8217;autres ont \u00e9t\u00e9 d\u00e9faits.<\/p>\n\n\n\n<p class=\"wp-block-paragraph\">Dans C\u00f4te-des-Neiges\u2013Notre-Dame-de-Gr\u00e2ce, par exemple, le candidat d&#8217;Ensemble Montr\u00e9al, Lionel Perez, remplacera Sue Montgomery,\u00a0qui avait fond\u00e9 son propre parti, Courage, dans la foul\u00e9e de\u00a0la saga juridique qui a caract\u00e9ris\u00e9 son mandat.<\/p>\n\n\n\n<p class=\"wp-block-paragraph\">M\u00eame chose dans Villeray\u2013Saint-Michel-Parc Extension, o\u00f9 la candidate de Projet Montr\u00e9al, Laurence Lavigne-Lalonde, a renvers\u00e9 Giuliana Fumagalli,\u00a0qui avait cr\u00e9\u00e9 sa propre sa formation, Quartiers Montr\u00e9al, apr\u00e8s \u00e9t\u00e9 \u00e9cart\u00e9e de l&#8217;administration Plante, en 2018.<\/p>\n\n\n\n<p class=\"wp-block-paragraph\">Parmi les nouveaux maires d&#8217;arrondissements \u00e9lus dimanche soir, mentionnions Nancy Blanchet, qui prendra la place de Manon Barbe dans LaSalle; Fran\u00e7ois Limoges, qui remplacera Fran\u00e7ois W.&nbsp;Croteau dans Rosemont\u2013La Petite-Patrie; et Marie-Andr\u00e9e Mauger, qui succ\u00e9dera \u00e0 Jean-Fran\u00e7ois Parenteau dans Verdun.<\/p>\n\n\n\n<h2 class=\"wp-block-heading\">Un taux de participation faible<\/h2>\n\n\n\n<p class=\"wp-block-paragraph\">Les bureaux de vote montr\u00e9alais ont ferm\u00e9 leurs portes \u00e0 20&nbsp;h, comme dans la vaste majorit\u00e9 des municipalit\u00e9s du Qu\u00e9bec.<\/p>\n\n\n\n<p class=\"wp-block-paragraph\">\u00c0 16&nbsp;h, le taux de participation dans la m\u00e9tropole \u00e9tait de 31,7&nbsp;%, en incluant les trois journ\u00e9es de vote par anticipation, les 30 et 31&nbsp;octobre ainsi que le 6&nbsp;novembre.<\/p>\n\n\n\n<p class=\"wp-block-paragraph\">Cette ann\u00e9e, 1\u00a0111\u00a0100\u00a0\u00e9lecteurs figuraient sur la liste r\u00e9vis\u00e9e d&#8217;\u00c9lections Montr\u00e9al,\u00a0une baisse de 2,79\u00a0% par rapport \u00e0 2017.<\/p>\n\n\n\n<h2 class=\"wp-block-heading\">\u00c0 lire aussi&nbsp;:<\/h2>\n\n\n\n<ul class=\"wp-block-list\"><li>O\u00f9 suivre la soir\u00e9e \u00e9lectorale municipale au Qu\u00e9bec?<\/li><\/ul>\n\n\n\n<p class=\"wp-block-paragraph\">Les Montr\u00e9alais votaient en fin de semaine pour \u00e9lire 103&nbsp;candidats, soit&nbsp;: 1&nbsp;maire; 18&nbsp;maires d&#8217;arrondissement; 46&nbsp;conseillers de ville; et 38&nbsp;conseillers d&#8217;arrondissement.<\/p>\n\n\n\n<p class=\"wp-block-paragraph\">En tout, 347\u00a0candidatures avaient \u00e9t\u00e9 d\u00e9pos\u00e9es en vue des \u00e9lections. Parmi elles,\u00a0on retrouvait 10\u00a0aspirants maires, dont 5\u00a0ind\u00e9pendants. Val\u00e9rie Plante, de Projet Montr\u00e9al, et Denis Coderre, d&#8217;Ensemble Montr\u00e9al, \u00e9taient consid\u00e9r\u00e9s comme les favoris.<\/p>\n\n\n\n<p class=\"wp-block-paragraph\">\u00c0 la dissolution du conseil municipal, Projet Montr\u00e9al d\u00e9tenait 33\u00a0si\u00e8ges, contre 21 pour Ensemble Montr\u00e9al, 3\u00a0pour l&#8217;\u00c9quipe LaSalle, 2\u00a0pour l&#8217;\u00c9quipe Anjou et\u00a01\u00a0pour le parti Courage. Il y avait aussi 3\u00a0ind\u00e9pendants et 2\u00a0si\u00e8ges vacants.<\/p>\n\n\n\n<p class=\"wp-block-paragraph\">En 2017,\u00a0Val\u00e9rie Plante avait \u00e9t\u00e9 \u00e9lue avec 51,42\u00a0% des voix contre 45,66\u00a0% pour Denis Coderre, remportant du m\u00eame souffle la majorit\u00e9 des 65\u00a0si\u00e8ges \u00e0 l&#8217;H\u00f4tel de Ville. Le taux de participation avait \u00e9t\u00e9 de 42,5\u00a0%.<\/p>\n\n\n\n<p class=\"wp-block-paragraph\">Les candidats \u00e9lus dimanche seront asserment\u00e9s le jeudi 18\u00a0novembre. Le comit\u00e9 ex\u00e9cutif de la Ville de Montr\u00e9al,\u00a0actuellement pr\u00e9sid\u00e9 par Beno\u00eet Dorais, se rencontrera \u00e0 deux reprises d&#8217;ici l\u00e0, les mercredis 10 et 17\u00a0novembre.<\/p>\n\n\n\n<figure class=\"wp-block-image\"><img decoding=\"async\" src=\"https:\/\/images.radio-canada.ca\/q_auto,w_600\/v1\/ici-info\/perso\/elections-municipales-quebec-2021-banniere.jpg\" alt=\"Notre couverture des \u00e9lections municipales au Qu\u00e9bec en 2021.\"\/><\/figure>\n\n\n\n<p class=\"wp-block-paragraph\"><a href=\"https:\/\/ici.radio-canada.ca\/elections-municipales-quebec-2021\"><\/a><\/p>\n\n\n\n<p class=\"wp-block-paragraph\">Des \u00e9lections avaient \u00e9galement cours dimanche dans 9 des 15&nbsp;autres municipalit\u00e9s de l&#8217;\u00eele de Montr\u00e9al, les maires de Dollard-des-Ormeaux, Westmount, Montr\u00e9al-Ouest, Baie-D&#8217;Urf\u00e9, Senneville et L&#8217;\u00cele-Dorval ayant \u00e9t\u00e9 r\u00e9\u00e9lus sans opposition.<\/p>\n\n\n\n<p class=\"wp-block-paragraph\">Les \u00e9lecteurs de la ville de Mont-Royal,\u00a0o\u00f9 se trouve le m\u00e9gaprojet immobilier Royalmount, devaient notamment choisir qui de Michelle Setlakwe ou de Peter Malouf remplacera Philippe Roy, qui a annonc\u00e9 en mars qu&#8217;il ne se repr\u00e9senterait pas.<\/p>\n\n\n\n<p class=\"wp-block-paragraph\">Apr\u00e8s le d\u00e9pouillement de 10&nbsp;% du vote, dimanche soir, M.&nbsp;Malouf menait avec 56,6&nbsp;% des voix.<\/p>\n","protected":false},"excerpt":{"rendered":"<p>Val\u00e9rie Plante obtient un second mandat \u00e0 la t\u00eate de Montr\u00e9al Regardez la soir\u00e9e \u00e9lectorale en direct avec Patrice Roy. Partagez via Facebook (Fen\u00eatre modale)Facebook Partagez via Twitter (Fen\u00eatre modale)Twitter Partagez via LinkedIn (Fen\u00eatre modale)LinkedIn Partagez via Courriel (Fen\u00eatre modale)Courriel Activer l\u2019option d\u2019impression du navigateurImprimer Afficher les commentairesCommentaires J\u00e9r\u00f4me Labb\u00e9 (acc\u00e9der \u00e0 la page de l&#8217;auteur)J\u00e9r\u00f4me Labb\u00e920\u00a0h\u00a000 | Mis\u00a0\u00e0\u00a0jour \u00e0\u00a022\u00a0h\u00a007 [&hellip;]<\/p>\n","protected":false},"author":3,"featured_media":10465,"comment_status":"open","ping_status":"open","sticky":false,"template":"","format":"standard","meta":{"footnotes":""},"categories":[501,1407,1406],"tags":[1403],"class_list":["post-10464","post","type-post","status-publish","format-standard","has-post-thumbnail","hentry","category-a-la-une","category-actualite","category-politique","tag-actualite"],"yoast_head":"<!-- This site is optimized with the Yoast SEO plugin v28.4 - https:\/\/yoast.com\/product\/yoast-seo-wordpress\/ -->\n<title>\u00c9lections municipales de la Ville de Montr\u00e9al - Mapfel Wapfel | Annuaire Entreprises Communautaires MonDIAL<\/title>\n<meta name=\"robots\" content=\"index, follow, max-snippet:-1, max-image-preview:large, max-video-preview:-1\" \/>\n<link rel=\"canonical\" href=\"https:\/\/mapfelwapfel.com\/en\/elections-municipales-de-la-ville-de-montreal\/\" \/>\n<meta property=\"og:locale\" content=\"en_US\" \/>\n<meta property=\"og:type\" content=\"article\" \/>\n<meta property=\"og:title\" content=\"\u00c9lections municipales de la Ville de Montr\u00e9al - Mapfel Wapfel | Annuaire Entreprises Communautaires MonDIAL\" \/>\n<meta property=\"og:description\" content=\"Val\u00e9rie Plante obtient un second mandat \u00e0 la t\u00eate de Montr\u00e9al Regardez la soir\u00e9e \u00e9lectorale en direct avec Patrice Roy. Partagez via Facebook (Fen\u00eatre modale)Facebook Partagez via Twitter (Fen\u00eatre modale)Twitter Partagez via LinkedIn (Fen\u00eatre modale)LinkedIn Partagez via Courriel (Fen\u00eatre modale)Courriel Activer l\u2019option d\u2019impression du navigateurImprimer Afficher les commentairesCommentaires J\u00e9r\u00f4me Labb\u00e9 (acc\u00e9der \u00e0 la page de l&#8217;auteur)J\u00e9r\u00f4me Labb\u00e920\u00a0h\u00a000 | Mis\u00a0\u00e0\u00a0jour \u00e0\u00a022\u00a0h\u00a007 [&hellip;]\" \/>\n<meta property=\"og:url\" content=\"https:\/\/mapfelwapfel.com\/en\/elections-municipales-de-la-ville-de-montreal\/\" \/>\n<meta property=\"og:site_name\" content=\"Mapfel Wapfel | Annuaire Entreprises Communautaires MonDIAL\" \/>\n<meta property=\"article:published_time\" content=\"2021-11-08T03:25:20+00:00\" \/>\n<meta property=\"article:modified_time\" content=\"2021-11-08T03:25:23+00:00\" \/>\n<meta property=\"og:image\" content=\"https:\/\/mapfelwapfel.com\/wp-content\/uploads\/2021\/11\/lections_Montr_al__lections_municipales_des_6_et_7_novembre_202.jpg\" \/>\n\t<meta property=\"og:image:width\" content=\"600\" \/>\n\t<meta property=\"og:image:height\" content=\"315\" \/>\n\t<meta property=\"og:image:type\" content=\"image\/jpeg\" \/>\n<meta name=\"author\" content=\"DORNEVAL Kingsley\" \/>\n<meta name=\"twitter:card\" content=\"summary_large_image\" \/>\n<meta name=\"twitter:label1\" content=\"Written by\" \/>\n\t<meta name=\"twitter:data1\" content=\"DORNEVAL Kingsley\" \/>\n\t<meta name=\"twitter:label2\" content=\"Est. reading time\" \/>\n\t<meta name=\"twitter:data2\" content=\"4 minutes\" \/>\n<script type=\"application\/ld+json\" class=\"yoast-schema-graph\">{\"@context\":\"https:\\\/\\\/schema.org\",\"@graph\":[{\"@type\":\"Article\",\"@id\":\"https:\\\/\\\/mapfelwapfel.com\\\/en\\\/elections-municipales-de-la-ville-de-montreal\\\/#article\",\"isPartOf\":{\"@id\":\"https:\\\/\\\/mapfelwapfel.com\\\/en\\\/elections-municipales-de-la-ville-de-montreal\\\/\"},\"author\":{\"name\":\"DORNEVAL Kingsley\",\"@id\":\"https:\\\/\\\/mapfelwapfel.com\\\/en\\\/#\\\/schema\\\/person\\\/52fb063976b99b144e798a94a756d9a4\"},\"headline\":\"\u00c9lections municipales de la Ville de Montr\u00e9al\",\"datePublished\":\"2021-11-08T03:25:20+00:00\",\"dateModified\":\"2021-11-08T03:25:23+00:00\",\"mainEntityOfPage\":{\"@id\":\"https:\\\/\\\/mapfelwapfel.com\\\/en\\\/elections-municipales-de-la-ville-de-montreal\\\/\"},\"wordCount\":822,\"commentCount\":0,\"image\":{\"@id\":\"https:\\\/\\\/mapfelwapfel.com\\\/en\\\/elections-municipales-de-la-ville-de-montreal\\\/#primaryimage\"},\"thumbnailUrl\":\"https:\\\/\\\/mapfelwapfel.com\\\/wp-content\\\/uploads\\\/2021\\\/11\\\/lections_Montr_al__lections_municipales_des_6_et_7_novembre_202.jpg\",\"keywords\":[\"Actualit\u00e9\"],\"articleSection\":[\"\u00c0 la une\",\"Actualit\u00e9\",\"Politique\"],\"inLanguage\":\"en-US\",\"potentialAction\":[{\"@type\":\"CommentAction\",\"name\":\"Comment\",\"target\":[\"https:\\\/\\\/mapfelwapfel.com\\\/en\\\/elections-municipales-de-la-ville-de-montreal\\\/#respond\"]}]},{\"@type\":\"WebPage\",\"@id\":\"https:\\\/\\\/mapfelwapfel.com\\\/en\\\/elections-municipales-de-la-ville-de-montreal\\\/\",\"url\":\"https:\\\/\\\/mapfelwapfel.com\\\/en\\\/elections-municipales-de-la-ville-de-montreal\\\/\",\"name\":\"\u00c9lections municipales de la Ville de Montr\u00e9al - Mapfel Wapfel | Annuaire Entreprises Communautaires MonDIAL\",\"isPartOf\":{\"@id\":\"https:\\\/\\\/mapfelwapfel.com\\\/en\\\/#website\"},\"primaryImageOfPage\":{\"@id\":\"https:\\\/\\\/mapfelwapfel.com\\\/en\\\/elections-municipales-de-la-ville-de-montreal\\\/#primaryimage\"},\"image\":{\"@id\":\"https:\\\/\\\/mapfelwapfel.com\\\/en\\\/elections-municipales-de-la-ville-de-montreal\\\/#primaryimage\"},\"thumbnailUrl\":\"https:\\\/\\\/mapfelwapfel.com\\\/wp-content\\\/uploads\\\/2021\\\/11\\\/lections_Montr_al__lections_municipales_des_6_et_7_novembre_202.jpg\",\"datePublished\":\"2021-11-08T03:25:20+00:00\",\"dateModified\":\"2021-11-08T03:25:23+00:00\",\"author\":{\"@id\":\"https:\\\/\\\/mapfelwapfel.com\\\/en\\\/#\\\/schema\\\/person\\\/52fb063976b99b144e798a94a756d9a4\"},\"breadcrumb\":{\"@id\":\"https:\\\/\\\/mapfelwapfel.com\\\/en\\\/elections-municipales-de-la-ville-de-montreal\\\/#breadcrumb\"},\"inLanguage\":\"en-US\",\"potentialAction\":[{\"@type\":\"ReadAction\",\"target\":[\"https:\\\/\\\/mapfelwapfel.com\\\/en\\\/elections-municipales-de-la-ville-de-montreal\\\/\"]}]},{\"@type\":\"ImageObject\",\"inLanguage\":\"en-US\",\"@id\":\"https:\\\/\\\/mapfelwapfel.com\\\/en\\\/elections-municipales-de-la-ville-de-montreal\\\/#primaryimage\",\"url\":\"https:\\\/\\\/mapfelwapfel.com\\\/wp-content\\\/uploads\\\/2021\\\/11\\\/lections_Montr_al__lections_municipales_des_6_et_7_novembre_202.jpg\",\"contentUrl\":\"https:\\\/\\\/mapfelwapfel.com\\\/wp-content\\\/uploads\\\/2021\\\/11\\\/lections_Montr_al__lections_municipales_des_6_et_7_novembre_202.jpg\",\"width\":600,\"height\":315,\"caption\":\"Logo : \u00c9lections Montr\u00e9al (Groupe CNW\\\/\u00c9lections Montr\u00e9al)\"},{\"@type\":\"BreadcrumbList\",\"@id\":\"https:\\\/\\\/mapfelwapfel.com\\\/en\\\/elections-municipales-de-la-ville-de-montreal\\\/#breadcrumb\",\"itemListElement\":[{\"@type\":\"ListItem\",\"position\":1,\"name\":\"Home\",\"item\":\"https:\\\/\\\/mapfelwapfel.com\\\/en\\\/main-home\\\/\"},{\"@type\":\"ListItem\",\"position\":2,\"name\":\"\u00c9lections municipales de la Ville de Montr\u00e9al\"}]},{\"@type\":\"WebSite\",\"@id\":\"https:\\\/\\\/mapfelwapfel.com\\\/en\\\/#website\",\"url\":\"https:\\\/\\\/mapfelwapfel.com\\\/en\\\/\",\"name\":\"Mapfel Wapfel | Annuaire Entreprises Communautaires MonDIAL\",\"description\":\"L&#039;Union Fait La Force \u00b7 Trouvez les meilleurs services pr\u00e8s de chez vous\",\"potentialAction\":[{\"@type\":\"SearchAction\",\"target\":{\"@type\":\"EntryPoint\",\"urlTemplate\":\"https:\\\/\\\/mapfelwapfel.com\\\/en\\\/?s={search_term_string}\"},\"query-input\":{\"@type\":\"PropertyValueSpecification\",\"valueRequired\":true,\"valueName\":\"search_term_string\"}}],\"inLanguage\":\"en-US\"},{\"@type\":\"Person\",\"@id\":\"https:\\\/\\\/mapfelwapfel.com\\\/en\\\/#\\\/schema\\\/person\\\/52fb063976b99b144e798a94a756d9a4\",\"name\":\"DORNEVAL Kingsley\",\"image\":{\"@type\":\"ImageObject\",\"inLanguage\":\"en-US\",\"@id\":\"https:\\\/\\\/secure.gravatar.com\\\/avatar\\\/e5680c6c800b66d934aa06c013e521e8111b068524beb7080ed401d1c024f4e2?s=96&d=retro&r=g\",\"url\":\"https:\\\/\\\/secure.gravatar.com\\\/avatar\\\/e5680c6c800b66d934aa06c013e521e8111b068524beb7080ed401d1c024f4e2?s=96&d=retro&r=g\",\"contentUrl\":\"https:\\\/\\\/secure.gravatar.com\\\/avatar\\\/e5680c6c800b66d934aa06c013e521e8111b068524beb7080ed401d1c024f4e2?s=96&d=retro&r=g\",\"caption\":\"DORNEVAL Kingsley\"},\"sameAs\":[\"http:\\\/\\\/mapfelwapfel.com\"],\"url\":\"https:\\\/\\\/mapfelwapfel.com\\\/en\\\/author\\\/kinsley\\\/\"}]}<\/script>\n<!-- \/ Yoast SEO plugin. -->","yoast_head_json":{"title":"\u00c9lections municipales de la Ville de Montr\u00e9al - Mapfel Wapfel | Annuaire Entreprises Communautaires MonDIAL","robots":{"index":"index","follow":"follow","max-snippet":"max-snippet:-1","max-image-preview":"max-image-preview:large","max-video-preview":"max-video-preview:-1"},"canonical":"https:\/\/mapfelwapfel.com\/en\/elections-municipales-de-la-ville-de-montreal\/","og_locale":"en_US","og_type":"article","og_title":"\u00c9lections municipales de la Ville de Montr\u00e9al - Mapfel Wapfel | Annuaire Entreprises Communautaires MonDIAL","og_description":"Val\u00e9rie Plante obtient un second mandat \u00e0 la t\u00eate de Montr\u00e9al Regardez la soir\u00e9e \u00e9lectorale en direct avec Patrice Roy. Partagez via Facebook (Fen\u00eatre modale)Facebook Partagez via Twitter (Fen\u00eatre modale)Twitter Partagez via LinkedIn (Fen\u00eatre modale)LinkedIn Partagez via Courriel (Fen\u00eatre modale)Courriel Activer l\u2019option d\u2019impression du navigateurImprimer Afficher les commentairesCommentaires J\u00e9r\u00f4me Labb\u00e9 (acc\u00e9der \u00e0 la page de l&#8217;auteur)J\u00e9r\u00f4me Labb\u00e920\u00a0h\u00a000 | Mis\u00a0\u00e0\u00a0jour \u00e0\u00a022\u00a0h\u00a007 [&hellip;]","og_url":"https:\/\/mapfelwapfel.com\/en\/elections-municipales-de-la-ville-de-montreal\/","og_site_name":"Mapfel Wapfel | Annuaire Entreprises Communautaires MonDIAL","article_published_time":"2021-11-08T03:25:20+00:00","article_modified_time":"2021-11-08T03:25:23+00:00","og_image":[{"width":600,"height":315,"url":"https:\/\/mapfelwapfel.com\/wp-content\/uploads\/2021\/11\/lections_Montr_al__lections_municipales_des_6_et_7_novembre_202.jpg","type":"image\/jpeg"}],"author":"DORNEVAL Kingsley","twitter_card":"summary_large_image","twitter_misc":{"Written by":"DORNEVAL Kingsley","Est. reading time":"4 minutes"},"schema":{"@context":"https:\/\/schema.org","@graph":[{"@type":"Article","@id":"https:\/\/mapfelwapfel.com\/en\/elections-municipales-de-la-ville-de-montreal\/#article","isPartOf":{"@id":"https:\/\/mapfelwapfel.com\/en\/elections-municipales-de-la-ville-de-montreal\/"},"author":{"name":"DORNEVAL Kingsley","@id":"https:\/\/mapfelwapfel.com\/en\/#\/schema\/person\/52fb063976b99b144e798a94a756d9a4"},"headline":"\u00c9lections municipales de la Ville de Montr\u00e9al","datePublished":"2021-11-08T03:25:20+00:00","dateModified":"2021-11-08T03:25:23+00:00","mainEntityOfPage":{"@id":"https:\/\/mapfelwapfel.com\/en\/elections-municipales-de-la-ville-de-montreal\/"},"wordCount":822,"commentCount":0,"image":{"@id":"https:\/\/mapfelwapfel.com\/en\/elections-municipales-de-la-ville-de-montreal\/#primaryimage"},"thumbnailUrl":"https:\/\/mapfelwapfel.com\/wp-content\/uploads\/2021\/11\/lections_Montr_al__lections_municipales_des_6_et_7_novembre_202.jpg","keywords":["Actualit\u00e9"],"articleSection":["\u00c0 la une","Actualit\u00e9","Politique"],"inLanguage":"en-US","potentialAction":[{"@type":"CommentAction","name":"Comment","target":["https:\/\/mapfelwapfel.com\/en\/elections-municipales-de-la-ville-de-montreal\/#respond"]}]},{"@type":"WebPage","@id":"https:\/\/mapfelwapfel.com\/en\/elections-municipales-de-la-ville-de-montreal\/","url":"https:\/\/mapfelwapfel.com\/en\/elections-municipales-de-la-ville-de-montreal\/","name":"\u00c9lections municipales de la Ville de Montr\u00e9al - Mapfel Wapfel | Annuaire Entreprises Communautaires MonDIAL","isPartOf":{"@id":"https:\/\/mapfelwapfel.com\/en\/#website"},"primaryImageOfPage":{"@id":"https:\/\/mapfelwapfel.com\/en\/elections-municipales-de-la-ville-de-montreal\/#primaryimage"},"image":{"@id":"https:\/\/mapfelwapfel.com\/en\/elections-municipales-de-la-ville-de-montreal\/#primaryimage"},"thumbnailUrl":"https:\/\/mapfelwapfel.com\/wp-content\/uploads\/2021\/11\/lections_Montr_al__lections_municipales_des_6_et_7_novembre_202.jpg","datePublished":"2021-11-08T03:25:20+00:00","dateModified":"2021-11-08T03:25:23+00:00","author":{"@id":"https:\/\/mapfelwapfel.com\/en\/#\/schema\/person\/52fb063976b99b144e798a94a756d9a4"},"breadcrumb":{"@id":"https:\/\/mapfelwapfel.com\/en\/elections-municipales-de-la-ville-de-montreal\/#breadcrumb"},"inLanguage":"en-US","potentialAction":[{"@type":"ReadAction","target":["https:\/\/mapfelwapfel.com\/en\/elections-municipales-de-la-ville-de-montreal\/"]}]},{"@type":"ImageObject","inLanguage":"en-US","@id":"https:\/\/mapfelwapfel.com\/en\/elections-municipales-de-la-ville-de-montreal\/#primaryimage","url":"https:\/\/mapfelwapfel.com\/wp-content\/uploads\/2021\/11\/lections_Montr_al__lections_municipales_des_6_et_7_novembre_202.jpg","contentUrl":"https:\/\/mapfelwapfel.com\/wp-content\/uploads\/2021\/11\/lections_Montr_al__lections_municipales_des_6_et_7_novembre_202.jpg","width":600,"height":315,"caption":"Logo : \u00c9lections Montr\u00e9al (Groupe CNW\/\u00c9lections Montr\u00e9al)"},{"@type":"BreadcrumbList","@id":"https:\/\/mapfelwapfel.com\/en\/elections-municipales-de-la-ville-de-montreal\/#breadcrumb","itemListElement":[{"@type":"ListItem","position":1,"name":"Home","item":"https:\/\/mapfelwapfel.com\/en\/main-home\/"},{"@type":"ListItem","position":2,"name":"\u00c9lections municipales de la Ville de Montr\u00e9al"}]},{"@type":"WebSite","@id":"https:\/\/mapfelwapfel.com\/en\/#website","url":"https:\/\/mapfelwapfel.com\/en\/","name":"Mapfel Wapfel | Annuaire Entreprises Communautaires MonDIAL","description":"L&#039;Union Fait La Force \u00b7 Trouvez les meilleurs services pr\u00e8s de chez vous","potentialAction":[{"@type":"SearchAction","target":{"@type":"EntryPoint","urlTemplate":"https:\/\/mapfelwapfel.com\/en\/?s={search_term_string}"},"query-input":{"@type":"PropertyValueSpecification","valueRequired":true,"valueName":"search_term_string"}}],"inLanguage":"en-US"},{"@type":"Person","@id":"https:\/\/mapfelwapfel.com\/en\/#\/schema\/person\/52fb063976b99b144e798a94a756d9a4","name":"DORNEVAL Kingsley","image":{"@type":"ImageObject","inLanguage":"en-US","@id":"https:\/\/secure.gravatar.com\/avatar\/e5680c6c800b66d934aa06c013e521e8111b068524beb7080ed401d1c024f4e2?s=96&d=retro&r=g","url":"https:\/\/secure.gravatar.com\/avatar\/e5680c6c800b66d934aa06c013e521e8111b068524beb7080ed401d1c024f4e2?s=96&d=retro&r=g","contentUrl":"https:\/\/secure.gravatar.com\/avatar\/e5680c6c800b66d934aa06c013e521e8111b068524beb7080ed401d1c024f4e2?s=96&d=retro&r=g","caption":"DORNEVAL Kingsley"},"sameAs":["http:\/\/mapfelwapfel.com"],"url":"https:\/\/mapfelwapfel.com\/en\/author\/kinsley\/"}]}},"_links":{"self":[{"href":"https:\/\/mapfelwapfel.com\/en\/wp-json\/wp\/v2\/posts\/10464","targetHints":{"allow":["GET"]}}],"collection":[{"href":"https:\/\/mapfelwapfel.com\/en\/wp-json\/wp\/v2\/posts"}],"about":[{"href":"https:\/\/mapfelwapfel.com\/en\/wp-json\/wp\/v2\/types\/post"}],"author":[{"embeddable":true,"href":"https:\/\/mapfelwapfel.com\/en\/wp-json\/wp\/v2\/users\/3"}],"replies":[{"embeddable":true,"href":"https:\/\/mapfelwapfel.com\/en\/wp-json\/wp\/v2\/comments?post=10464"}],"version-history":[{"count":2,"href":"https:\/\/mapfelwapfel.com\/en\/wp-json\/wp\/v2\/posts\/10464\/revisions"}],"predecessor-version":[{"id":10468,"href":"https:\/\/mapfelwapfel.com\/en\/wp-json\/wp\/v2\/posts\/10464\/revisions\/10468"}],"wp:featuredmedia":[{"embeddable":true,"href":"https:\/\/mapfelwapfel.com\/en\/wp-json\/wp\/v2\/media\/10465"}],"wp:attachment":[{"href":"https:\/\/mapfelwapfel.com\/en\/wp-json\/wp\/v2\/media?parent=10464"}],"wp:term":[{"taxonomy":"category","embeddable":true,"href":"https:\/\/mapfelwapfel.com\/en\/wp-json\/wp\/v2\/categories?post=10464"},{"taxonomy":"post_tag","embeddable":true,"href":"https:\/\/mapfelwapfel.com\/en\/wp-json\/wp\/v2\/tags?post=10464"}],"curies":[{"name":"wp","href":"https:\/\/api.w.org\/{rel}","templated":true}]}}