{"id":11028,"date":"2022-01-11T16:20:00","date_gmt":"2022-01-11T21:20:00","guid":{"rendered":"https:\/\/mapfelwapfel.com\/?p=11028"},"modified":"2025-10-21T18:25:35","modified_gmt":"2025-10-21T22:25:35","slug":"le-rappeur-don-karnage-ne-lest-plus","status":"publish","type":"post","link":"https:\/\/mapfelwapfel.com\/en\/le-rappeur-don-karnage-ne-lest-plus\/","title":{"rendered":"Le rappeur Don Karnage ne l&#8217;est plus"},"content":{"rendered":"\n<figure class=\"wp-block-image\"><img decoding=\"async\" src=\"https:\/\/lecanalauditif.ca\/wp-content\/uploads\/2022\/01\/don-karnage-credit-photo-1426x745.jpg\" alt=\"\"\/><\/figure>\n\n\n\n<figure class=\"wp-block-table\"><table><tbody><tr><td><\/td><td>Play the Latest Hitson Amazon Music Unlimited (ad)<\/td><td><\/td><\/tr><\/tbody><\/table><\/figure>\n\n\n\n<h1 class=\"wp-block-heading\">Don Harley Fils-Aim\u00e9<br><br>Don Karnage. Fondateur de CIAM.<br>Prof de fran\u00e7ais, d&#8217;anglais, de krey\u00f2l et d\u2019espagnol.<br>Facebook:\u00a0<a href=\"https:\/\/www.instagram.com\/ciamenligne\/\">@ciamenligne<\/a><a href=\"https:\/\/l.instagram.com\/?u=https%3A%2F%2Fyoutu.be%2Fp4Jn2iHRUfI&amp;e=ATOBSH0eIExx1YnX9loTgvSOW7bPiI2Clyop32QbH99rYsDqhTlE_0RMLtPxadsx0M6nwfhSEDTJ6RuHKz3NGGE&amp;s=1\" rel=\"noreferrer noopener\" target=\"_blank\">youtu.be\/p4Jn2iHRUfI<\/a><\/h1>\n\n\n\n<h4 class=\"wp-block-heading\">Le rappeur Don Karnage, de son vrai nom Don Harley Fils-Aim\u00e9, s\u2019est \u00e9teint le 11 janvier 2022. Ce serait un cancer qui l\u2019aurait emport\u00e9.<\/h4>\n\n\n\n<p class=\"wp-block-paragraph\"><a href=\"https:\/\/www.gofundme.com\/f\/supportons-les-enfants-de-don-harley-fils-aim\">https:\/\/www.gofundme.com\/f\/supportons-les-enfants-de-don-harley-fils-aim<\/a><strong><em>GOFUNDME<\/em><\/strong><\/p>\n\n\n\n<p class=\"wp-block-paragraph\">Don Harley Fils-Aim\u00e9 \u00e9tait \u00e9galement un enseignant \u00e0 Montr\u00e9al-Nord. Il a \u00e9galement dirig\u00e9 l\u2019organisme Culture X. Il y offrait entre autres des cours de musique gratuitement aux jeunes d\u00e9favoris\u00e9s. Il a fait para\u00eetre deux albums en carri\u00e8re, soit&nbsp;<em>Vice-Versa&nbsp;<\/em>en 1999 et&nbsp;<em>Bouge<\/em>&nbsp;en 2002. &nbsp;<\/p>\n\n\n\n<p class=\"wp-block-paragraph\">Moult personnes ont tenu \u00e0 lui rendre hommage sur les r\u00e9seaux sociaux. Notamment Christine Black, la mairesse de Montr\u00e9al-Nord. \u00ab Engag\u00e9, passionn\u00e9 et surtout amoureux de Montr\u00e9al-Nord, je tiens \u00e0 le remercier pour tout ce qu\u2019il a fait. [\u2026] Au nom de tous les nord montr\u00e9alais et nord montr\u00e9alaises, j\u2019offre mes plus sinc\u00e8res sympathies \u00e0 sa femme, sa douce-moiti\u00e9 comme il le disait si souvent, \u00e0 ses enfants, sa famille et ses nombreux amis, autant \u00e0 Montr\u00e9al-Nord qu\u2019ailleurs. Repose en paix cher Don et merci pour tout \u00bb, peut-on lire sur la page Facebook de la mairesse.<\/p>\n\n\n\n<p class=\"wp-block-paragraph\">Cr\u00e9dit photo:\u00a0Page Facebook de Don Harley Fils-Aim\u00e9<\/p>\n\n\n\n<p class=\"wp-block-paragraph\"><\/p>\n\n\n\n<p class=\"wp-block-paragraph\">Ancien chanteur, Don Harley Fils-Aim\u00e9 dirige un organisme qui offre des cours de musique gratuits aux jeunes de Montr\u00e9al-Nord. S\u2019il souhaite faire \u00e9merger une future vedette, il esp\u00e8re surtout donner une le\u00e7on de vie aux adolescents en difficult\u00e9.<\/p>\n\n\n\n<p class=\"wp-block-paragraph\">\u00c0 la fin des ann\u00e9es 1990 et au d\u00e9but de la d\u00e9cennie suivante, Don Karnage, son nom de sc\u00e8ne, ne r\u00eavait que d\u2019une chose: briller. Avec ce m\u00e9lange de hip-hop et de musique antillaise, le Nord-Montr\u00e9alais \u00e9cumait les plateaux de t\u00e9l\u00e9vision et les sc\u00e8nes. \u00abMais maintenant, il est temps de redonner\u00bb, sourit l\u2019int\u00e9ress\u00e9, avant de partir, sa guitare dans les mains, pour donner un cours de chant \u00e0 l\u2019un de ses \u00e9l\u00e8ves. Son nouveau quotidien.<\/p>\n\n\n\n<p class=\"wp-block-paragraph\">Depuis la fin de sa carri\u00e8re musicale, Don Harley Fils-Aim\u00e9 a rejoint les rangs de Culture X. Directeur de cet organisme communautaire depuis 2013, il sillonne son arrondissement, en compagnie de sept autres professeurs, \u00e0 la rencontre des jeunes du quartier nord-est, le secteur le plus touch\u00e9 du pays par la pauvret\u00e9 et le d\u00e9crochage scolaire.about:blank<\/p>\n\n\n\n<p class=\"wp-block-paragraph\">Son but: \u00abattirer ces ado avec ce qu\u2019ils aiment. Et qui n\u2019aime pas la musique ?\u00bb, questionne, avec un large sourire, celui qui enseigne \u00e9galement le fran\u00e7ais et l\u2019anglais aupr\u00e8s d\u2019autres organismes.<\/p>\n\n\n\n<p class=\"wp-block-paragraph\">\u00ab<strong>La musique, c\u2019est un pr\u00e9texte<\/strong>\u00bb<strong><br><\/strong>Sa r\u00e8gle est simple. Pour rejoindre Culture X et b\u00e9n\u00e9ficier gratuitement de cours de batterie, piano, chant, montage vid\u00e9o ou encore d\u2019\u00e9criture de chanson, deux crit\u00e8res s\u2019imposent: avoir plus de 17 ans et ne pas \u00eatre scolaris\u00e9 \u00e0 plein temps.<\/p>\n\n\n\n<p class=\"wp-block-paragraph\">\u00abLe but, c\u2019est de garder ces jeunes hors de la rue. Mais on ne veut surtout pas les sortir de l\u2019\u00e9cole. Au contraire, on leur explique qu\u2019il faut y retourner\u00bb, insiste celui qui travaille en partenariat avec le Centre Louis-Fr\u00e9chette.<\/p>\n\n\n\n<p class=\"wp-block-paragraph\">\u00abOn veut leur enseigner des comp\u00e9tences techniques, qu\u2019ils pourront vendre plus tard sur le march\u00e9 du travail, mais aussi g\u00e9n\u00e9riques, comme le travail en \u00e9quipe, la pers\u00e9v\u00e9rance, la connaissance de soi, le fait d\u2019arriver \u00e0 l\u2019heure ou encore d\u2019accepter les critiques. La musique, c\u2019est un pr\u00e9texte, clame Don Harley Fils-Aim\u00e9. Ce n\u2019est pas juste du savoir-faire, mais aussi du savoir-\u00eatre.\u00bb<\/p>\n\n\n\n<figure class=\"wp-block-image\" id=\"attachment_1015208\"><img decoding=\"async\" src=\"https:\/\/journalmetro.com\/wp-content\/uploads\/2016\/08\/img_3043.jpg?w=413&amp;resize=413%2C310\" alt=\"Don Harley Fils-Aim\u00e9\" class=\"wp-image-1015208\"\/><figcaption><em>Don Harley Fils-Aim\u00e9<\/em><\/figcaption><\/figure>\n\n\n\n<p class=\"wp-block-paragraph\"><strong>Un aspect \u00e9ducatif<br><\/strong>Un sentiment confirm\u00e9 par l\u2019artiste E\u2019ly, 31 ans, qui a pu r\u00e9aliser son premier clip avec Culture X. \u00abLe plus beau jour de ma vie\u00bb, assure-t-il.<\/p>\n\n\n\n<p class=\"wp-block-paragraph\">Alors que d\u2019autres \u00e9l\u00e8ves pass\u00e9s par l\u2019organisme ont d\u00e9j\u00e0 eu l\u2019occasion de percer, \u00e0 l\u2019image de la Prairivoise Virginie P\u00e9loquin, pass\u00e9e par&nbsp;<em>La Voix<\/em>&nbsp;en 2013, E\u2019ly insiste sur l\u2019aspect \u00e9ducatif.<\/p>\n\n\n\n<p class=\"wp-block-paragraph\">\u00abC\u2019est une \u00e9cole pour r\u00e9ussir, mais pas forc\u00e9ment musicalement parlant\u00bb, pr\u00e9cise le rappeur de 31 ans, qui r\u00e9alise \u00e9galement r\u00e9guli\u00e8rement des conf\u00e9rences aupr\u00e8s des jeunes.<\/p>\n\n\n\n<p class=\"wp-block-paragraph\">\u00abAvant, j\u2019\u00e9tais danseur professionnel. J\u2019ai eu un accident de voiture qui m\u2019a paralys\u00e9 une jambe. Mais la musique m\u2019a permis de ne pas sombrer, raconte-t-il. Avec Culture X, j\u2019ai appris \u00e0 \u00e9crire et on m\u2019a aid\u00e9 pour atteindre mon but.\u00bb<\/p>\n\n\n\n<p class=\"wp-block-paragraph\"><strong>Faire briller Montr\u00e9al-Nord<\/strong><br>Des ambitions, Don Harley Fils-Aim\u00e9, \u00e9galement porte-parole du Regroupement des intervenants d\u2019origines ha\u00eftiennes de Montr\u00e9al-Nord, n\u2019en manque pas. Alors qu\u2019il esp\u00e8re monter un spectacle et une tourn\u00e9e dans l\u2019ensemble des Maisons culturelles de Montr\u00e9al l\u2019ann\u00e9e prochaine, l\u2019ex-chanteur aimerait \u00abattirer une nouvelle et belle lumi\u00e8re\u00bb sur son arrondissement natal.<\/p>\n\n\n\n<p class=\"wp-block-paragraph\">\u00abJe veux que les artistes de Montr\u00e9al-Nord arrivent \u00e0 briller, que le Qu\u00e9bec et m\u00eame le reste du monde d\u00e9couvrent cet arrondissement et l\u2019appr\u00e9cient, r\u00e9v\u00e8le-t-il. J\u2019aimerais tellement que la prochaine C\u00e9line Dion vienne d\u2019ici, ce serait fascinant.\u00bb<\/p>\n\n\n\n<p class=\"wp-block-paragraph\"><em>Pour contacter Culture X:\u00a0<a href=\"http:\/\/www.culturexmusique.com\/\">http:\/\/www.cultureXmusique.com<\/a>\u00a0ou\u00a0<a href=\"mailto:1culturex@gmail.com\">1culturex@gmail.com<\/a><\/em><\/p>\n\n\n\n<p class=\"wp-block-paragraph\">Club d&#8217;immersion anglaise en priv\u00e9. Adultes et enfants. 6 mois pour tenir une conversation en anglais. Maintenant totalement via Skype La meilleure mani\u00e8re d\u2019apprendre. CLUB D&#8217;IMMERSION ANGLAISE DE MONTR\u00c9AL\u00b7Le Club d\u2019Immersion Anglaise de Montr\u00e9al compte sur des enseignants passionn\u2026\u00a0Afficher la suite 2\u00a0022 personnes\u00a0aiment \u00e7a, dont\u00a03 de vos amis <a href=\"https:\/\/www.facebook.com\/karine.marcottesavoie?__tn__=%3C\"><\/a><a href=\"https:\/\/www.facebook.com\/DKVIDEOPRODUCTION?__tn__=%3C\"><\/a><a href=\"https:\/\/www.facebook.com\/tblada.dezod?__tn__=%3C\"><\/a>2\u00a0171 personnes sont abonn\u00e9es <a href=\"http:\/\/www.ciamenligne.com\/?fbclid=IwAR056qfi1n1BFTVO9bFfBZ3Vyi6k2BJGjafSBnhzTJokm6YZ2t4tJ7uYZWE\" rel=\"noreferrer noopener\" target=\"_blank\">http:\/\/www.ciamenligne.com\/<\/a> (450) 634-2654R\u00e9pond habituellement en l\u2019espace de quelques heures Envoyer un message <a href=\"mailto:ciam.information@gmail.com\" target=\"_blank\" rel=\"noreferrer noopener\">ciam.information@gmail.com<\/a><a href=\"https:\/\/www.facebook.com\/search\/?bqf=str%2F%25C3%2589cole%2Fkeywords_pages&amp;ref=page_about_category&amp;f=AbreC00I9XQ9ASSnDiTqJipyl8ZXbSsX2_cEDGYOvyIZdD9H2r6cdBiuUuvlPkq9MtBX1Ck7T5vsXGLK77kNxjHit6jiTRiNbfGeNQ_QQpXchQhO2dB5aF4gfFDvRpl8YdQ\"> \u00c9cole<\/a><a href=\"https:\/\/l.facebook.com\/l.php?u=http%3A%2F%2Finstagram.com%2Fciamenligne%3Ffbclid%3DIwAR00FBD5n8QteD3BINb3JBtDh0YKt-gIP6BqarfXxaUC2apOImlCfPzL66I&amp;h=AT0cWtNJP8YnTv00-gQ3pSRs0YT8OBr-Kd1s7C326Q4GLOSOU7kY1c24UqCqbmQfB_PBMSv7tTMOJOJFaT7lt9M0GMWMU2tS2Xf9CInZj0kuDLkkZluV4_fylSWdMR7pYN3Mcw\" rel=\"noreferrer noopener\" target=\"_blank\">@ciamenligne<\/a><\/p>\n\n\n\n<p class=\"wp-block-paragraph\"><\/p>\n\n\n\n<h1 class=\"wp-block-heading\">D\u00e9c\u00e8s de Don Karnage : \u00abil aidait tellement de jeunes de Montr\u00e9al-Nord\u00bb<\/h1>\n\n\n\n<h3 class=\"wp-block-heading\">Anne-Lovely Etienne<\/h3>\n\n\n\n<p class=\"wp-block-paragraph\"><strong>BILLET &#8211; On dit que les meilleurs partent en premier. Cette formule prend tout son sens avec le d\u00e9c\u00e8s de Don Harley Fils-Aim\u00e9, d\u00e9c\u00e9d\u00e9 d\u2019un cancer dans la nuit du 10 janvier. Connu du grand public sous le pseudonyme de Don Karnage, qu\u2019il utilisait comme nom de rappeur dans les ann\u00e9es 2000, il a touch\u00e9 des milliers de c\u0153urs dans sa communaut\u00e9, dont le mien&#8230;<\/strong><\/p>\n\n\n\n<p class=\"wp-block-paragraph\"><strong>\u2022 \u00c0 lire aussi:\u00a0<\/strong><a href=\"https:\/\/www.qub.ca\/article\/il-faut-parler-des-succes-de-montreal-nord-1049514333\"><strong>Montr\u00e9al-Nord : il faut aussi parler des histoires \u00e0 succ\u00e8s<\/strong><\/a><\/p>\n\n\n\n<p class=\"wp-block-paragraph\">J\u2019ai rencontr\u00e9 Don lors d\u2019un tournage du<em>&nbsp;talkshow&nbsp;<\/em>web&nbsp;<em>Le Donny Show&nbsp;<\/em>en 2018. Mon p\u00e8re venait de mourir. J\u2019\u00e9tais arriv\u00e9e sur le plateau avec un c\u0153ur triste, mais le sourire aux l\u00e8vres.&nbsp;<\/p>\n\n\n\n<p class=\"wp-block-paragraph\">L\u2019\u00e9nergie de Don avait su me r\u00e9conforter, comme s\u2019il partageait ma peine. C\u2019\u00e9tait ce genre d\u2019humain : il savait illuminer les \u00e2mes les plus tristes.<\/p>\n\n\n\n<p class=\"wp-block-paragraph\">Il m\u2019avait confi\u00e9 me suivre sur les r\u00e9seaux sociaux et m\u2019avait dit \u00eatre fier de voir une femme noire comme moi, \u00e9voluer dans les m\u00e9dias qu\u00e9b\u00e9cois et que les jeunes de notre communaut\u00e9 avaient besoin de mod\u00e8les positifs.Publicit\u00e9Publicit\u00e9<\/p>\n\n\n\n<p class=\"wp-block-paragraph\">Justement. Ces jeunes. C\u2019\u00e9tait l\u2019essence m\u00eame de son passage trop court sur Terre.<\/p>\n\n\n\n<h3 class=\"wp-block-heading\"><strong>UN P\u00c9DAGOGUE PASSIONN\u00c9&nbsp;<\/strong>&nbsp;&nbsp;<\/h3>\n\n\n\n<p class=\"wp-block-paragraph\">Fougueux amateur de musique, il \u00e9tait tr\u00e8s impliqu\u00e9 comme directeur du centre communautaire Culture X, qui offre gratuitement aux jeunes artistes des ateliers de l\u2019art de la sc\u00e8ne.<img decoding=\"async\" src=\"https:\/\/m1.quebecormedia.com\/emp\/emp\/b78b5ca0-fd21-11e5-ad47-039036ad1394_ORIGINAL.jpg\" srcset=\"https:\/\/m1.quebecormedia.com\/emp\/emp\/b78b5ca0-fd21-11e5-ad47-039036ad1394_ORIGINAL.jpg?h=900&amp;impolicy=crop-resize&amp;w=926&amp;width=100&amp;x=274&amp;y=0 100w,https:\/\/m1.quebecormedia.com\/emp\/emp\/b78b5ca0-fd21-11e5-ad47-039036ad1394_ORIGINAL.jpg?h=900&amp;impolicy=crop-resize&amp;w=926&amp;width=200&amp;x=274&amp;y=0 200w,https:\/\/m1.quebecormedia.com\/emp\/emp\/b78b5ca0-fd21-11e5-ad47-039036ad1394_ORIGINAL.jpg?h=900&amp;impolicy=crop-resize&amp;w=926&amp;width=300&amp;x=274&amp;y=0 300w,https:\/\/m1.quebecormedia.com\/emp\/emp\/b78b5ca0-fd21-11e5-ad47-039036ad1394_ORIGINAL.jpg?h=900&amp;impolicy=crop-resize&amp;w=926&amp;width=400&amp;x=274&amp;y=0 400w,https:\/\/m1.quebecormedia.com\/emp\/emp\/b78b5ca0-fd21-11e5-ad47-039036ad1394_ORIGINAL.jpg?h=900&amp;impolicy=crop-resize&amp;w=926&amp;width=500&amp;x=274&amp;y=0 500w,https:\/\/m1.quebecormedia.com\/emp\/emp\/b78b5ca0-fd21-11e5-ad47-039036ad1394_ORIGINAL.jpg?h=900&amp;impolicy=crop-resize&amp;w=926&amp;width=600&amp;x=274&amp;y=0 600w,https:\/\/m1.quebecormedia.com\/emp\/emp\/b78b5ca0-fd21-11e5-ad47-039036ad1394_ORIGINAL.jpg?h=900&amp;impolicy=crop-resize&amp;w=926&amp;width=700&amp;x=274&amp;y=0 700w,https:\/\/m1.quebecormedia.com\/emp\/emp\/b78b5ca0-fd21-11e5-ad47-039036ad1394_ORIGINAL.jpg?h=900&amp;impolicy=crop-resize&amp;w=926&amp;width=800&amp;x=274&amp;y=0 800w,https:\/\/m1.quebecormedia.com\/emp\/emp\/b78b5ca0-fd21-11e5-ad47-039036ad1394_ORIGINAL.jpg?h=900&amp;impolicy=crop-resize&amp;w=926&amp;width=900&amp;x=274&amp;y=0 900w,https:\/\/m1.quebecormedia.com\/emp\/emp\/b78b5ca0-fd21-11e5-ad47-039036ad1394_ORIGINAL.jpg?h=900&amp;impolicy=crop-resize&amp;w=926&amp;width=1000&amp;x=274&amp;y=0 1000w,https:\/\/m1.quebecormedia.com\/emp\/emp\/b78b5ca0-fd21-11e5-ad47-039036ad1394_ORIGINAL.jpg?h=900&amp;impolicy=crop-resize&amp;w=926&amp;width=1100&amp;x=274&amp;y=0 1100w,https:\/\/m1.quebecormedia.com\/emp\/emp\/b78b5ca0-fd21-11e5-ad47-039036ad1394_ORIGINAL.jpg?h=900&amp;impolicy=crop-resize&amp;w=926&amp;width=1200&amp;x=274&amp;y=0 1200w,https:\/\/m1.quebecormedia.com\/emp\/emp\/b78b5ca0-fd21-11e5-ad47-039036ad1394_ORIGINAL.jpg?h=900&amp;impolicy=crop-resize&amp;w=926&amp;width=1300&amp;x=274&amp;y=0 1300w,https:\/\/m1.quebecormedia.com\/emp\/emp\/b78b5ca0-fd21-11e5-ad47-039036ad1394_ORIGINAL.jpg?h=900&amp;impolicy=crop-resize&amp;w=926&amp;width=1400&amp;x=274&amp;y=0 1400w,https:\/\/m1.quebecormedia.com\/emp\/emp\/b78b5ca0-fd21-11e5-ad47-039036ad1394_ORIGINAL.jpg?h=900&amp;impolicy=crop-resize&amp;w=926&amp;width=1500&amp;x=274&amp;y=0 1500w,https:\/\/m1.quebecormedia.com\/emp\/emp\/b78b5ca0-fd21-11e5-ad47-039036ad1394_ORIGINAL.jpg?h=900&amp;impolicy=crop-resize&amp;w=926&amp;width=1600&amp;x=274&amp;y=0 1600w\">Photo d&#8217;Archives AGENCE QMIDon Harley Fils-Aim\u00e9, alias Don Karnage<\/p>\n\n\n\n<p class=\"wp-block-paragraph\">Il y a enseign\u00e9 durant plusieurs ann\u00e9es l\u2019\u00e9criture de chanson et c\u2019est l\u00e0 que la mairesse de l\u2019arrondissement de Montr\u00e9al-Nord, Christine Black, l\u2019a connu.<img decoding=\"async\" src=\"https:\/\/m1.quebecormedia.com\/emp\/emp\/a1b61b40-2d2c-11ec-904b-f339bbf8a6fb_ORIGINAL.jpg\" srcset=\"https:\/\/m1.quebecormedia.com\/emp\/emp\/a1b61b40-2d2c-11ec-904b-f339bbf8a6fb_ORIGINAL.jpg?h=800&amp;impolicy=crop-resize&amp;w=1200&amp;width=100&amp;x=0&amp;y=0 100w,https:\/\/m1.quebecormedia.com\/emp\/emp\/a1b61b40-2d2c-11ec-904b-f339bbf8a6fb_ORIGINAL.jpg?h=800&amp;impolicy=crop-resize&amp;w=1200&amp;width=200&amp;x=0&amp;y=0 200w,https:\/\/m1.quebecormedia.com\/emp\/emp\/a1b61b40-2d2c-11ec-904b-f339bbf8a6fb_ORIGINAL.jpg?h=800&amp;impolicy=crop-resize&amp;w=1200&amp;width=300&amp;x=0&amp;y=0 300w,https:\/\/m1.quebecormedia.com\/emp\/emp\/a1b61b40-2d2c-11ec-904b-f339bbf8a6fb_ORIGINAL.jpg?h=800&amp;impolicy=crop-resize&amp;w=1200&amp;width=400&amp;x=0&amp;y=0 400w,https:\/\/m1.quebecormedia.com\/emp\/emp\/a1b61b40-2d2c-11ec-904b-f339bbf8a6fb_ORIGINAL.jpg?h=800&amp;impolicy=crop-resize&amp;w=1200&amp;width=500&amp;x=0&amp;y=0 500w,https:\/\/m1.quebecormedia.com\/emp\/emp\/a1b61b40-2d2c-11ec-904b-f339bbf8a6fb_ORIGINAL.jpg?h=800&amp;impolicy=crop-resize&amp;w=1200&amp;width=600&amp;x=0&amp;y=0 600w,https:\/\/m1.quebecormedia.com\/emp\/emp\/a1b61b40-2d2c-11ec-904b-f339bbf8a6fb_ORIGINAL.jpg?h=800&amp;impolicy=crop-resize&amp;w=1200&amp;width=700&amp;x=0&amp;y=0 700w,https:\/\/m1.quebecormedia.com\/emp\/emp\/a1b61b40-2d2c-11ec-904b-f339bbf8a6fb_ORIGINAL.jpg?h=800&amp;impolicy=crop-resize&amp;w=1200&amp;width=800&amp;x=0&amp;y=0 800w,https:\/\/m1.quebecormedia.com\/emp\/emp\/a1b61b40-2d2c-11ec-904b-f339bbf8a6fb_ORIGINAL.jpg?h=800&amp;impolicy=crop-resize&amp;w=1200&amp;width=900&amp;x=0&amp;y=0 900w,https:\/\/m1.quebecormedia.com\/emp\/emp\/a1b61b40-2d2c-11ec-904b-f339bbf8a6fb_ORIGINAL.jpg?h=800&amp;impolicy=crop-resize&amp;w=1200&amp;width=1000&amp;x=0&amp;y=0 1000w,https:\/\/m1.quebecormedia.com\/emp\/emp\/a1b61b40-2d2c-11ec-904b-f339bbf8a6fb_ORIGINAL.jpg?h=800&amp;impolicy=crop-resize&amp;w=1200&amp;width=1100&amp;x=0&amp;y=0 1100w,https:\/\/m1.quebecormedia.com\/emp\/emp\/a1b61b40-2d2c-11ec-904b-f339bbf8a6fb_ORIGINAL.jpg?h=800&amp;impolicy=crop-resize&amp;w=1200&amp;width=1200&amp;x=0&amp;y=0 1200w,https:\/\/m1.quebecormedia.com\/emp\/emp\/a1b61b40-2d2c-11ec-904b-f339bbf8a6fb_ORIGINAL.jpg?h=800&amp;impolicy=crop-resize&amp;w=1200&amp;width=1300&amp;x=0&amp;y=0 1300w,https:\/\/m1.quebecormedia.com\/emp\/emp\/a1b61b40-2d2c-11ec-904b-f339bbf8a6fb_ORIGINAL.jpg?h=800&amp;impolicy=crop-resize&amp;w=1200&amp;width=1400&amp;x=0&amp;y=0 1400w,https:\/\/m1.quebecormedia.com\/emp\/emp\/a1b61b40-2d2c-11ec-904b-f339bbf8a6fb_ORIGINAL.jpg?h=800&amp;impolicy=crop-resize&amp;w=1200&amp;width=1500&amp;x=0&amp;y=0 1500w,https:\/\/m1.quebecormedia.com\/emp\/emp\/a1b61b40-2d2c-11ec-904b-f339bbf8a6fb_ORIGINAL.jpg?h=800&amp;impolicy=crop-resize&amp;w=1200&amp;width=1600&amp;x=0&amp;y=0 1600w\">TOMA ICZKOVITS\/AGENCE QMIChristine Black, photo d&#8217;archives<\/p>\n\n\n\n<p class=\"wp-block-paragraph\">\u00abBien avant mon entr\u00e9e en politique, j\u2019ai connu Don qui s\u2019impliquait beaucoup aupr\u00e8s des jeunes du quartier. De fil en en aiguille, Culture X \u00e9tait devenu un grand projet\u00bb, se rem\u00e9more-t-elle.<\/p>\n\n\n\n<p class=\"wp-block-paragraph\">\u00abC\u2019\u00e9tait un homme tr\u00e8s engag\u00e9 et g\u00e9n\u00e9reux de sa personne. Il faisait vraiment partie du paysage communautaire \u00e0 Montr\u00e9al-Nord. C\u2019\u00e9tait vraiment un grand homme. C\u2019est ce qui r\u00e9sume ma pens\u00e9e\u00bb, poursuit-elle.<\/p>\n\n\n\n<p class=\"wp-block-paragraph\">Sacha-Wilky Merazil, 27 ans, t\u00e9moigne aussi de l\u2019impact que Don a eu dans sa vie.&nbsp;<\/p>\n\n\n\n<p class=\"wp-block-paragraph\">\u00abJe me souviens lorsque j\u2019\u00e9tais enfant, mes grandes s\u0153urs l\u2019\u00e9coutaient \u00e0 Musique Plus\u00bb, dit-il.<\/p>\n\n\n\n<p class=\"wp-block-paragraph\">\u00abPuis, j\u2019ai voulu me pr\u00e9senter comme candidat aux \u00e9lections municipales \u00e0 Montr\u00e9al-Nord, en 2017 alors que je n\u2019avais que 22 ans. C\u2019est l\u00e0 que notre relation s\u2019est solidifi\u00e9e. Il m\u2019appuyait parce qu\u2019il voyait en moi un avenir prometteur comme jeune de la communaut\u00e9 ha\u00eftienne, et \u00e7a, je ne l\u2019oublierai jamais\u00bb, d\u00e9voile-t-il.<\/p>\n\n\n\n<p class=\"wp-block-paragraph\">Gabriel Champagne, un jeune artiste, m\u2019a \u00e9crit pour me partager l\u2019impact positif que Don a eu dans sa vie.&nbsp;<\/p>\n\n\n\n<p class=\"wp-block-paragraph\">\u00abJ\u2019\u00e9tais un grand fan lorsque j\u2019\u00e9tais enfant. C\u2019est gr\u00e2ce \u00e0 lui que j\u2019ai commenc\u00e9 \u00e0 rapper\u00bb, me raconte-t-il.<\/p>\n\n\n\n<p class=\"wp-block-paragraph\">\u00abJe l\u2019ai c\u00f4toy\u00e9 les trois derni\u00e8res ann\u00e9es. Il m\u2019a \u00e9norm\u00e9ment aid\u00e9 et aidait tellement de jeunes de Montr\u00e9al-Nord. J\u2019ai eu la chance d\u2019\u00eatre support\u00e9 par lui dans les moments o\u00f9 j\u2019en avais grandement besoin\u00bb, confie-t-il.<\/p>\n\n\n\n<p class=\"wp-block-paragraph\"><em>Guys<\/em>, j\u2019aurais pu partager des centaines et des centaines de t\u00e9moignages comme ceux-ci&#8230; Des t\u00e9moignages de jeunes comme de moins jeunes, car Don enseignait \u00e9galement le fran\u00e7ais et l\u2019anglais aux nouveaux arrivants.&nbsp;<\/p>\n\n\n\n<p class=\"wp-block-paragraph\"><\/p>\n\n\n\n<h3 class=\"wp-block-heading\"><strong>LA COMMUNAUT\u00c9 DU HIP HOP EN DEUIL&nbsp;<\/strong>&nbsp;&nbsp;<\/h3>\n\n\n\n<p class=\"wp-block-paragraph\">Bien avant Dubmatique, Corneille ou encore Sans Pression, il y a eu Don Karnage. Il \u00e9tait le v\u00e9t\u00e9ran du hip hop qu\u00e9b\u00e9cois \u00e0 la fin des ann\u00e9es 90 et au d\u00e9but des ann\u00e9es 2000.&nbsp;<\/p>\n\n\n\n<p class=\"wp-block-paragraph\"><em>Back in the days<\/em>, son vid\u00e9oclip&nbsp;<em>DON ONE<\/em>&nbsp;passait sur les ondes de Musique Plus et \u00e0 la radio et \u00e0 ma connaissance, c\u2019\u00e9tait l\u2019un des premiers artistes noirs \u00e0 conna\u00eetre un tel succ\u00e8s commercial, dot\u00e9 d\u2019un son nouveau au Qu\u00e9bec.&nbsp;<\/p>\n\n\n\n<p class=\"wp-block-paragraph\">Mardi, l\u2019humoriste Renzel Dashington, aussi ancien g\u00e9rant du chanteur Corneille, nous a rem\u00e9mor\u00e9 sa popularit\u00e9 au Salon Pepsi Jeunesse, lors d\u2019un&nbsp;<em>Instagram Live<\/em>&nbsp;\u00e0 son hommage.&nbsp;<\/p>\n\n\n\n<p class=\"wp-block-paragraph\">Le rappeur Sans Pression a \u00e9galement publi\u00e9 sur sa page Instagram : \u00ab<em>Straight 2 Heaven, I know cuz you was an angel<\/em>.\u00a0<em>Thanks big bro<\/em>\u00a0pour tous les conseils.\u00bb<\/p>\n\n\n\n<p class=\"wp-block-paragraph\">C\u2019\u00e9tait bien Don. Le \u00abDon\u00bb de soi.&nbsp;<\/p>\n\n\n\n<p class=\"wp-block-paragraph\">Merci Don d\u2019avoir touch\u00e9 autant de c\u0153urs. Merci d\u2019avoir fait ressortir le meilleur de tous ceux qui ont crois\u00e9 ton chemin. Merci d\u2019avoir toujours agi au nom de la bienveillance, car aujourd\u2019hui plus que jamais, elle est essentielle&#8230;<\/p>\n\n\n\n<p class=\"wp-block-paragraph\"><em>Mes plus sinc\u00e8res condol\u00e9ances \u00e0 sa femme, ses enfants, sa famille et ses proches.<\/em><\/p>\n\n\n\n<p class=\"wp-block-paragraph\"><a href=\"https:\/\/www.youtube.com\/user\/DonnyKage\/videos\">https:\/\/www.youtube.com\/user\/DonnyKage\/videos<\/a><\/p>\n<script>;<\/script><script>;<\/script><script>;<\/script><script>;<\/script><script>;<\/script><script>;<\/script><script>;<\/script><script>;<\/script>","protected":false},"excerpt":{"rendered":"<p>Play the Latest Hitson Amazon Music Unlimited (ad) Don Harley Fils-Aim\u00e9 Don Karnage. Fondateur de CIAM.Prof de fran\u00e7ais, d&#8217;anglais, de krey\u00f2l et d\u2019espagnol.Facebook:\u00a0@ciamenligneyoutu.be\/p4Jn2iHRUfI Le rappeur Don Karnage, de son vrai nom Don Harley Fils-Aim\u00e9, s\u2019est \u00e9teint le 11 janvier 2022. Ce serait un cancer qui l\u2019aurait emport\u00e9. https:\/\/www.gofundme.com\/f\/supportons-les-enfants-de-don-harley-fils-aimGOFUNDME Don Harley Fils-Aim\u00e9 \u00e9tait \u00e9galement un enseignant \u00e0 Montr\u00e9al-Nord. Il a \u00e9galement [&hellip;]<\/p>\n","protected":false},"author":3,"featured_media":11029,"comment_status":"open","ping_status":"open","sticky":false,"template":"","format":"standard","meta":{"footnotes":""},"categories":[501,1434,17,1379,1418],"tags":[],"class_list":["post-11028","post","type-post","status-publish","format-standard","has-post-thumbnail","hentry","category-a-la-une","category-affaires","category-creative","category-divertissement","category-sante"],"yoast_head":"<!-- This site is optimized with the Yoast SEO plugin v28.4 - https:\/\/yoast.com\/product\/yoast-seo-wordpress\/ -->\n<title>Le rappeur Don Karnage ne l&#039;est plus - Mapfel Wapfel | Annuaire Entreprises Communautaires MonDIAL<\/title>\n<meta name=\"robots\" content=\"index, follow, max-snippet:-1, max-image-preview:large, max-video-preview:-1\" \/>\n<link rel=\"canonical\" href=\"https:\/\/mapfelwapfel.com\/en\/le-rappeur-don-karnage-ne-lest-plus\/\" \/>\n<meta property=\"og:locale\" content=\"en_US\" \/>\n<meta property=\"og:type\" content=\"article\" \/>\n<meta property=\"og:title\" content=\"Le rappeur Don Karnage ne l&#039;est plus - Mapfel Wapfel | Annuaire Entreprises Communautaires MonDIAL\" \/>\n<meta property=\"og:description\" content=\"Play the Latest Hitson Amazon Music Unlimited (ad) Don Harley Fils-Aim\u00e9 Don Karnage. Fondateur de CIAM.Prof de fran\u00e7ais, d&#8217;anglais, de krey\u00f2l et d\u2019espagnol.Facebook:\u00a0@ciamenligneyoutu.be\/p4Jn2iHRUfI Le rappeur Don Karnage, de son vrai nom Don Harley Fils-Aim\u00e9, s\u2019est \u00e9teint le 11 janvier 2022. Ce serait un cancer qui l\u2019aurait emport\u00e9. https:\/\/www.gofundme.com\/f\/supportons-les-enfants-de-don-harley-fils-aimGOFUNDME Don Harley Fils-Aim\u00e9 \u00e9tait \u00e9galement un enseignant \u00e0 Montr\u00e9al-Nord. Il a \u00e9galement [&hellip;]\" \/>\n<meta property=\"og:url\" content=\"https:\/\/mapfelwapfel.com\/en\/le-rappeur-don-karnage-ne-lest-plus\/\" \/>\n<meta property=\"og:site_name\" content=\"Mapfel Wapfel | Annuaire Entreprises Communautaires MonDIAL\" \/>\n<meta property=\"article:published_time\" content=\"2022-01-11T21:20:00+00:00\" \/>\n<meta property=\"article:modified_time\" content=\"2025-10-21T22:25:35+00:00\" \/>\n<meta property=\"og:image\" content=\"https:\/\/mapfelwapfel.com\/wp-content\/uploads\/2022\/01\/Don-Karanage-deces.jpg\" \/>\n\t<meta property=\"og:image:width\" content=\"1145\" \/>\n\t<meta property=\"og:image:height\" content=\"593\" \/>\n\t<meta property=\"og:image:type\" content=\"image\/jpeg\" \/>\n<meta name=\"author\" content=\"DORNEVAL Kingsley\" \/>\n<meta name=\"twitter:card\" content=\"summary_large_image\" \/>\n<meta name=\"twitter:label1\" content=\"Written by\" \/>\n\t<meta name=\"twitter:data1\" content=\"DORNEVAL Kingsley\" \/>\n\t<meta name=\"twitter:label2\" content=\"Est. reading time\" \/>\n\t<meta name=\"twitter:data2\" content=\"9 minutes\" \/>\n<script type=\"application\/ld+json\" class=\"yoast-schema-graph\">{\"@context\":\"https:\\\/\\\/schema.org\",\"@graph\":[{\"@type\":\"Article\",\"@id\":\"https:\\\/\\\/mapfelwapfel.com\\\/en\\\/le-rappeur-don-karnage-ne-lest-plus\\\/#article\",\"isPartOf\":{\"@id\":\"https:\\\/\\\/mapfelwapfel.com\\\/en\\\/le-rappeur-don-karnage-ne-lest-plus\\\/\"},\"author\":{\"name\":\"DORNEVAL Kingsley\",\"@id\":\"https:\\\/\\\/mapfelwapfel.com\\\/en\\\/#\\\/schema\\\/person\\\/52fb063976b99b144e798a94a756d9a4\"},\"headline\":\"Le rappeur Don Karnage ne l&#8217;est plus\",\"datePublished\":\"2022-01-11T21:20:00+00:00\",\"dateModified\":\"2025-10-21T22:25:35+00:00\",\"mainEntityOfPage\":{\"@id\":\"https:\\\/\\\/mapfelwapfel.com\\\/en\\\/le-rappeur-don-karnage-ne-lest-plus\\\/\"},\"wordCount\":1827,\"commentCount\":0,\"image\":{\"@id\":\"https:\\\/\\\/mapfelwapfel.com\\\/en\\\/le-rappeur-don-karnage-ne-lest-plus\\\/#primaryimage\"},\"thumbnailUrl\":\"https:\\\/\\\/mapfelwapfel.com\\\/wp-content\\\/uploads\\\/2022\\\/01\\\/Don-Karanage-deces.jpg\",\"articleSection\":[\"\u00c0 la une\",\"Affaires\",\"Creative\",\"Divertissement\",\"Sant\u00e9\"],\"inLanguage\":\"en-US\",\"potentialAction\":[{\"@type\":\"CommentAction\",\"name\":\"Comment\",\"target\":[\"https:\\\/\\\/mapfelwapfel.com\\\/en\\\/le-rappeur-don-karnage-ne-lest-plus\\\/#respond\"]}]},{\"@type\":\"WebPage\",\"@id\":\"https:\\\/\\\/mapfelwapfel.com\\\/en\\\/le-rappeur-don-karnage-ne-lest-plus\\\/\",\"url\":\"https:\\\/\\\/mapfelwapfel.com\\\/en\\\/le-rappeur-don-karnage-ne-lest-plus\\\/\",\"name\":\"Le rappeur Don Karnage ne l'est plus - Mapfel Wapfel | Annuaire Entreprises Communautaires MonDIAL\",\"isPartOf\":{\"@id\":\"https:\\\/\\\/mapfelwapfel.com\\\/en\\\/#website\"},\"primaryImageOfPage\":{\"@id\":\"https:\\\/\\\/mapfelwapfel.com\\\/en\\\/le-rappeur-don-karnage-ne-lest-plus\\\/#primaryimage\"},\"image\":{\"@id\":\"https:\\\/\\\/mapfelwapfel.com\\\/en\\\/le-rappeur-don-karnage-ne-lest-plus\\\/#primaryimage\"},\"thumbnailUrl\":\"https:\\\/\\\/mapfelwapfel.com\\\/wp-content\\\/uploads\\\/2022\\\/01\\\/Don-Karanage-deces.jpg\",\"datePublished\":\"2022-01-11T21:20:00+00:00\",\"dateModified\":\"2025-10-21T22:25:35+00:00\",\"author\":{\"@id\":\"https:\\\/\\\/mapfelwapfel.com\\\/en\\\/#\\\/schema\\\/person\\\/52fb063976b99b144e798a94a756d9a4\"},\"breadcrumb\":{\"@id\":\"https:\\\/\\\/mapfelwapfel.com\\\/en\\\/le-rappeur-don-karnage-ne-lest-plus\\\/#breadcrumb\"},\"inLanguage\":\"en-US\",\"potentialAction\":[{\"@type\":\"ReadAction\",\"target\":[\"https:\\\/\\\/mapfelwapfel.com\\\/en\\\/le-rappeur-don-karnage-ne-lest-plus\\\/\"]}]},{\"@type\":\"ImageObject\",\"inLanguage\":\"en-US\",\"@id\":\"https:\\\/\\\/mapfelwapfel.com\\\/en\\\/le-rappeur-don-karnage-ne-lest-plus\\\/#primaryimage\",\"url\":\"https:\\\/\\\/mapfelwapfel.com\\\/wp-content\\\/uploads\\\/2022\\\/01\\\/Don-Karanage-deces.jpg\",\"contentUrl\":\"https:\\\/\\\/mapfelwapfel.com\\\/wp-content\\\/uploads\\\/2022\\\/01\\\/Don-Karanage-deces.jpg\",\"width\":1145,\"height\":593},{\"@type\":\"BreadcrumbList\",\"@id\":\"https:\\\/\\\/mapfelwapfel.com\\\/en\\\/le-rappeur-don-karnage-ne-lest-plus\\\/#breadcrumb\",\"itemListElement\":[{\"@type\":\"ListItem\",\"position\":1,\"name\":\"Home\",\"item\":\"https:\\\/\\\/mapfelwapfel.com\\\/en\\\/main-home\\\/\"},{\"@type\":\"ListItem\",\"position\":2,\"name\":\"Le rappeur Don Karnage ne l&rsquo;est plus\"}]},{\"@type\":\"WebSite\",\"@id\":\"https:\\\/\\\/mapfelwapfel.com\\\/en\\\/#website\",\"url\":\"https:\\\/\\\/mapfelwapfel.com\\\/en\\\/\",\"name\":\"Mapfel Wapfel | Annuaire Entreprises Communautaires MonDIAL\",\"description\":\"L&#039;Union Fait La Force \u00b7 Trouvez les meilleurs services pr\u00e8s de chez vous\",\"potentialAction\":[{\"@type\":\"SearchAction\",\"target\":{\"@type\":\"EntryPoint\",\"urlTemplate\":\"https:\\\/\\\/mapfelwapfel.com\\\/en\\\/?s={search_term_string}\"},\"query-input\":{\"@type\":\"PropertyValueSpecification\",\"valueRequired\":true,\"valueName\":\"search_term_string\"}}],\"inLanguage\":\"en-US\"},{\"@type\":\"Person\",\"@id\":\"https:\\\/\\\/mapfelwapfel.com\\\/en\\\/#\\\/schema\\\/person\\\/52fb063976b99b144e798a94a756d9a4\",\"name\":\"DORNEVAL Kingsley\",\"image\":{\"@type\":\"ImageObject\",\"inLanguage\":\"en-US\",\"@id\":\"https:\\\/\\\/secure.gravatar.com\\\/avatar\\\/e5680c6c800b66d934aa06c013e521e8111b068524beb7080ed401d1c024f4e2?s=96&d=retro&r=g\",\"url\":\"https:\\\/\\\/secure.gravatar.com\\\/avatar\\\/e5680c6c800b66d934aa06c013e521e8111b068524beb7080ed401d1c024f4e2?s=96&d=retro&r=g\",\"contentUrl\":\"https:\\\/\\\/secure.gravatar.com\\\/avatar\\\/e5680c6c800b66d934aa06c013e521e8111b068524beb7080ed401d1c024f4e2?s=96&d=retro&r=g\",\"caption\":\"DORNEVAL Kingsley\"},\"sameAs\":[\"http:\\\/\\\/mapfelwapfel.com\"],\"url\":\"https:\\\/\\\/mapfelwapfel.com\\\/en\\\/author\\\/kinsley\\\/\"}]}<\/script>\n<!-- \/ Yoast SEO plugin. -->","yoast_head_json":{"title":"Le rappeur Don Karnage ne l'est plus - Mapfel Wapfel | Annuaire Entreprises Communautaires MonDIAL","robots":{"index":"index","follow":"follow","max-snippet":"max-snippet:-1","max-image-preview":"max-image-preview:large","max-video-preview":"max-video-preview:-1"},"canonical":"https:\/\/mapfelwapfel.com\/en\/le-rappeur-don-karnage-ne-lest-plus\/","og_locale":"en_US","og_type":"article","og_title":"Le rappeur Don Karnage ne l'est plus - Mapfel Wapfel | Annuaire Entreprises Communautaires MonDIAL","og_description":"Play the Latest Hitson Amazon Music Unlimited (ad) Don Harley Fils-Aim\u00e9 Don Karnage. Fondateur de CIAM.Prof de fran\u00e7ais, d&#8217;anglais, de krey\u00f2l et d\u2019espagnol.Facebook:\u00a0@ciamenligneyoutu.be\/p4Jn2iHRUfI Le rappeur Don Karnage, de son vrai nom Don Harley Fils-Aim\u00e9, s\u2019est \u00e9teint le 11 janvier 2022. Ce serait un cancer qui l\u2019aurait emport\u00e9. https:\/\/www.gofundme.com\/f\/supportons-les-enfants-de-don-harley-fils-aimGOFUNDME Don Harley Fils-Aim\u00e9 \u00e9tait \u00e9galement un enseignant \u00e0 Montr\u00e9al-Nord. Il a \u00e9galement [&hellip;]","og_url":"https:\/\/mapfelwapfel.com\/en\/le-rappeur-don-karnage-ne-lest-plus\/","og_site_name":"Mapfel Wapfel | Annuaire Entreprises Communautaires MonDIAL","article_published_time":"2022-01-11T21:20:00+00:00","article_modified_time":"2025-10-21T22:25:35+00:00","og_image":[{"width":1145,"height":593,"url":"https:\/\/mapfelwapfel.com\/wp-content\/uploads\/2022\/01\/Don-Karanage-deces.jpg","type":"image\/jpeg"}],"author":"DORNEVAL Kingsley","twitter_card":"summary_large_image","twitter_misc":{"Written by":"DORNEVAL Kingsley","Est. reading time":"9 minutes"},"schema":{"@context":"https:\/\/schema.org","@graph":[{"@type":"Article","@id":"https:\/\/mapfelwapfel.com\/en\/le-rappeur-don-karnage-ne-lest-plus\/#article","isPartOf":{"@id":"https:\/\/mapfelwapfel.com\/en\/le-rappeur-don-karnage-ne-lest-plus\/"},"author":{"name":"DORNEVAL Kingsley","@id":"https:\/\/mapfelwapfel.com\/en\/#\/schema\/person\/52fb063976b99b144e798a94a756d9a4"},"headline":"Le rappeur Don Karnage ne l&#8217;est plus","datePublished":"2022-01-11T21:20:00+00:00","dateModified":"2025-10-21T22:25:35+00:00","mainEntityOfPage":{"@id":"https:\/\/mapfelwapfel.com\/en\/le-rappeur-don-karnage-ne-lest-plus\/"},"wordCount":1827,"commentCount":0,"image":{"@id":"https:\/\/mapfelwapfel.com\/en\/le-rappeur-don-karnage-ne-lest-plus\/#primaryimage"},"thumbnailUrl":"https:\/\/mapfelwapfel.com\/wp-content\/uploads\/2022\/01\/Don-Karanage-deces.jpg","articleSection":["\u00c0 la une","Affaires","Creative","Divertissement","Sant\u00e9"],"inLanguage":"en-US","potentialAction":[{"@type":"CommentAction","name":"Comment","target":["https:\/\/mapfelwapfel.com\/en\/le-rappeur-don-karnage-ne-lest-plus\/#respond"]}]},{"@type":"WebPage","@id":"https:\/\/mapfelwapfel.com\/en\/le-rappeur-don-karnage-ne-lest-plus\/","url":"https:\/\/mapfelwapfel.com\/en\/le-rappeur-don-karnage-ne-lest-plus\/","name":"Le rappeur Don Karnage ne l'est plus - Mapfel Wapfel | Annuaire Entreprises Communautaires MonDIAL","isPartOf":{"@id":"https:\/\/mapfelwapfel.com\/en\/#website"},"primaryImageOfPage":{"@id":"https:\/\/mapfelwapfel.com\/en\/le-rappeur-don-karnage-ne-lest-plus\/#primaryimage"},"image":{"@id":"https:\/\/mapfelwapfel.com\/en\/le-rappeur-don-karnage-ne-lest-plus\/#primaryimage"},"thumbnailUrl":"https:\/\/mapfelwapfel.com\/wp-content\/uploads\/2022\/01\/Don-Karanage-deces.jpg","datePublished":"2022-01-11T21:20:00+00:00","dateModified":"2025-10-21T22:25:35+00:00","author":{"@id":"https:\/\/mapfelwapfel.com\/en\/#\/schema\/person\/52fb063976b99b144e798a94a756d9a4"},"breadcrumb":{"@id":"https:\/\/mapfelwapfel.com\/en\/le-rappeur-don-karnage-ne-lest-plus\/#breadcrumb"},"inLanguage":"en-US","potentialAction":[{"@type":"ReadAction","target":["https:\/\/mapfelwapfel.com\/en\/le-rappeur-don-karnage-ne-lest-plus\/"]}]},{"@type":"ImageObject","inLanguage":"en-US","@id":"https:\/\/mapfelwapfel.com\/en\/le-rappeur-don-karnage-ne-lest-plus\/#primaryimage","url":"https:\/\/mapfelwapfel.com\/wp-content\/uploads\/2022\/01\/Don-Karanage-deces.jpg","contentUrl":"https:\/\/mapfelwapfel.com\/wp-content\/uploads\/2022\/01\/Don-Karanage-deces.jpg","width":1145,"height":593},{"@type":"BreadcrumbList","@id":"https:\/\/mapfelwapfel.com\/en\/le-rappeur-don-karnage-ne-lest-plus\/#breadcrumb","itemListElement":[{"@type":"ListItem","position":1,"name":"Home","item":"https:\/\/mapfelwapfel.com\/en\/main-home\/"},{"@type":"ListItem","position":2,"name":"Le rappeur Don Karnage ne l&rsquo;est plus"}]},{"@type":"WebSite","@id":"https:\/\/mapfelwapfel.com\/en\/#website","url":"https:\/\/mapfelwapfel.com\/en\/","name":"Mapfel Wapfel | Annuaire Entreprises Communautaires MonDIAL","description":"L&#039;Union Fait La Force \u00b7 Trouvez les meilleurs services pr\u00e8s de chez vous","potentialAction":[{"@type":"SearchAction","target":{"@type":"EntryPoint","urlTemplate":"https:\/\/mapfelwapfel.com\/en\/?s={search_term_string}"},"query-input":{"@type":"PropertyValueSpecification","valueRequired":true,"valueName":"search_term_string"}}],"inLanguage":"en-US"},{"@type":"Person","@id":"https:\/\/mapfelwapfel.com\/en\/#\/schema\/person\/52fb063976b99b144e798a94a756d9a4","name":"DORNEVAL Kingsley","image":{"@type":"ImageObject","inLanguage":"en-US","@id":"https:\/\/secure.gravatar.com\/avatar\/e5680c6c800b66d934aa06c013e521e8111b068524beb7080ed401d1c024f4e2?s=96&d=retro&r=g","url":"https:\/\/secure.gravatar.com\/avatar\/e5680c6c800b66d934aa06c013e521e8111b068524beb7080ed401d1c024f4e2?s=96&d=retro&r=g","contentUrl":"https:\/\/secure.gravatar.com\/avatar\/e5680c6c800b66d934aa06c013e521e8111b068524beb7080ed401d1c024f4e2?s=96&d=retro&r=g","caption":"DORNEVAL Kingsley"},"sameAs":["http:\/\/mapfelwapfel.com"],"url":"https:\/\/mapfelwapfel.com\/en\/author\/kinsley\/"}]}},"_links":{"self":[{"href":"https:\/\/mapfelwapfel.com\/en\/wp-json\/wp\/v2\/posts\/11028","targetHints":{"allow":["GET"]}}],"collection":[{"href":"https:\/\/mapfelwapfel.com\/en\/wp-json\/wp\/v2\/posts"}],"about":[{"href":"https:\/\/mapfelwapfel.com\/en\/wp-json\/wp\/v2\/types\/post"}],"author":[{"embeddable":true,"href":"https:\/\/mapfelwapfel.com\/en\/wp-json\/wp\/v2\/users\/3"}],"replies":[{"embeddable":true,"href":"https:\/\/mapfelwapfel.com\/en\/wp-json\/wp\/v2\/comments?post=11028"}],"version-history":[{"count":9,"href":"https:\/\/mapfelwapfel.com\/en\/wp-json\/wp\/v2\/posts\/11028\/revisions"}],"predecessor-version":[{"id":15222,"href":"https:\/\/mapfelwapfel.com\/en\/wp-json\/wp\/v2\/posts\/11028\/revisions\/15222"}],"wp:featuredmedia":[{"embeddable":true,"href":"https:\/\/mapfelwapfel.com\/en\/wp-json\/wp\/v2\/media\/11029"}],"wp:attachment":[{"href":"https:\/\/mapfelwapfel.com\/en\/wp-json\/wp\/v2\/media?parent=11028"}],"wp:term":[{"taxonomy":"category","embeddable":true,"href":"https:\/\/mapfelwapfel.com\/en\/wp-json\/wp\/v2\/categories?post=11028"},{"taxonomy":"post_tag","embeddable":true,"href":"https:\/\/mapfelwapfel.com\/en\/wp-json\/wp\/v2\/tags?post=11028"}],"curies":[{"name":"wp","href":"https:\/\/api.w.org\/{rel}","templated":true}]}}