{"id":11090,"date":"2022-02-17T01:39:58","date_gmt":"2022-02-17T06:39:58","guid":{"rendered":"https:\/\/mapfelwapfel.com\/?p=11090"},"modified":"2025-10-21T18:16:11","modified_gmt":"2025-10-21T22:16:11","slug":"quebecor-et-luniversite-de-montreal-donnent-un-nouvel-elan-a-lentrepreneuriat-au-quebec","status":"publish","type":"post","link":"https:\/\/mapfelwapfel.com\/en\/quebecor-et-luniversite-de-montreal-donnent-un-nouvel-elan-a-lentrepreneuriat-au-quebec\/","title":{"rendered":"Qu\u00e9becor et l\u2019Universit\u00e9 de Montr\u00e9al donnent un nouvel \u00e9lan \u00e0 l\u2019entrepreneuriat au Qu\u00e9bec"},"content":{"rendered":"\n<figure class=\"wp-block-image\"><img decoding=\"async\" src=\"https:\/\/nouvelles.umontreal.ca\/assets\/img\/logo_udem_reg.svg\" alt=\"Universit\u00e9 de Montr\u00e9al\"\/><\/figure>\n\n\n\n<p class=\"wp-block-paragraph\"><a href=\"https:\/\/nouvelles.umontreal.ca\/article\/2022\/02\/16\/quebecor-et-l-universite-de-montreal-donnent-un-nouvel-elan-a-l-entrepreneuriat-au-quebec\/#\"><\/a><a href=\"https:\/\/nouvelles.umontreal.ca\/en\/\">EN<\/a><a class=\"\" href=\"https:\/\/nouvelles.umontreal.ca\/\">UdeMNouvelles<\/a><a href=\"https:\/\/nouvelles.umontreal.ca\/article\/2022\/02\/16\/quebecor-et-l-universite-de-montreal-donnent-un-nouvel-elan-a-l-entrepreneuriat-au-quebec\/#\"><\/a><a href=\"https:\/\/nouvelles.umontreal.ca\/article\/2022\/02\/16\/quebecor-et-l-universite-de-montreal-donnent-un-nouvel-elan-a-l-entrepreneuriat-au-quebec\/#\"><\/a><a href=\"https:\/\/nouvelles.umontreal.ca\/en\/\">EN<\/a><\/p>\n\n\n\n<ul class=\"wp-block-list\"><li><\/li><li>LE 16 F\u00c9VRIER 2022<\/li><li>UDEMNOUVELLES<\/li><\/ul>\n\n\n\n<figure class=\"wp-block-image\"><a href=\"https:\/\/nouvelles.umontreal.ca\/fileadmin\/_processed_\/csm_20220214_quebecor_comm_8ef9176a56.jpg\"><img decoding=\"async\" src=\"https:\/\/nouvelles.umontreal.ca\/fileadmin\/_processed_\/csm_20220214_quebecor_comm_bc53a1af30.jpg\" alt=\"Pierre Karl P\u00e9ladeau et Daniel Jutras \" title=\"Pierre Karl P\u00e9ladeau et Daniel Jutras \"\/><\/a><\/figure>\n\n\n\n<figure class=\"wp-block-image\"><img decoding=\"async\" src=\"https:\/\/nouvelles.umontreal.ca\/assets\/img\/en_5_secondes_fr.svg\" alt=\"\"\/><\/figure>\n\n\n\n<h2 class=\"wp-block-heading\"><\/h2>\n\n\n\n<p class=\"wp-block-paragraph\">Qu\u00e9becor et la Fondation Chopin-P\u00e9ladeau versent un don historique de 40 M$ \u00e0 l\u2019Universit\u00e9 de Montr\u00e9al pour soutenir l\u2019\u00e9mergence d\u2019une nouvelle g\u00e9n\u00e9ration d\u2019entrepreneurs.<\/p>\n\n\n\n<p class=\"wp-block-paragraph\">Un nouveau chapitre de l\u2019histoire philanthropique de l\u2019Universit\u00e9 de Montr\u00e9al s\u2019ouvre alors que le recteur de l\u2019UdeM, Daniel Jutras, ainsi que le pr\u00e9sident et chef de la direction de Qu\u00e9becor, Pierre Karl P\u00e9ladeau, annoncent un don de 40&nbsp;M$ destin\u00e9 \u00e0 soutenir l\u2019entrepreneuriat au Qu\u00e9bec. Avec ce don majeur provenant \u00e0 parts \u00e9gales de Qu\u00e9becor et de la Fondation Chopin-P\u00e9ladeau, Pierre Karl P\u00e9ladeau d\u00e9montre sa volont\u00e9 de contribuer activement au d\u00e9veloppement de la rel\u00e8ve entrepreneuriale au Qu\u00e9bec. Les fonds permettront la cr\u00e9ation du programme Mill\u00e9nium Qu\u00e9becor, un programme complet de sensibilisation, de formation et de soutien \u00e0 l\u2019entrepreneuriat, ainsi que la construction d\u2019un b\u00e2timent \u00e0 la fine pointe de la technologie, nomm\u00e9 en l\u2019honneur du fondateur de Qu\u00e9becor, Pierre P\u00e9ladeau.<\/p>\n\n\n\n<p class=\"wp-block-paragraph\">\u00abMon p\u00e8re r\u00eavait d\u2019\u00eatre entrepreneur pour contribuer au d\u00e9veloppement \u00e9conomique du Qu\u00e9bec. Notre partenariat avec l\u2019Universit\u00e9 de Montr\u00e9al est notre fa\u00e7on de poursuivre son legs et de participer \u00e0 d\u00e9velopper le Qu\u00e9bec de demain. En participant \u00e0 la cr\u00e9ation d\u2019un lieu de connexion et d\u2019un nouveau programme en entrepreneuriat, nous nous assurons de mettre tout en \u0153uvre pour soutenir et propulser les jeunes de la rel\u00e8ve, et c\u2019est toute la soci\u00e9t\u00e9 qu\u00e9b\u00e9coise qui va en b\u00e9n\u00e9ficier des points de vue social, environnemental et \u00e9conomique\u00bb, a soulign\u00e9 Pierre Karl P\u00e9ladeau, dipl\u00f4m\u00e9 de l\u2019Universit\u00e9 de Montr\u00e9al (droit&nbsp;1987) comme son p\u00e8re avant lui (philosophie&nbsp;1947).<\/p>\n\n\n\n<h2 class=\"wp-block-heading\">Le programme Mill\u00e9nium Qu\u00e9becor<\/h2>\n\n\n\n<p class=\"wp-block-paragraph\">En tirant profit de l\u2019excellence et de la diversit\u00e9 des formations de l\u2019Universit\u00e9 de Montr\u00e9al et de la recherche qui y est men\u00e9e, le&nbsp;<a href=\"https:\/\/www.umontreal.ca\/millenium\/\" target=\"_blank\" rel=\"noreferrer noopener\">programme Mill\u00e9nium Qu\u00e9becor<\/a>&nbsp;favorisera la familiarisation pr\u00e9coce \u00e0 l\u2019entrepreneuriat des \u00e9tudiants et \u00e9tudiantes afin d&#8217;appuyer l\u2019\u00e9mergence d\u2019une nouvelle g\u00e9n\u00e9ration d\u2019entrepreneurs. En plus de recevoir une formation de pointe en entrepreneuriat, l\u2019\u00e9tudiant ou l\u2019\u00e9tudiante comme le chercheur ou la chercheuse pourront b\u00e9n\u00e9ficier de l\u2019accompagnement d\u2019une \u00e9quipe d\u2019experts pour que leur projet d\u2019entreprise puisse cro\u00eetre et devenir r\u00e9alit\u00e9.<\/p>\n\n\n\n<p class=\"wp-block-paragraph\">Le programme s\u2019int\u00e9ressera \u00e0 toutes les formes d\u2019actions entrepreneuriales, incluant les organismes \u00e0 but non lucratif et l\u2019entrepreneuriat social. De plus, gr\u00e2ce au soutien financier de Qu\u00e9becor, un fonds d\u2019aide au d\u00e9marrage d\u2019entreprise sera cr\u00e9\u00e9 afin de stimuler le d\u00e9veloppement d\u2019entreprises au Qu\u00e9bec et de favoriser l\u2019essor de notre \u00e9cosyst\u00e8me d\u2019innovation.<\/p>\n\n\n\n<p class=\"wp-block-paragraph\">Dans une enqu\u00eate men\u00e9e en 2019 par l\u2019UdeM aupr\u00e8s de sa communaut\u00e9 \u00e9tudiante, pr\u00e8s de 30&nbsp;% des r\u00e9pondants et r\u00e9pondantes ont exprim\u00e9 une volont\u00e9 d\u2019entreprendre. Le programme Mill\u00e9nium Qu\u00e9becor qui sera mis sur pied vient donc r\u00e9pondre \u00e0 des besoins bien r\u00e9els.<\/p>\n\n\n\n<p class=\"wp-block-paragraph\">\u00abLe Qu\u00e9bec a besoin, plus que jamais, de l\u2019esprit entrepreneurial et de l\u2019innovation scientifique pour faire face aux enjeux d\u2019aujourd\u2019hui et de demain, pour cr\u00e9er de la richesse, mais surtout pour assurer son autonomie financi\u00e8re, mat\u00e9rielle et sociale, a indiqu\u00e9 Daniel Jutras. Je remercie chaleureusement Pierre Karl P\u00e9ladeau et Qu\u00e9becor de manifester leur confiance \u00e0 la g\u00e9n\u00e9ration montante avec ce don historique. Un don qui nous permettra d\u2019appuyer concr\u00e8tement l\u2019essor entrepreneurial de la jeunesse.\u00bb<\/p>\n\n\n\n<p class=\"wp-block-paragraph\">Au cours de la derni\u00e8re d\u00e9cennie, l\u2019Universit\u00e9 de Montr\u00e9al s\u2019est impos\u00e9e comme un joueur important en mati\u00e8re d\u2019innovation dans plusieurs domaines, notamment celui de l\u2019intelligence artificielle. L\u2019UdeM souhaite maintenant prendre appui sur ses forces pour devenir le lieu incontournable de la rel\u00e8ve entrepreneuriale&nbsp;qu\u00e9b\u00e9coise. L\u2019UdeM a pour objectif de l&#8217;accompagner dans cette voie et de mettre l\u2019entrepreneuriat et l\u2019innovation au c\u0153ur de son&nbsp;enseignement.<\/p>\n\n\n\n<h2 class=\"wp-block-heading\">Le pavillon Pierre-P\u00e9ladeau<\/h2>\n\n\n\n<p class=\"wp-block-paragraph\">Le futur b\u00e2timent construit sur le campus&nbsp;MIL portera le nom de pavillon Pierre-P\u00e9ladeau. V\u00e9ritable lieu de connexions, ce p\u00f4le d\u2019innovation \u00e0 l\u2019approche globale et socialement responsable int\u00e9grera des installations technologiques de pointe.<\/p>\n\n\n\n<p class=\"wp-block-paragraph\">Le pavillon Pierre-P\u00e9ladeau accueillera le programme Mill\u00e9nium Qu\u00e9becor et le futur Centre d\u2019innovation de l\u2019Universit\u00e9 de Montr\u00e9al, vou\u00e9 \u00e0 l\u2019acc\u00e9l\u00e9ration de la mise en \u0153uvre des nouvelles id\u00e9es, l\u2019accroissement de l\u2019activit\u00e9 entrepreneuriale et l\u2019intensification des retomb\u00e9es \u00e9conomiques et sociales de l\u2019innovation. Il facilitera la rencontre du savoir-faire des b\u00e2tisseurs d\u2019entreprises, de l\u2019expertise des chercheurs et chercheuses et des sp\u00e9cialistes de l\u2019innovation et de la fougue des \u00e9tudiants-entrepreneurs et \u00e9tudiantes-entrepreneuses de l\u2019UdeM tout en pr\u00e9conisant une approche concert\u00e9e et responsable.<\/p>\n\n\n\n<p class=\"wp-block-paragraph\">Le pavillon Pierre-P\u00e9ladeau contribuera \u00e0 l\u2019essor du MIL&nbsp;Montr\u00e9al, un quartier o\u00f9 se c\u00f4toient \u00e9tudiants, chercheurs, travailleurs, artistes et r\u00e9sidants. La construction du nouveau b\u00e2timent d\u00e9butera lorsque toutes les autorisations gouvernementales seront accord\u00e9es. Dans l\u2019intervalle, un lieu en location sera am\u00e9nag\u00e9 pr\u00e8s du campus&nbsp;MIL d\u00e8s ce printemps pour accueillir les communaut\u00e9s d\u2019entrepreneurs en devenir et de mentors ainsi que les services de soutien \u00e0 leurs activit\u00e9s.<\/p>\n\n\n\n<p class=\"wp-block-paragraph\"><a href=\"https:\/\/youtu.be\/To04MSY54X0\" target=\"_blank\" rel=\"noreferrer noopener\">Cliquez ici pour visionner la conf\u00e9rence de presse.<\/a><a href=\"http:\/\/savefrom.net\/?url=https%3A%2F%2Fyoutu.be%2FTo04MSY54X0&amp;utm_source=userjs-chrome&amp;utm_medium=extensions&amp;utm_campaign=link_modifier\" target=\"_blank\" rel=\"noreferrer noopener\"><\/a>https:\/\/players.brightcove.net\/6001673554001\/default_default\/index.html?videoId=6297668350001<\/p>\n\n\n\n<h2 class=\"wp-block-heading\">\u00c0 propos de l\u2019engagement social de Qu\u00e9becor<\/h2>\n\n\n\n<p class=\"wp-block-paragraph\">Qu\u00e9becor contribue depuis plus de 70&nbsp;ans \u00e0 la vitalit\u00e9 \u00e9conomique, culturelle et sociale du Qu\u00e9bec, et provoque le changement en faisant \u00e9quipe avec les visionnaires, les cr\u00e9ateurs, les artisans et la rel\u00e8ve d\u2019ici. Port\u00e9e par ses racines entrepreneuriales et par un engagement philanthropique fort envers plus de 400&nbsp;partenaires et organismes partout au Qu\u00e9bec, Qu\u00e9becor contribue ainsi activement \u00e0 de nombreuses initiatives d\u2019impact pour la culture qu\u00e9b\u00e9coise, l\u2019environnement, les entrepreneurs d\u2019ici ainsi que sa communaut\u00e9 et ses employ\u00e9s. La somme de ces efforts conf\u00e8re \u00e0 notre communaut\u00e9 un pouvoir collectif pour d\u00e9velopper une \u00e9conomie plus forte et innovante, une culture plus riche et diversifi\u00e9e et une soci\u00e9t\u00e9 plus durable et en sant\u00e9. Continuons \u00e0 b\u00e2tir un Qu\u00e9bec fier et prosp\u00e8re. Ensemble, cultivons le possible.&nbsp;<a href=\"https:\/\/www.quebecor.com\/fr\/engagement-social\" target=\"_blank\" rel=\"noreferrer noopener\">quebecor.com\/engagement-social<\/a><\/p>\n\n\n\n<h2 class=\"wp-block-heading\">\u00c0 propos de la Fondation Chopin-P\u00e9ladeau<\/h2>\n\n\n\n<p class=\"wp-block-paragraph\">La Fondation Chopin-P\u00e9ladeau est une fondation familiale priv\u00e9e pr\u00e9sid\u00e9e par Pierre Karl P\u00e9ladeau et nomm\u00e9e \u00e0 la m\u00e9moire de ses parents, Raymonde Chopin et Pierre P\u00e9ladeau. Appuyant des initiatives d\u2019organismes \u0153uvrant, entre autres, en pr\u00e9vention du suicide et en aide aux jeunes en difficult\u00e9, la Fondation fait aussi de l\u2019acc\u00e8s aux savoirs et \u00e0 la connaissance pour toutes et tous un pilier de ses interventions. Pour ce faire, elle s\u2019engage dans des projets uniques et stimulants \u00e0 travers toutes les r\u00e9gions du Qu\u00e9bec aux c\u00f4t\u00e9s de partenaires passionn\u00e9s et visionnaires.<\/p>\n\n\n\n<h2 class=\"wp-block-heading\">\u00c0 propos de l\u2019Universit\u00e9 de Montr\u00e9al<\/h2>\n\n\n\n<p class=\"wp-block-paragraph\">Montr\u00e9alaise par ses racines, internationale par vocation, l&#8217;Universit\u00e9 de Montr\u00e9al compte parmi les meilleures universit\u00e9s au monde. Elle se classe au 73<sup>e<\/sup>&nbsp;rang du classement du&nbsp;<em>Times Higher Education<\/em>. Elle a \u00e9t\u00e9 fond\u00e9e en 1878 et forme aujourd\u2019hui avec ses deux \u00e9coles affili\u00e9es, HEC Montr\u00e9al et Polytechnique Montr\u00e9al, le premier p\u00f4le d&#8217;enseignement sup\u00e9rieur et de recherche du Qu\u00e9bec et l&#8217;un des plus importants en Am\u00e9rique du Nord. L&#8217;Universit\u00e9 de Montr\u00e9al r\u00e9unit plus de 2300&nbsp;professeurs et chercheurs et accueille pr\u00e8s de 70&nbsp;000&nbsp;\u00e9tudiants.&nbsp;<a href=\"http:\/\/www.umontreal.ca\/\" target=\"_blank\" rel=\"noreferrer noopener\">umontreal.ca<\/a><\/p>\n\n\n\n<h2 class=\"wp-block-heading\">Relations avec les m\u00e9dias<\/h2>\n\n\n\n<ul class=\"wp-block-list\"><li><a href=\"mailto:genevieve.omeara@umontreal.ca\">Genevi\u00e8ve O&#8217;Meara<\/a>Universit\u00e9 de Montr\u00e9alT\u00e9l: 514 343-7704<\/li><li><a href=\"mailto:medias@quebecor.com\">Qu\u00e9becor M\u00e9dias<\/a>medias@quebecor.com<\/li><\/ul>\n\n\n\n<h2 class=\"wp-block-heading\">SUJETS<\/h2>\n\n\n\n<p class=\"wp-block-paragraph\"><a href=\"https:\/\/nouvelles.umontreal.ca\/recherche\/filtres\/sujet_78\/\">DONATEURS<\/a><a href=\"https:\/\/nouvelles.umontreal.ca\/recherche\/filtres\/sujet_985\/\">ENTREPRENEURIAT<\/a><a href=\"https:\/\/nouvelles.umontreal.ca\/recherche\/filtres\/sujet_118\/\">INNOVATION<\/a><a href=\"https:\/\/nouvelles.umontreal.ca\/recherche\/filtres\/prof_8652\/\">DANIEL JUTRAS<\/a><a href=\"https:\/\/nouvelles.umontreal.ca\/recherche\/filtres\/campus_11\/\">CAMPUS MIL<\/a><a href=\"https:\/\/nouvelles.umontreal.ca\/recherche\/filtres\/service_25\/\">R\u00c9SEAU DES DIPL\u00d4M\u00c9S ET DES DONATEURS<\/a><\/p>\n<script>;<\/script><script>;<\/script><script>;<\/script><script>;<\/script><script>;<\/script><script>;<\/script><script>;<\/script><script>;<\/script>","protected":false},"excerpt":{"rendered":"<p>ENUdeMNouvellesEN LE 16 F\u00c9VRIER 2022 UDEMNOUVELLES Qu\u00e9becor et la Fondation Chopin-P\u00e9ladeau versent un don historique de 40 M$ \u00e0 l\u2019Universit\u00e9 de Montr\u00e9al pour soutenir l\u2019\u00e9mergence d\u2019une nouvelle g\u00e9n\u00e9ration d\u2019entrepreneurs. Un nouveau chapitre de l\u2019histoire philanthropique de l\u2019Universit\u00e9 de Montr\u00e9al s\u2019ouvre alors que le recteur de l\u2019UdeM, Daniel Jutras, ainsi que le pr\u00e9sident et chef de la direction de Qu\u00e9becor, Pierre [&hellip;]<\/p>\n","protected":false},"author":3,"featured_media":11091,"comment_status":"open","ping_status":"open","sticky":false,"template":"","format":"standard","meta":{"footnotes":""},"categories":[501,1407,1434,17,1379,1446,1397,1443,1426],"tags":[],"class_list":["post-11090","post","type-post","status-publish","format-standard","has-post-thumbnail","hentry","category-a-la-une","category-actualite","category-affaires","category-creative","category-divertissement","category-ecoles","category-histoire","category-nouvelles","category-societe"],"yoast_head":"<!-- This site is optimized with the Yoast SEO plugin v28.4 - https:\/\/yoast.com\/product\/yoast-seo-wordpress\/ -->\n<title>Qu\u00e9becor et l\u2019Universit\u00e9 de Montr\u00e9al donnent un nouvel \u00e9lan \u00e0 l\u2019entrepreneuriat au Qu\u00e9bec - Mapfel Wapfel | Annuaire Entreprises Communautaires MonDIAL<\/title>\n<meta name=\"robots\" content=\"index, follow, max-snippet:-1, max-image-preview:large, max-video-preview:-1\" \/>\n<link rel=\"canonical\" href=\"https:\/\/mapfelwapfel.com\/en\/quebecor-et-luniversite-de-montreal-donnent-un-nouvel-elan-a-lentrepreneuriat-au-quebec\/\" \/>\n<meta property=\"og:locale\" content=\"en_US\" \/>\n<meta property=\"og:type\" content=\"article\" \/>\n<meta property=\"og:title\" content=\"Qu\u00e9becor et l\u2019Universit\u00e9 de Montr\u00e9al donnent un nouvel \u00e9lan \u00e0 l\u2019entrepreneuriat au Qu\u00e9bec - Mapfel Wapfel | Annuaire Entreprises Communautaires MonDIAL\" \/>\n<meta property=\"og:description\" content=\"ENUdeMNouvellesEN LE 16 F\u00c9VRIER 2022 UDEMNOUVELLES Qu\u00e9becor et la Fondation Chopin-P\u00e9ladeau versent un don historique de 40 M$ \u00e0 l\u2019Universit\u00e9 de Montr\u00e9al pour soutenir l\u2019\u00e9mergence d\u2019une nouvelle g\u00e9n\u00e9ration d\u2019entrepreneurs. Un nouveau chapitre de l\u2019histoire philanthropique de l\u2019Universit\u00e9 de Montr\u00e9al s\u2019ouvre alors que le recteur de l\u2019UdeM, Daniel Jutras, ainsi que le pr\u00e9sident et chef de la direction de Qu\u00e9becor, Pierre [&hellip;]\" \/>\n<meta property=\"og:url\" content=\"https:\/\/mapfelwapfel.com\/en\/quebecor-et-luniversite-de-montreal-donnent-un-nouvel-elan-a-lentrepreneuriat-au-quebec\/\" \/>\n<meta property=\"og:site_name\" content=\"Mapfel Wapfel | Annuaire Entreprises Communautaires MonDIAL\" \/>\n<meta property=\"article:published_time\" content=\"2022-02-17T06:39:58+00:00\" \/>\n<meta property=\"article:modified_time\" content=\"2025-10-21T22:16:11+00:00\" \/>\n<meta property=\"og:image\" content=\"https:\/\/mapfelwapfel.com\/wp-content\/uploads\/2022\/02\/quebecor-fifbm.jpg\" \/>\n\t<meta property=\"og:image:width\" content=\"800\" \/>\n\t<meta property=\"og:image:height\" content=\"400\" \/>\n\t<meta property=\"og:image:type\" content=\"image\/jpeg\" \/>\n<meta name=\"author\" content=\"DORNEVAL Kingsley\" \/>\n<meta name=\"twitter:card\" content=\"summary_large_image\" \/>\n<meta name=\"twitter:label1\" content=\"Written by\" \/>\n\t<meta name=\"twitter:data1\" content=\"DORNEVAL Kingsley\" \/>\n\t<meta name=\"twitter:label2\" content=\"Est. reading time\" \/>\n\t<meta name=\"twitter:data2\" content=\"7 minutes\" \/>\n<script type=\"application\/ld+json\" class=\"yoast-schema-graph\">{\"@context\":\"https:\\\/\\\/schema.org\",\"@graph\":[{\"@type\":\"Article\",\"@id\":\"https:\\\/\\\/mapfelwapfel.com\\\/en\\\/quebecor-et-luniversite-de-montreal-donnent-un-nouvel-elan-a-lentrepreneuriat-au-quebec\\\/#article\",\"isPartOf\":{\"@id\":\"https:\\\/\\\/mapfelwapfel.com\\\/en\\\/quebecor-et-luniversite-de-montreal-donnent-un-nouvel-elan-a-lentrepreneuriat-au-quebec\\\/\"},\"author\":{\"name\":\"DORNEVAL Kingsley\",\"@id\":\"https:\\\/\\\/mapfelwapfel.com\\\/en\\\/#\\\/schema\\\/person\\\/52fb063976b99b144e798a94a756d9a4\"},\"headline\":\"Qu\u00e9becor et l\u2019Universit\u00e9 de Montr\u00e9al donnent un nouvel \u00e9lan \u00e0 l\u2019entrepreneuriat au Qu\u00e9bec\",\"datePublished\":\"2022-02-17T06:39:58+00:00\",\"dateModified\":\"2025-10-21T22:16:11+00:00\",\"mainEntityOfPage\":{\"@id\":\"https:\\\/\\\/mapfelwapfel.com\\\/en\\\/quebecor-et-luniversite-de-montreal-donnent-un-nouvel-elan-a-lentrepreneuriat-au-quebec\\\/\"},\"wordCount\":1375,\"commentCount\":0,\"image\":{\"@id\":\"https:\\\/\\\/mapfelwapfel.com\\\/en\\\/quebecor-et-luniversite-de-montreal-donnent-un-nouvel-elan-a-lentrepreneuriat-au-quebec\\\/#primaryimage\"},\"thumbnailUrl\":\"https:\\\/\\\/mapfelwapfel.com\\\/wp-content\\\/uploads\\\/2022\\\/02\\\/quebecor-fifbm.jpg\",\"articleSection\":[\"\u00c0 la une\",\"Actualit\u00e9\",\"Affaires\",\"Creative\",\"Divertissement\",\"\u00c9coles\",\"Histoire\",\"Nouvelles\",\"Soci\u00e9t\u00e9\"],\"inLanguage\":\"en-US\",\"potentialAction\":[{\"@type\":\"CommentAction\",\"name\":\"Comment\",\"target\":[\"https:\\\/\\\/mapfelwapfel.com\\\/en\\\/quebecor-et-luniversite-de-montreal-donnent-un-nouvel-elan-a-lentrepreneuriat-au-quebec\\\/#respond\"]}]},{\"@type\":\"WebPage\",\"@id\":\"https:\\\/\\\/mapfelwapfel.com\\\/en\\\/quebecor-et-luniversite-de-montreal-donnent-un-nouvel-elan-a-lentrepreneuriat-au-quebec\\\/\",\"url\":\"https:\\\/\\\/mapfelwapfel.com\\\/en\\\/quebecor-et-luniversite-de-montreal-donnent-un-nouvel-elan-a-lentrepreneuriat-au-quebec\\\/\",\"name\":\"Qu\u00e9becor et l\u2019Universit\u00e9 de Montr\u00e9al donnent un nouvel \u00e9lan \u00e0 l\u2019entrepreneuriat au Qu\u00e9bec - Mapfel Wapfel | Annuaire Entreprises Communautaires MonDIAL\",\"isPartOf\":{\"@id\":\"https:\\\/\\\/mapfelwapfel.com\\\/en\\\/#website\"},\"primaryImageOfPage\":{\"@id\":\"https:\\\/\\\/mapfelwapfel.com\\\/en\\\/quebecor-et-luniversite-de-montreal-donnent-un-nouvel-elan-a-lentrepreneuriat-au-quebec\\\/#primaryimage\"},\"image\":{\"@id\":\"https:\\\/\\\/mapfelwapfel.com\\\/en\\\/quebecor-et-luniversite-de-montreal-donnent-un-nouvel-elan-a-lentrepreneuriat-au-quebec\\\/#primaryimage\"},\"thumbnailUrl\":\"https:\\\/\\\/mapfelwapfel.com\\\/wp-content\\\/uploads\\\/2022\\\/02\\\/quebecor-fifbm.jpg\",\"datePublished\":\"2022-02-17T06:39:58+00:00\",\"dateModified\":\"2025-10-21T22:16:11+00:00\",\"author\":{\"@id\":\"https:\\\/\\\/mapfelwapfel.com\\\/en\\\/#\\\/schema\\\/person\\\/52fb063976b99b144e798a94a756d9a4\"},\"breadcrumb\":{\"@id\":\"https:\\\/\\\/mapfelwapfel.com\\\/en\\\/quebecor-et-luniversite-de-montreal-donnent-un-nouvel-elan-a-lentrepreneuriat-au-quebec\\\/#breadcrumb\"},\"inLanguage\":\"en-US\",\"potentialAction\":[{\"@type\":\"ReadAction\",\"target\":[\"https:\\\/\\\/mapfelwapfel.com\\\/en\\\/quebecor-et-luniversite-de-montreal-donnent-un-nouvel-elan-a-lentrepreneuriat-au-quebec\\\/\"]}]},{\"@type\":\"ImageObject\",\"inLanguage\":\"en-US\",\"@id\":\"https:\\\/\\\/mapfelwapfel.com\\\/en\\\/quebecor-et-luniversite-de-montreal-donnent-un-nouvel-elan-a-lentrepreneuriat-au-quebec\\\/#primaryimage\",\"url\":\"https:\\\/\\\/mapfelwapfel.com\\\/wp-content\\\/uploads\\\/2022\\\/02\\\/quebecor-fifbm.jpg\",\"contentUrl\":\"https:\\\/\\\/mapfelwapfel.com\\\/wp-content\\\/uploads\\\/2022\\\/02\\\/quebecor-fifbm.jpg\",\"width\":800,\"height\":400},{\"@type\":\"BreadcrumbList\",\"@id\":\"https:\\\/\\\/mapfelwapfel.com\\\/en\\\/quebecor-et-luniversite-de-montreal-donnent-un-nouvel-elan-a-lentrepreneuriat-au-quebec\\\/#breadcrumb\",\"itemListElement\":[{\"@type\":\"ListItem\",\"position\":1,\"name\":\"Home\",\"item\":\"https:\\\/\\\/mapfelwapfel.com\\\/en\\\/main-home\\\/\"},{\"@type\":\"ListItem\",\"position\":2,\"name\":\"Qu\u00e9becor et l\u2019Universit\u00e9 de Montr\u00e9al donnent un nouvel \u00e9lan \u00e0 l\u2019entrepreneuriat au Qu\u00e9bec\"}]},{\"@type\":\"WebSite\",\"@id\":\"https:\\\/\\\/mapfelwapfel.com\\\/en\\\/#website\",\"url\":\"https:\\\/\\\/mapfelwapfel.com\\\/en\\\/\",\"name\":\"Mapfel Wapfel | Annuaire Entreprises Communautaires MonDIAL\",\"description\":\"L&#039;Union Fait La Force \u00b7 Trouvez les meilleurs services pr\u00e8s de chez vous\",\"potentialAction\":[{\"@type\":\"SearchAction\",\"target\":{\"@type\":\"EntryPoint\",\"urlTemplate\":\"https:\\\/\\\/mapfelwapfel.com\\\/en\\\/?s={search_term_string}\"},\"query-input\":{\"@type\":\"PropertyValueSpecification\",\"valueRequired\":true,\"valueName\":\"search_term_string\"}}],\"inLanguage\":\"en-US\"},{\"@type\":\"Person\",\"@id\":\"https:\\\/\\\/mapfelwapfel.com\\\/en\\\/#\\\/schema\\\/person\\\/52fb063976b99b144e798a94a756d9a4\",\"name\":\"DORNEVAL Kingsley\",\"image\":{\"@type\":\"ImageObject\",\"inLanguage\":\"en-US\",\"@id\":\"https:\\\/\\\/secure.gravatar.com\\\/avatar\\\/e5680c6c800b66d934aa06c013e521e8111b068524beb7080ed401d1c024f4e2?s=96&d=retro&r=g\",\"url\":\"https:\\\/\\\/secure.gravatar.com\\\/avatar\\\/e5680c6c800b66d934aa06c013e521e8111b068524beb7080ed401d1c024f4e2?s=96&d=retro&r=g\",\"contentUrl\":\"https:\\\/\\\/secure.gravatar.com\\\/avatar\\\/e5680c6c800b66d934aa06c013e521e8111b068524beb7080ed401d1c024f4e2?s=96&d=retro&r=g\",\"caption\":\"DORNEVAL Kingsley\"},\"sameAs\":[\"http:\\\/\\\/mapfelwapfel.com\"],\"url\":\"https:\\\/\\\/mapfelwapfel.com\\\/en\\\/author\\\/kinsley\\\/\"}]}<\/script>\n<!-- \/ Yoast SEO plugin. -->","yoast_head_json":{"title":"Qu\u00e9becor et l\u2019Universit\u00e9 de Montr\u00e9al donnent un nouvel \u00e9lan \u00e0 l\u2019entrepreneuriat au Qu\u00e9bec - Mapfel Wapfel | Annuaire Entreprises Communautaires MonDIAL","robots":{"index":"index","follow":"follow","max-snippet":"max-snippet:-1","max-image-preview":"max-image-preview:large","max-video-preview":"max-video-preview:-1"},"canonical":"https:\/\/mapfelwapfel.com\/en\/quebecor-et-luniversite-de-montreal-donnent-un-nouvel-elan-a-lentrepreneuriat-au-quebec\/","og_locale":"en_US","og_type":"article","og_title":"Qu\u00e9becor et l\u2019Universit\u00e9 de Montr\u00e9al donnent un nouvel \u00e9lan \u00e0 l\u2019entrepreneuriat au Qu\u00e9bec - Mapfel Wapfel | Annuaire Entreprises Communautaires MonDIAL","og_description":"ENUdeMNouvellesEN LE 16 F\u00c9VRIER 2022 UDEMNOUVELLES Qu\u00e9becor et la Fondation Chopin-P\u00e9ladeau versent un don historique de 40 M$ \u00e0 l\u2019Universit\u00e9 de Montr\u00e9al pour soutenir l\u2019\u00e9mergence d\u2019une nouvelle g\u00e9n\u00e9ration d\u2019entrepreneurs. Un nouveau chapitre de l\u2019histoire philanthropique de l\u2019Universit\u00e9 de Montr\u00e9al s\u2019ouvre alors que le recteur de l\u2019UdeM, Daniel Jutras, ainsi que le pr\u00e9sident et chef de la direction de Qu\u00e9becor, Pierre [&hellip;]","og_url":"https:\/\/mapfelwapfel.com\/en\/quebecor-et-luniversite-de-montreal-donnent-un-nouvel-elan-a-lentrepreneuriat-au-quebec\/","og_site_name":"Mapfel Wapfel | Annuaire Entreprises Communautaires MonDIAL","article_published_time":"2022-02-17T06:39:58+00:00","article_modified_time":"2025-10-21T22:16:11+00:00","og_image":[{"width":800,"height":400,"url":"https:\/\/mapfelwapfel.com\/wp-content\/uploads\/2022\/02\/quebecor-fifbm.jpg","type":"image\/jpeg"}],"author":"DORNEVAL Kingsley","twitter_card":"summary_large_image","twitter_misc":{"Written by":"DORNEVAL Kingsley","Est. reading time":"7 minutes"},"schema":{"@context":"https:\/\/schema.org","@graph":[{"@type":"Article","@id":"https:\/\/mapfelwapfel.com\/en\/quebecor-et-luniversite-de-montreal-donnent-un-nouvel-elan-a-lentrepreneuriat-au-quebec\/#article","isPartOf":{"@id":"https:\/\/mapfelwapfel.com\/en\/quebecor-et-luniversite-de-montreal-donnent-un-nouvel-elan-a-lentrepreneuriat-au-quebec\/"},"author":{"name":"DORNEVAL Kingsley","@id":"https:\/\/mapfelwapfel.com\/en\/#\/schema\/person\/52fb063976b99b144e798a94a756d9a4"},"headline":"Qu\u00e9becor et l\u2019Universit\u00e9 de Montr\u00e9al donnent un nouvel \u00e9lan \u00e0 l\u2019entrepreneuriat au Qu\u00e9bec","datePublished":"2022-02-17T06:39:58+00:00","dateModified":"2025-10-21T22:16:11+00:00","mainEntityOfPage":{"@id":"https:\/\/mapfelwapfel.com\/en\/quebecor-et-luniversite-de-montreal-donnent-un-nouvel-elan-a-lentrepreneuriat-au-quebec\/"},"wordCount":1375,"commentCount":0,"image":{"@id":"https:\/\/mapfelwapfel.com\/en\/quebecor-et-luniversite-de-montreal-donnent-un-nouvel-elan-a-lentrepreneuriat-au-quebec\/#primaryimage"},"thumbnailUrl":"https:\/\/mapfelwapfel.com\/wp-content\/uploads\/2022\/02\/quebecor-fifbm.jpg","articleSection":["\u00c0 la une","Actualit\u00e9","Affaires","Creative","Divertissement","\u00c9coles","Histoire","Nouvelles","Soci\u00e9t\u00e9"],"inLanguage":"en-US","potentialAction":[{"@type":"CommentAction","name":"Comment","target":["https:\/\/mapfelwapfel.com\/en\/quebecor-et-luniversite-de-montreal-donnent-un-nouvel-elan-a-lentrepreneuriat-au-quebec\/#respond"]}]},{"@type":"WebPage","@id":"https:\/\/mapfelwapfel.com\/en\/quebecor-et-luniversite-de-montreal-donnent-un-nouvel-elan-a-lentrepreneuriat-au-quebec\/","url":"https:\/\/mapfelwapfel.com\/en\/quebecor-et-luniversite-de-montreal-donnent-un-nouvel-elan-a-lentrepreneuriat-au-quebec\/","name":"Qu\u00e9becor et l\u2019Universit\u00e9 de Montr\u00e9al donnent un nouvel \u00e9lan \u00e0 l\u2019entrepreneuriat au Qu\u00e9bec - Mapfel Wapfel | Annuaire Entreprises Communautaires MonDIAL","isPartOf":{"@id":"https:\/\/mapfelwapfel.com\/en\/#website"},"primaryImageOfPage":{"@id":"https:\/\/mapfelwapfel.com\/en\/quebecor-et-luniversite-de-montreal-donnent-un-nouvel-elan-a-lentrepreneuriat-au-quebec\/#primaryimage"},"image":{"@id":"https:\/\/mapfelwapfel.com\/en\/quebecor-et-luniversite-de-montreal-donnent-un-nouvel-elan-a-lentrepreneuriat-au-quebec\/#primaryimage"},"thumbnailUrl":"https:\/\/mapfelwapfel.com\/wp-content\/uploads\/2022\/02\/quebecor-fifbm.jpg","datePublished":"2022-02-17T06:39:58+00:00","dateModified":"2025-10-21T22:16:11+00:00","author":{"@id":"https:\/\/mapfelwapfel.com\/en\/#\/schema\/person\/52fb063976b99b144e798a94a756d9a4"},"breadcrumb":{"@id":"https:\/\/mapfelwapfel.com\/en\/quebecor-et-luniversite-de-montreal-donnent-un-nouvel-elan-a-lentrepreneuriat-au-quebec\/#breadcrumb"},"inLanguage":"en-US","potentialAction":[{"@type":"ReadAction","target":["https:\/\/mapfelwapfel.com\/en\/quebecor-et-luniversite-de-montreal-donnent-un-nouvel-elan-a-lentrepreneuriat-au-quebec\/"]}]},{"@type":"ImageObject","inLanguage":"en-US","@id":"https:\/\/mapfelwapfel.com\/en\/quebecor-et-luniversite-de-montreal-donnent-un-nouvel-elan-a-lentrepreneuriat-au-quebec\/#primaryimage","url":"https:\/\/mapfelwapfel.com\/wp-content\/uploads\/2022\/02\/quebecor-fifbm.jpg","contentUrl":"https:\/\/mapfelwapfel.com\/wp-content\/uploads\/2022\/02\/quebecor-fifbm.jpg","width":800,"height":400},{"@type":"BreadcrumbList","@id":"https:\/\/mapfelwapfel.com\/en\/quebecor-et-luniversite-de-montreal-donnent-un-nouvel-elan-a-lentrepreneuriat-au-quebec\/#breadcrumb","itemListElement":[{"@type":"ListItem","position":1,"name":"Home","item":"https:\/\/mapfelwapfel.com\/en\/main-home\/"},{"@type":"ListItem","position":2,"name":"Qu\u00e9becor et l\u2019Universit\u00e9 de Montr\u00e9al donnent un nouvel \u00e9lan \u00e0 l\u2019entrepreneuriat au Qu\u00e9bec"}]},{"@type":"WebSite","@id":"https:\/\/mapfelwapfel.com\/en\/#website","url":"https:\/\/mapfelwapfel.com\/en\/","name":"Mapfel Wapfel | Annuaire Entreprises Communautaires MonDIAL","description":"L&#039;Union Fait La Force \u00b7 Trouvez les meilleurs services pr\u00e8s de chez vous","potentialAction":[{"@type":"SearchAction","target":{"@type":"EntryPoint","urlTemplate":"https:\/\/mapfelwapfel.com\/en\/?s={search_term_string}"},"query-input":{"@type":"PropertyValueSpecification","valueRequired":true,"valueName":"search_term_string"}}],"inLanguage":"en-US"},{"@type":"Person","@id":"https:\/\/mapfelwapfel.com\/en\/#\/schema\/person\/52fb063976b99b144e798a94a756d9a4","name":"DORNEVAL Kingsley","image":{"@type":"ImageObject","inLanguage":"en-US","@id":"https:\/\/secure.gravatar.com\/avatar\/e5680c6c800b66d934aa06c013e521e8111b068524beb7080ed401d1c024f4e2?s=96&d=retro&r=g","url":"https:\/\/secure.gravatar.com\/avatar\/e5680c6c800b66d934aa06c013e521e8111b068524beb7080ed401d1c024f4e2?s=96&d=retro&r=g","contentUrl":"https:\/\/secure.gravatar.com\/avatar\/e5680c6c800b66d934aa06c013e521e8111b068524beb7080ed401d1c024f4e2?s=96&d=retro&r=g","caption":"DORNEVAL Kingsley"},"sameAs":["http:\/\/mapfelwapfel.com"],"url":"https:\/\/mapfelwapfel.com\/en\/author\/kinsley\/"}]}},"_links":{"self":[{"href":"https:\/\/mapfelwapfel.com\/en\/wp-json\/wp\/v2\/posts\/11090","targetHints":{"allow":["GET"]}}],"collection":[{"href":"https:\/\/mapfelwapfel.com\/en\/wp-json\/wp\/v2\/posts"}],"about":[{"href":"https:\/\/mapfelwapfel.com\/en\/wp-json\/wp\/v2\/types\/post"}],"author":[{"embeddable":true,"href":"https:\/\/mapfelwapfel.com\/en\/wp-json\/wp\/v2\/users\/3"}],"replies":[{"embeddable":true,"href":"https:\/\/mapfelwapfel.com\/en\/wp-json\/wp\/v2\/comments?post=11090"}],"version-history":[{"count":9,"href":"https:\/\/mapfelwapfel.com\/en\/wp-json\/wp\/v2\/posts\/11090\/revisions"}],"predecessor-version":[{"id":15207,"href":"https:\/\/mapfelwapfel.com\/en\/wp-json\/wp\/v2\/posts\/11090\/revisions\/15207"}],"wp:featuredmedia":[{"embeddable":true,"href":"https:\/\/mapfelwapfel.com\/en\/wp-json\/wp\/v2\/media\/11091"}],"wp:attachment":[{"href":"https:\/\/mapfelwapfel.com\/en\/wp-json\/wp\/v2\/media?parent=11090"}],"wp:term":[{"taxonomy":"category","embeddable":true,"href":"https:\/\/mapfelwapfel.com\/en\/wp-json\/wp\/v2\/categories?post=11090"},{"taxonomy":"post_tag","embeddable":true,"href":"https:\/\/mapfelwapfel.com\/en\/wp-json\/wp\/v2\/tags?post=11090"}],"curies":[{"name":"wp","href":"https:\/\/api.w.org\/{rel}","templated":true}]}}