{"id":9995,"date":"2021-09-03T22:35:49","date_gmt":"2021-09-04T02:35:49","guid":{"rendered":"https:\/\/mapfelwapfel.com\/?p=9995"},"modified":"2021-10-09T07:21:41","modified_gmt":"2021-10-09T11:21:41","slug":"mtl-vs-ott-cfl","status":"publish","type":"post","link":"https:\/\/mapfelwapfel.com\/en\/mtl-vs-ott-cfl\/","title":{"rendered":"Mtl Vs Ott CFL"},"content":{"rendered":"\n<p class=\"has-vivid-red-color has-text-color wp-block-paragraph\"><strong>Alouettes de Montr\u00e9al : Football LCF, R\u00e9sultats &amp; Nouvelles<\/strong><a href=\"https:\/\/www.google.com\/search?q=alouettes&amp;source=lmns&amp;bih=1039&amp;biw=1715&amp;rlz=1C1CHBF_frCA910CA910&amp;hl=fr&amp;sa=X&amp;ved=2ahUKEwiOvfaWoeTyAhX6YDUKHauEAbUQ_AUoAHoECAEQAA#\"><\/a><\/p>\n\n\n\n<ol class=\"wp-block-list\"><li><a href=\"https:\/\/webcache.googleusercontent.com\/search?q=cache:2QGzzdIEkdMJ:https:\/\/www.tvasports.ca\/football\/cfl\/alouettes+&amp;cd=51&amp;hl=fr&amp;ct=clnk&amp;gl=ca\" target=\"_blank\" rel=\"noreferrer noopener\"><\/a><\/li><\/ol>\n\n\n\n<p class=\"has-vivid-red-color has-text-color wp-block-paragraph\"><strong>Tout sur les&nbsp;<em>Alouettes<\/em>&nbsp;de Montr\u00e9al, \u00e9quipe de la LCF (Ligue canadienne de football). Nouvelles, calendriers, r\u00e9sultats pour la saison en cours<\/strong><\/p>\n\n\n\n<figure class=\"wp-block-gallery columns-3 is-cropped wp-block-gallery-1 is-layout-flex wp-block-gallery-is-layout-flex\"><ul class=\"blocks-gallery-grid\"><li class=\"blocks-gallery-item\"><figure><img loading=\"lazy\" decoding=\"async\" width=\"768\" height=\"1024\" src=\"https:\/\/mapfelwapfel.com\/wp-content\/uploads\/2021\/09\/alouettes-IMG_5869-768x1024-1.jpg\" alt=\"\" data-id=\"9996\" data-full-url=\"https:\/\/mapfelwapfel.com\/wp-content\/uploads\/2021\/09\/alouettes-IMG_5869-768x1024-1.jpg\" data-link=\"https:\/\/mapfelwapfel.com\/?attachment_id=9996\" class=\"wp-image-9996\" srcset=\"https:\/\/mapfelwapfel.com\/wp-content\/uploads\/2021\/09\/alouettes-IMG_5869-768x1024-1.jpg 768w, https:\/\/mapfelwapfel.com\/wp-content\/uploads\/2021\/09\/alouettes-IMG_5869-768x1024-1-225x300.jpg 225w, https:\/\/mapfelwapfel.com\/wp-content\/uploads\/2021\/09\/alouettes-IMG_5869-768x1024-1-600x800.jpg 600w\" sizes=\"auto, (max-width: 768px) 100vw, 768px\" \/><\/figure><\/li><li class=\"blocks-gallery-item\"><figure><img loading=\"lazy\" decoding=\"async\" width=\"1024\" height=\"355\" src=\"https:\/\/mapfelwapfel.com\/wp-content\/uploads\/2021\/09\/Summum_162_alouettes_07-1024x355-1.jpg\" alt=\"\" data-id=\"9998\" data-full-url=\"https:\/\/mapfelwapfel.com\/wp-content\/uploads\/2021\/09\/Summum_162_alouettes_07-1024x355-1.jpg\" data-link=\"https:\/\/mapfelwapfel.com\/?attachment_id=9998\" class=\"wp-image-9998\" srcset=\"https:\/\/mapfelwapfel.com\/wp-content\/uploads\/2021\/09\/Summum_162_alouettes_07-1024x355-1.jpg 1024w, https:\/\/mapfelwapfel.com\/wp-content\/uploads\/2021\/09\/Summum_162_alouettes_07-1024x355-1-300x104.jpg 300w, https:\/\/mapfelwapfel.com\/wp-content\/uploads\/2021\/09\/Summum_162_alouettes_07-1024x355-1-768x266.jpg 768w, https:\/\/mapfelwapfel.com\/wp-content\/uploads\/2021\/09\/Summum_162_alouettes_07-1024x355-1-600x208.jpg 600w\" sizes=\"auto, (max-width: 1024px) 100vw, 1024px\" \/><\/figure><\/li><li class=\"blocks-gallery-item\"><figure><img loading=\"lazy\" decoding=\"async\" width=\"225\" height=\"225\" src=\"https:\/\/mapfelwapfel.com\/wp-content\/uploads\/2021\/09\/alouettes-images.jpg\" alt=\"\" data-id=\"10000\" data-full-url=\"https:\/\/mapfelwapfel.com\/wp-content\/uploads\/2021\/09\/alouettes-images.jpg\" data-link=\"https:\/\/mapfelwapfel.com\/?attachment_id=10000\" class=\"wp-image-10000\" srcset=\"https:\/\/mapfelwapfel.com\/wp-content\/uploads\/2021\/09\/alouettes-images.jpg 225w, https:\/\/mapfelwapfel.com\/wp-content\/uploads\/2021\/09\/alouettes-images-150x150.jpg 150w, https:\/\/mapfelwapfel.com\/wp-content\/uploads\/2021\/09\/alouettes-images-100x100.jpg 100w\" sizes=\"auto, (max-width: 225px) 100vw, 225px\" \/><\/figure><\/li><li class=\"blocks-gallery-item\"><figure><img loading=\"lazy\" decoding=\"async\" width=\"310\" height=\"163\" src=\"https:\/\/mapfelwapfel.com\/wp-content\/uploads\/2021\/09\/alouettes-images.png\" alt=\"\" data-id=\"10002\" data-full-url=\"https:\/\/mapfelwapfel.com\/wp-content\/uploads\/2021\/09\/alouettes-images.png\" data-link=\"https:\/\/mapfelwapfel.com\/?attachment_id=10002\" class=\"wp-image-10002\" srcset=\"https:\/\/mapfelwapfel.com\/wp-content\/uploads\/2021\/09\/alouettes-images.png 310w, https:\/\/mapfelwapfel.com\/wp-content\/uploads\/2021\/09\/alouettes-images-300x158.png 300w\" sizes=\"auto, (max-width: 310px) 100vw, 310px\" \/><\/figure><\/li><li class=\"blocks-gallery-item\"><figure><img loading=\"lazy\" decoding=\"async\" width=\"400\" height=\"144\" src=\"https:\/\/mapfelwapfel.com\/wp-content\/uploads\/2021\/09\/Groupe_Park_Avenue_Un_nouveau_partenariat_entre_les_Alouettes_de.jpg\" alt=\"\" data-id=\"10004\" data-full-url=\"https:\/\/mapfelwapfel.com\/wp-content\/uploads\/2021\/09\/Groupe_Park_Avenue_Un_nouveau_partenariat_entre_les_Alouettes_de.jpg\" data-link=\"https:\/\/mapfelwapfel.com\/?attachment_id=10004\" class=\"wp-image-10004\" srcset=\"https:\/\/mapfelwapfel.com\/wp-content\/uploads\/2021\/09\/Groupe_Park_Avenue_Un_nouveau_partenariat_entre_les_Alouettes_de.jpg 400w, https:\/\/mapfelwapfel.com\/wp-content\/uploads\/2021\/09\/Groupe_Park_Avenue_Un_nouveau_partenariat_entre_les_Alouettes_de-300x108.jpg 300w\" sizes=\"auto, (max-width: 400px) 100vw, 400px\" \/><figcaption class=\"blocks-gallery-item__caption\">Logo des Alouettes de Montr\u00e9al (Groupe CNW\/Groupe Park Avenue)<\/figcaption><\/figure><\/li><li class=\"blocks-gallery-item\"><figure><img loading=\"lazy\" decoding=\"async\" width=\"512\" height=\"342\" src=\"https:\/\/mapfelwapfel.com\/wp-content\/uploads\/2021\/09\/alouettes-unnamed.jpg\" alt=\"\" data-id=\"10006\" data-full-url=\"https:\/\/mapfelwapfel.com\/wp-content\/uploads\/2021\/09\/alouettes-unnamed.jpg\" data-link=\"https:\/\/mapfelwapfel.com\/?attachment_id=10006\" class=\"wp-image-10006\" srcset=\"https:\/\/mapfelwapfel.com\/wp-content\/uploads\/2021\/09\/alouettes-unnamed.jpg 512w, https:\/\/mapfelwapfel.com\/wp-content\/uploads\/2021\/09\/alouettes-unnamed-300x200.jpg 300w\" sizes=\"auto, (max-width: 512px) 100vw, 512px\" \/><\/figure><\/li><li class=\"blocks-gallery-item\"><figure><img loading=\"lazy\" decoding=\"async\" width=\"400\" height=\"400\" src=\"https:\/\/mapfelwapfel.com\/wp-content\/uploads\/2021\/09\/alouettes-Iig0Divg.jpg\" alt=\"\" data-id=\"10008\" data-full-url=\"https:\/\/mapfelwapfel.com\/wp-content\/uploads\/2021\/09\/alouettes-Iig0Divg.jpg\" data-link=\"https:\/\/mapfelwapfel.com\/?attachment_id=10008\" class=\"wp-image-10008\" srcset=\"https:\/\/mapfelwapfel.com\/wp-content\/uploads\/2021\/09\/alouettes-Iig0Divg.jpg 400w, https:\/\/mapfelwapfel.com\/wp-content\/uploads\/2021\/09\/alouettes-Iig0Divg-300x300.jpg 300w, https:\/\/mapfelwapfel.com\/wp-content\/uploads\/2021\/09\/alouettes-Iig0Divg-150x150.jpg 150w, https:\/\/mapfelwapfel.com\/wp-content\/uploads\/2021\/09\/alouettes-Iig0Divg-100x100.jpg 100w\" sizes=\"auto, (max-width: 400px) 100vw, 400px\" \/><\/figure><\/li><li class=\"blocks-gallery-item\"><figure><img loading=\"lazy\" decoding=\"async\" width=\"905\" height=\"905\" src=\"https:\/\/mapfelwapfel.com\/wp-content\/uploads\/2021\/09\/4384_montreal_alouettes-primary_dark-2019.png\" alt=\"\" data-id=\"10010\" data-full-url=\"https:\/\/mapfelwapfel.com\/wp-content\/uploads\/2021\/09\/4384_montreal_alouettes-primary_dark-2019.png\" data-link=\"https:\/\/mapfelwapfel.com\/?attachment_id=10010\" class=\"wp-image-10010\" srcset=\"https:\/\/mapfelwapfel.com\/wp-content\/uploads\/2021\/09\/4384_montreal_alouettes-primary_dark-2019.png 905w, https:\/\/mapfelwapfel.com\/wp-content\/uploads\/2021\/09\/4384_montreal_alouettes-primary_dark-2019-300x300.png 300w, https:\/\/mapfelwapfel.com\/wp-content\/uploads\/2021\/09\/4384_montreal_alouettes-primary_dark-2019-150x150.png 150w, https:\/\/mapfelwapfel.com\/wp-content\/uploads\/2021\/09\/4384_montreal_alouettes-primary_dark-2019-768x768.png 768w, https:\/\/mapfelwapfel.com\/wp-content\/uploads\/2021\/09\/4384_montreal_alouettes-primary_dark-2019-650x650.png 650w, https:\/\/mapfelwapfel.com\/wp-content\/uploads\/2021\/09\/4384_montreal_alouettes-primary_dark-2019-600x600.png 600w, https:\/\/mapfelwapfel.com\/wp-content\/uploads\/2021\/09\/4384_montreal_alouettes-primary_dark-2019-100x100.png 100w\" sizes=\"auto, (max-width: 905px) 100vw, 905px\" \/><\/figure><\/li><li class=\"blocks-gallery-item\"><figure><img loading=\"lazy\" decoding=\"async\" width=\"1024\" height=\"1008\" src=\"https:\/\/mapfelwapfel.com\/wp-content\/uploads\/2021\/09\/1200px-Logo_Montreal_Alouettes_2019.svg_-1024x1008.png\" alt=\"\" data-id=\"10012\" data-full-url=\"https:\/\/mapfelwapfel.com\/wp-content\/uploads\/2021\/09\/1200px-Logo_Montreal_Alouettes_2019.svg_.png\" data-link=\"https:\/\/mapfelwapfel.com\/?attachment_id=10012\" class=\"wp-image-10012\" srcset=\"https:\/\/mapfelwapfel.com\/wp-content\/uploads\/2021\/09\/1200px-Logo_Montreal_Alouettes_2019.svg_-1024x1008.png 1024w, https:\/\/mapfelwapfel.com\/wp-content\/uploads\/2021\/09\/1200px-Logo_Montreal_Alouettes_2019.svg_-300x295.png 300w, https:\/\/mapfelwapfel.com\/wp-content\/uploads\/2021\/09\/1200px-Logo_Montreal_Alouettes_2019.svg_-768x756.png 768w, https:\/\/mapfelwapfel.com\/wp-content\/uploads\/2021\/09\/1200px-Logo_Montreal_Alouettes_2019.svg_-600x591.png 600w, https:\/\/mapfelwapfel.com\/wp-content\/uploads\/2021\/09\/1200px-Logo_Montreal_Alouettes_2019.svg_.png 1200w\" sizes=\"auto, (max-width: 1024px) 100vw, 1024px\" \/><\/figure><\/li><li class=\"blocks-gallery-item\"><figure><img loading=\"lazy\" decoding=\"async\" width=\"1024\" height=\"538\" src=\"https:\/\/mapfelwapfel.com\/wp-content\/uploads\/2021\/09\/alouettes-og-image-default-1024x538.jpg\" alt=\"\" data-id=\"10014\" data-full-url=\"https:\/\/mapfelwapfel.com\/wp-content\/uploads\/2021\/09\/alouettes-og-image-default.jpg\" data-link=\"https:\/\/mapfelwapfel.com\/?attachment_id=10014\" class=\"wp-image-10014\" srcset=\"https:\/\/mapfelwapfel.com\/wp-content\/uploads\/2021\/09\/alouettes-og-image-default-1024x538.jpg 1024w, https:\/\/mapfelwapfel.com\/wp-content\/uploads\/2021\/09\/alouettes-og-image-default-300x158.jpg 300w, https:\/\/mapfelwapfel.com\/wp-content\/uploads\/2021\/09\/alouettes-og-image-default-768x403.jpg 768w, https:\/\/mapfelwapfel.com\/wp-content\/uploads\/2021\/09\/alouettes-og-image-default-600x315.jpg 600w, https:\/\/mapfelwapfel.com\/wp-content\/uploads\/2021\/09\/alouettes-og-image-default.jpg 1200w\" sizes=\"auto, (max-width: 1024px) 100vw, 1024px\" \/><\/figure><\/li><\/ul><\/figure>\n\n\n\n<p class=\"wp-block-paragraph\"><a href=\"https:\/\/fr.wikipedia.org\/wiki\/Club_de_Foot_Montr%C3%A9al#content\">Aller au contenu<\/a>Afficher\u202f\/\u202fmasquer la barre lat\u00e9rale<a href=\"https:\/\/fr.wikipedia.org\/wiki\/Wikip%C3%A9dia:Accueil_principal\"><\/a><\/p>\n\n\n\n<h3 class=\"wp-block-heading\">Rechercher<\/h3>\n\n\n\n<ul class=\"wp-block-list\"><li><a href=\"https:\/\/fr.wikipedia.org\/w\/index.php?title=Sp%C3%A9cial:Cr%C3%A9er_un_compte&amp;returnto=Club+de+Foot+Montr%C3%A9al\">Cr\u00e9er un compte<\/a><\/li><\/ul>\n\n\n\n<h3 class=\"wp-block-heading\" id=\"p-personal-label\">Outils personnels<\/h3>\n\n\n\n<p class=\"wp-block-paragraph\"><a href=\"https:\/\/fr.wikipedia.org\/w\/index.php?title=Sp%C3%A9cial:Connexion&amp;returnto=Club+de+Foot+Montr%C3%A9al\"><\/a><\/p>\n\n\n\n<p class=\"wp-block-paragraph\"><a href=\"https:\/\/fr.wikipedia.org\/wiki\/Aide:Introduction\"><\/a><\/p>\n\n\n\n<ul class=\"wp-block-list\"><li><a href=\"https:\/\/fr.wikipedia.org\/wiki\/Sp%C3%A9cial:Mes_discussions\"><\/a><\/li><li><a href=\"https:\/\/fr.wikipedia.org\/wiki\/Sp%C3%A9cial:Mes_contributions\"><\/a><\/li><\/ul>\n\n\n\n<h2 class=\"wp-block-heading\">Menu de navigation<\/h2>\n\n\n\n<ul class=\"wp-block-list\"><li><a href=\"https:\/\/fr.wikipedia.org\/wiki\/Wikip%C3%A9dia:Accueil_principal\">Accueil<\/a><\/li><li><a href=\"https:\/\/fr.wikipedia.org\/wiki\/Portail:Accueil\">Portails th\u00e9matiques<\/a><\/li><li><a href=\"https:\/\/fr.wikipedia.org\/wiki\/Sp%C3%A9cial:Page_au_hasard\">Article au hasard<\/a><\/li><li><a href=\"https:\/\/fr.wikipedia.org\/wiki\/Wikip%C3%A9dia:Contact\">Contact<\/a><\/li><\/ul>\n\n\n\n<h3 class=\"wp-block-heading\" id=\"p-Contribuer-label\">Contribuer<\/h3>\n\n\n\n<ul class=\"wp-block-list\"><li><a href=\"https:\/\/fr.wikipedia.org\/wiki\/Aide:D%C3%A9buter\">D\u00e9buter sur Wikip\u00e9dia<\/a><\/li><li><a href=\"https:\/\/fr.wikipedia.org\/wiki\/Aide:Accueil\">Aide<\/a><\/li><li><a href=\"https:\/\/fr.wikipedia.org\/wiki\/Wikip%C3%A9dia:Accueil_de_la_communaut%C3%A9\">Communaut\u00e9<\/a><\/li><li><a href=\"https:\/\/fr.wikipedia.org\/wiki\/Sp%C3%A9cial:Modifications_r%C3%A9centes\">Modifications r\u00e9centes<\/a><\/li><li><a href=\"https:\/\/donate.wikimedia.org\/wiki\/Special:FundraiserRedirector?utm_source=donate&amp;utm_medium=sidebar&amp;utm_campaign=C13_fr.wikipedia.org&amp;uselang=fr\">Faire un don<\/a><\/li><\/ul>\n\n\n\n<h3 class=\"wp-block-heading\" id=\"p-tb-label\">Outils<\/h3>\n\n\n\n<ul class=\"wp-block-list\"><li><a href=\"https:\/\/fr.wikipedia.org\/wiki\/Sp%C3%A9cial:Pages_li%C3%A9es\/Club_de_Foot_Montr%C3%A9al\">Pages li\u00e9es<\/a><\/li><li><a href=\"https:\/\/fr.wikipedia.org\/wiki\/Sp%C3%A9cial:Suivi_des_liens\/Club_de_Foot_Montr%C3%A9al\">Suivi des pages li\u00e9es<\/a><\/li><li><a href=\"https:\/\/fr.wikipedia.org\/wiki\/Aide:Importer_un_fichier\">T\u00e9l\u00e9verser un fichier<\/a><\/li><li><a href=\"https:\/\/fr.wikipedia.org\/wiki\/Sp%C3%A9cial:Pages_sp%C3%A9ciales\">Pages sp\u00e9ciales<\/a><\/li><li><a href=\"https:\/\/fr.wikipedia.org\/w\/index.php?title=Club_de_Foot_Montr%C3%A9al&amp;oldid=185658270\">Lien permanent<\/a><\/li><li><a href=\"https:\/\/fr.wikipedia.org\/w\/index.php?title=Club_de_Foot_Montr%C3%A9al&amp;action=info\">Informations sur la page<\/a><\/li><li><a href=\"https:\/\/fr.wikipedia.org\/w\/index.php?title=Sp%C3%A9cial:Citer&amp;page=Club_de_Foot_Montr%C3%A9al&amp;id=185658270&amp;wpFormIdentifier=titleform\">Citer cette page<\/a><\/li><li><a href=\"https:\/\/www.wikidata.org\/wiki\/Special:EntityPage\/Q167615\">\u00c9l\u00e9ment Wikidata<\/a><\/li><li><a href=\"https:\/\/www.wikidata.org\/wiki\/Special:EntityPage\/Q167615#sitelinks-wikipedia\">Modifier les liens interlangues<\/a><\/li><\/ul>\n\n\n\n<h3 class=\"wp-block-heading\" id=\"p-coll-print_export-label\">Imprimer\u202f\/\u202fexporter<\/h3>\n\n\n\n<ul class=\"wp-block-list\"><li><a href=\"https:\/\/fr.wikipedia.org\/w\/index.php?title=Sp%C3%A9cial:Livre&amp;bookcmd=book_creator&amp;referer=Club+de+Foot+Montr%C3%A9al\">Cr\u00e9er un livre<\/a><\/li><li><a href=\"https:\/\/fr.wikipedia.org\/w\/index.php?title=Sp%C3%A9cial:DownloadAsPdf&amp;page=Club_de_Foot_Montr%C3%A9al&amp;action=show-download-screen\">T\u00e9l\u00e9charger comme PDF<\/a><\/li><li><a href=\"https:\/\/fr.wikipedia.org\/w\/index.php?title=Club_de_Foot_Montr%C3%A9al&amp;printable=yes\">Version imprimable<\/a><\/li><\/ul>\n\n\n\n<h3 class=\"wp-block-heading\" id=\"p-wikibase-otherprojects-label\">Dans d\u2019autres projets<\/h3>\n\n\n\n<ul class=\"wp-block-list\"><li><a href=\"https:\/\/commons.wikimedia.org\/wiki\/Category:CF_Montr%C3%A9al\">Wikimedia Commons<\/a><\/li><li><a href=\"https:\/\/fr.wikinews.org\/wiki\/Cat%C3%A9gorie:Impact_de_Montr%C3%A9al\">Wikinews<\/a><\/li><\/ul>\n\n\n\n<ul class=\"wp-block-list\"><li><a href=\"https:\/\/fr.wikipedia.org\/wiki\/Club_de_Foot_Montr%C3%A9al\">Article<\/a><\/li><li><a href=\"https:\/\/fr.wikipedia.org\/wiki\/Discussion:Club_de_Foot_Montr%C3%A9al\">Discussion<\/a><\/li><\/ul>\n\n\n\n<ul class=\"wp-block-list\"><li><a href=\"https:\/\/fr.wikipedia.org\/wiki\/Club_de_Foot_Montr%C3%A9al\">Lire<\/a><\/li><li><a href=\"https:\/\/fr.wikipedia.org\/w\/index.php?title=Club_de_Foot_Montr%C3%A9al&amp;veaction=edit\">Modifier<\/a><\/li><li><a href=\"https:\/\/fr.wikipedia.org\/w\/index.php?title=Club_de_Foot_Montr%C3%A9al&amp;action=edit\">Modifier le code<\/a><\/li><li><a href=\"https:\/\/fr.wikipedia.org\/w\/index.php?title=Club_de_Foot_Montr%C3%A9al&amp;action=history\">Voir l\u2019historique<\/a><\/li><\/ul>\n\n\n\n<p class=\"wp-block-paragraph\"><a><\/a><\/p>\n\n\n\n<h3 class=\"wp-block-heading\" id=\"p-lang-btn-label\">38&nbsp;langues<\/h3>\n\n\n\n<h1 class=\"wp-block-heading\" id=\"firstHeading\">Club de Foot Montr\u00e9al<\/h1>\n\n\n\n<p class=\"wp-block-paragraph\">CF Montr\u00e9al<\/p>\n\n\n\n<figure class=\"wp-block-image\"><a href=\"https:\/\/fr.wikipedia.org\/wiki\/Fichier:800px-CFMontreal.svg.png\"><img decoding=\"async\" src=\"https:\/\/upload.wikimedia.org\/wikipedia\/fr\/thumb\/9\/94\/800px-CFMontreal.svg.png\/130px-800px-CFMontreal.svg.png\" alt=\"Logo du CF Montr\u00e9al\"\/><\/a><\/figure>\n\n\n\n<figure class=\"wp-block-table\"><table><tbody><tr><th scope=\"row\">Nom complet<\/th><td>Club de Foot Montr\u00e9al<\/td><\/tr><tr><th scope=\"row\">Surnoms<\/th><td><em>Le onze montr\u00e9alais, Le Bleu-Blanc-Noir, CFM, L&#8217;Impact<\/em><\/td><\/tr><tr><th scope=\"row\">Noms pr\u00e9c\u00e9dents<\/th><td>Impact de Montr\u00e9al (1992-2020)<\/td><\/tr><tr><th scope=\"row\">Fondation<\/th><td><a href=\"https:\/\/fr.wikipedia.org\/wiki\/10_d%C3%A9cembre_en_sport\">10 d\u00e9cembre<\/a>&nbsp;<a href=\"https:\/\/fr.wikipedia.org\/wiki\/1992_en_football\">1992<\/a><br><small>(28&nbsp;ans, 8&nbsp;mois et 25&nbsp;jours)<\/small><\/td><\/tr><tr><th scope=\"row\"><a href=\"https:\/\/fr.wikipedia.org\/wiki\/Sport_professionnel\">Statut professionnel<\/a><\/th><td>depuis&nbsp;<a href=\"https:\/\/fr.wikipedia.org\/wiki\/D%C3%A9cembre_1992\">d\u00e9cembre<\/a>&nbsp;<a href=\"https:\/\/fr.wikipedia.org\/wiki\/1992_en_football\">1992<\/a><\/td><\/tr><tr><th scope=\"row\">Couleurs<\/th><td>bleu, blanc et noir<\/td><\/tr><tr><th scope=\"row\"><a href=\"https:\/\/fr.wikipedia.org\/wiki\/Stade_de_football\">Stade<\/a><\/th><td><a href=\"https:\/\/fr.wikipedia.org\/wiki\/Stade_Saputo\">Stade Saputo<\/a><br>(20&nbsp;801 places)<\/td><\/tr><tr><th scope=\"row\">Si\u00e8ge<\/th><td>4750, rue Sherbrooke Est<br><a href=\"https:\/\/fr.wikipedia.org\/wiki\/Montr%C3%A9al\">Montr\u00e9al<\/a>,&nbsp;<a href=\"https:\/\/fr.wikipedia.org\/wiki\/Qu%C3%A9bec\">Qu\u00e9bec<\/a><\/td><\/tr><tr><th scope=\"row\">Championnat actuel<\/th><td><a href=\"https:\/\/fr.wikipedia.org\/wiki\/Major_League_Soccer\">Major League Soccer<\/a><\/td><\/tr><tr><th scope=\"row\">Propri\u00e9taire<\/th><td><a href=\"https:\/\/commons.wikimedia.org\/wiki\/File:Flag_of_Canada.svg?uselang=fr\"><\/a>&nbsp;<a href=\"https:\/\/fr.wikipedia.org\/wiki\/Joey_Saputo\">Joey Saputo<\/a><\/td><\/tr><tr><th scope=\"row\">Pr\u00e9sident<\/th><td><a href=\"https:\/\/commons.wikimedia.org\/wiki\/File:Flag_of_Canada.svg?uselang=fr\"><\/a>&nbsp;<a href=\"https:\/\/fr.wikipedia.org\/wiki\/Kevin_Gilmore\">Kevin Gilmore<\/a><\/td><\/tr><tr><th scope=\"row\"><a href=\"https:\/\/fr.wikipedia.org\/wiki\/Entra%C3%AEneur_(football)\">Entra\u00eeneur<\/a><\/th><td><a href=\"https:\/\/commons.wikimedia.org\/wiki\/File:Flag_of_France.svg?uselang=fr\"><\/a>&nbsp;<a href=\"https:\/\/fr.wikipedia.org\/wiki\/Wilfried_Nancy\">Wilfried Nancy<\/a><\/td><\/tr><tr><th scope=\"row\">Joueur le plus cap\u00e9<\/th><td><a href=\"https:\/\/commons.wikimedia.org\/wiki\/File:Flag_of_Canada.svg?uselang=fr\"><\/a>&nbsp;<a href=\"https:\/\/fr.wikipedia.org\/wiki\/Mauro_Biello\">Mauro Biello<\/a>&nbsp;(349)<\/td><\/tr><tr><th scope=\"row\">Meilleur buteur<\/th><td><a href=\"https:\/\/commons.wikimedia.org\/wiki\/File:Flag_of_Argentina.svg?uselang=fr\"><\/a>&nbsp;<a href=\"https:\/\/fr.wikipedia.org\/wiki\/Ignacio_Piatti\">Ignacio Piatti<\/a>&nbsp;(79)<\/td><\/tr><tr><th scope=\"row\">Site web<\/th><td><a href=\"https:\/\/www.cfmontreal.com\/\">www.cfmontreal.com<\/a><\/td><\/tr><\/tbody><\/table><\/figure>\n\n\n\n<figure class=\"wp-block-table\"><table><tbody><tr><th scope=\"row\">National<sup><a href=\"https:\/\/fr.wikipedia.org\/wiki\/Club_de_Foot_Montr%C3%A9al#cite_note-palmares-1\">1<\/a><\/sup><\/th><td><a href=\"https:\/\/fr.wikipedia.org\/wiki\/Premi%C3%A8re_division_de_United_Soccer_Leagues\">United Soccer Leagues<\/a>&nbsp;(3)<br><a href=\"https:\/\/fr.wikipedia.org\/wiki\/Championnat_canadien\">Championnat canadien<\/a>&nbsp;(4)<br><a href=\"https:\/\/fr.wikipedia.org\/wiki\/Coupe_des_Voyageurs\">Coupe des Voyageurs<\/a>&nbsp;(10)<\/td><\/tr><\/tbody><\/table><\/figure>\n\n\n\n<p class=\"wp-block-paragraph\"><a href=\"https:\/\/fr.wikipedia.org\/wiki\/Maillot_de_football\">Maillots<\/a><\/p>\n\n\n\n<figure class=\"wp-block-table\"><table><tbody><tr><td><a href=\"https:\/\/fr.wikipedia.org\/wiki\/Fichier:Kit_left_arm_impact19h.png\"><\/a><img loading=\"lazy\" decoding=\"async\" alt=\"\" src=\"https:\/\/upload.wikimedia.org\/wikipedia\/commons\/thumb\/7\/7f\/Kit_left_arm.svg\/31px-Kit_left_arm.svg.png\" width=\"31\" height=\"59\" srcset=\"\/\/upload.wikimedia.org\/wikipedia\/commons\/thumb\/7\/7f\/Kit_left_arm.svg\/47px-Kit_left_arm.svg.png 1.5x, \/\/upload.wikimedia.org\/wikipedia\/commons\/thumb\/7\/7f\/Kit_left_arm.svg\/62px-Kit_left_arm.svg.png 2x\"><a href=\"https:\/\/fr.wikipedia.org\/wiki\/Fichier:Kit_body_impact19h.png\"><\/a><img loading=\"lazy\" decoding=\"async\" alt=\"\" src=\"https:\/\/upload.wikimedia.org\/wikipedia\/commons\/thumb\/8\/83\/Kit_body.svg\/38px-Kit_body.svg.png\" width=\"38\" height=\"59\" srcset=\"\/\/upload.wikimedia.org\/wikipedia\/commons\/thumb\/8\/83\/Kit_body.svg\/57px-Kit_body.svg.png 1.5x, \/\/upload.wikimedia.org\/wikipedia\/commons\/thumb\/8\/83\/Kit_body.svg\/76px-Kit_body.svg.png 2x\"><a href=\"https:\/\/fr.wikipedia.org\/wiki\/Fichier:Kit_right_arm_impact19h.png\"><\/a><img loading=\"lazy\" decoding=\"async\" alt=\"\" src=\"https:\/\/upload.wikimedia.org\/wikipedia\/commons\/thumb\/c\/cd\/Kit_right_arm.svg\/31px-Kit_right_arm.svg.png\" width=\"31\" height=\"59\" srcset=\"\/\/upload.wikimedia.org\/wikipedia\/commons\/thumb\/c\/cd\/Kit_right_arm.svg\/47px-Kit_right_arm.svg.png 1.5x, \/\/upload.wikimedia.org\/wikipedia\/commons\/thumb\/c\/cd\/Kit_right_arm.svg\/62px-Kit_right_arm.svg.png 2x\"><a href=\"https:\/\/fr.wikipedia.org\/wiki\/Fichier:Kit_shorts_impact19h.png\"><\/a><img loading=\"lazy\" decoding=\"async\" alt=\"\" src=\"https:\/\/upload.wikimedia.org\/wikipedia\/commons\/thumb\/a\/af\/Kit_shorts.svg\/100px-Kit_shorts.svg.png\" width=\"100\" height=\"36\" srcset=\"\/\/upload.wikimedia.org\/wikipedia\/commons\/thumb\/a\/af\/Kit_shorts.svg\/150px-Kit_shorts.svg.png 1.5x, \/\/upload.wikimedia.org\/wikipedia\/commons\/thumb\/a\/af\/Kit_shorts.svg\/200px-Kit_shorts.svg.png 2x\"><a href=\"https:\/\/fr.wikipedia.org\/wiki\/Fichier:Kit_socks_impact16h.png\"><\/a><img loading=\"lazy\" decoding=\"async\" alt=\"\" src=\"https:\/\/upload.wikimedia.org\/wikipedia\/commons\/thumb\/9\/9b\/Kit_socks_long.svg\/100px-Kit_socks_long.svg.png\" width=\"100\" height=\"40\" srcset=\"\/\/upload.wikimedia.org\/wikipedia\/commons\/thumb\/9\/9b\/Kit_socks_long.svg\/150px-Kit_socks_long.svg.png 1.5x, \/\/upload.wikimedia.org\/wikipedia\/commons\/thumb\/9\/9b\/Kit_socks_long.svg\/200px-Kit_socks_long.svg.png 2x\"><strong>Domicile<\/strong><\/td><td><a href=\"https:\/\/fr.wikipedia.org\/wiki\/Fichier:Kit_left_arm_impact20a.png\"><\/a><img loading=\"lazy\" decoding=\"async\" alt=\"\" src=\"https:\/\/upload.wikimedia.org\/wikipedia\/commons\/thumb\/7\/7f\/Kit_left_arm.svg\/31px-Kit_left_arm.svg.png\" width=\"31\" height=\"59\" srcset=\"\/\/upload.wikimedia.org\/wikipedia\/commons\/thumb\/7\/7f\/Kit_left_arm.svg\/47px-Kit_left_arm.svg.png 1.5x, \/\/upload.wikimedia.org\/wikipedia\/commons\/thumb\/7\/7f\/Kit_left_arm.svg\/62px-Kit_left_arm.svg.png 2x\"><a href=\"https:\/\/fr.wikipedia.org\/wiki\/Fichier:Kit_body_impact20a.png\"><\/a><img loading=\"lazy\" decoding=\"async\" alt=\"\" src=\"https:\/\/upload.wikimedia.org\/wikipedia\/commons\/thumb\/8\/83\/Kit_body.svg\/38px-Kit_body.svg.png\" width=\"38\" height=\"59\" srcset=\"\/\/upload.wikimedia.org\/wikipedia\/commons\/thumb\/8\/83\/Kit_body.svg\/57px-Kit_body.svg.png 1.5x, \/\/upload.wikimedia.org\/wikipedia\/commons\/thumb\/8\/83\/Kit_body.svg\/76px-Kit_body.svg.png 2x\"><a href=\"https:\/\/fr.wikipedia.org\/wiki\/Fichier:Kit_right_arm_impact20a.png\"><\/a><img loading=\"lazy\" decoding=\"async\" alt=\"\" src=\"https:\/\/upload.wikimedia.org\/wikipedia\/commons\/thumb\/c\/cd\/Kit_right_arm.svg\/31px-Kit_right_arm.svg.png\" width=\"31\" height=\"59\" srcset=\"\/\/upload.wikimedia.org\/wikipedia\/commons\/thumb\/c\/cd\/Kit_right_arm.svg\/47px-Kit_right_arm.svg.png 1.5x, \/\/upload.wikimedia.org\/wikipedia\/commons\/thumb\/c\/cd\/Kit_right_arm.svg\/62px-Kit_right_arm.svg.png 2x\"><a href=\"https:\/\/fr.wikipedia.org\/wiki\/Fichier:Kit_shorts.png\"><\/a><img loading=\"lazy\" decoding=\"async\" alt=\"\" src=\"https:\/\/upload.wikimedia.org\/wikipedia\/commons\/thumb\/a\/af\/Kit_shorts.svg\/100px-Kit_shorts.svg.png\" width=\"100\" height=\"36\" srcset=\"\/\/upload.wikimedia.org\/wikipedia\/commons\/thumb\/a\/af\/Kit_shorts.svg\/150px-Kit_shorts.svg.png 1.5x, \/\/upload.wikimedia.org\/wikipedia\/commons\/thumb\/a\/af\/Kit_shorts.svg\/200px-Kit_shorts.svg.png 2x\"><a href=\"https:\/\/fr.wikipedia.org\/wiki\/Fichier:Kit_socks_impact20a.png\"><\/a><img loading=\"lazy\" decoding=\"async\" alt=\"\" src=\"https:\/\/upload.wikimedia.org\/wikipedia\/commons\/thumb\/9\/9b\/Kit_socks_long.svg\/100px-Kit_socks_long.svg.png\" width=\"100\" height=\"40\" srcset=\"\/\/upload.wikimedia.org\/wikipedia\/commons\/thumb\/9\/9b\/Kit_socks_long.svg\/150px-Kit_socks_long.svg.png 1.5x, \/\/upload.wikimedia.org\/wikipedia\/commons\/thumb\/9\/9b\/Kit_socks_long.svg\/200px-Kit_socks_long.svg.png 2x\"><strong>Ext\u00e9rieur<\/strong><\/td><\/tr><\/tbody><\/table><\/figure>\n\n\n\n<p class=\"wp-block-paragraph\">Actualit\u00e9s<\/p>\n\n\n\n<figure class=\"wp-block-image\"><img decoding=\"async\" src=\"https:\/\/upload.wikimedia.org\/wikipedia\/commons\/thumb\/c\/ce\/Soccerball_current_event.svg\/30px-Soccerball_current_event.svg.png\" alt=\"\"\/><\/figure>\n\n\n\n<p class=\"wp-block-paragraph\">Pour la saison en cours, voir&nbsp;:<br><em><strong><a href=\"https:\/\/fr.wikipedia.org\/wiki\/Saison_2021_du_Club_de_Foot_Montr%C3%A9al\">Saison 2021 du Club de Foot Montr\u00e9al<\/a><\/strong><\/em><br><s><\/s><\/p>\n\n\n\n<p class=\"wp-block-paragraph\"><a href=\"https:\/\/fr.wikipedia.org\/w\/index.php?title=Club_de_Foot_Montr%C3%A9al&amp;action=edit\">modifier<\/a><a href=\"https:\/\/fr.wikipedia.org\/wiki\/Mod%C3%A8le:Infobox_Club_de_football\"><\/a><\/p>\n\n\n\n<p class=\"wp-block-paragraph\">Le&nbsp;<strong>Club de Foot Montr\u00e9al<\/strong>, anciennement l&#8217;<strong>Impact de Montr\u00e9al<\/strong>&nbsp;est une&nbsp;<a href=\"https:\/\/fr.wikipedia.org\/wiki\/Club_sportif\">\u00e9quipe<\/a>&nbsp;<a href=\"https:\/\/fr.wikipedia.org\/wiki\/Canada\">canadienne<\/a>&nbsp;de&nbsp;<a href=\"https:\/\/fr.wikipedia.org\/wiki\/Football\">soccer<\/a>&nbsp;et une&nbsp;<a href=\"https:\/\/fr.wikipedia.org\/wiki\/Franchise_(sport)\">franchise<\/a>&nbsp;de&nbsp;<a href=\"https:\/\/fr.wikipedia.org\/wiki\/Major_League_Soccer\">Major League Soccer<\/a>&nbsp;(MLS) bas\u00e9e \u00e0&nbsp;<a href=\"https:\/\/fr.wikipedia.org\/wiki\/Montr%C3%A9al\">Montr\u00e9al<\/a>&nbsp;au&nbsp;<a href=\"https:\/\/fr.wikipedia.org\/wiki\/Qu%C3%A9bec\">Qu\u00e9bec<\/a>.<\/p>\n\n\n\n<p class=\"wp-block-paragraph\">Affili\u00e9e \u00e0 l&#8217;<a href=\"https:\/\/fr.wikipedia.org\/wiki\/Association_canadienne_de_soccer\">Association canadienne de soccer<\/a>&nbsp;et \u00e0 la&nbsp;<a href=\"https:\/\/fr.wikipedia.org\/wiki\/F%C3%A9d%C3%A9ration_de_soccer_du_Qu%C3%A9bec\">F\u00e9d\u00e9ration de soccer du Qu\u00e9bec<\/a>, l&#8217;\u00e9quipe, fond\u00e9e en&nbsp;<a href=\"https:\/\/fr.wikipedia.org\/wiki\/1992_en_football\">1992<\/a>&nbsp;est, depuis&nbsp;<a href=\"https:\/\/fr.wikipedia.org\/wiki\/2012_en_football\">2012<\/a>, une des&nbsp;<a href=\"https:\/\/fr.wikipedia.org\/wiki\/Franchise_(sport)\">franchises<\/a>&nbsp;de la&nbsp;<a href=\"https:\/\/fr.wikipedia.org\/wiki\/Major_League_Soccer\">Major League Soccer<\/a>&nbsp;(MLS), le championnat d&#8217;\u00e9lite des \u00c9tats-Unis et du Canada<sup><a href=\"https:\/\/fr.wikipedia.org\/wiki\/Club_de_Foot_Montr%C3%A9al#cite_note-rad-can-2012-2\">2<\/a><\/sup>.<\/p>\n\n\n\n<p class=\"wp-block-paragraph\">L&#8217;\u00e9quipe a notamment particip\u00e9 aux quarts de finale de la&nbsp;<a href=\"https:\/\/fr.wikipedia.org\/wiki\/Ligue_des_champions_de_la_CONCACAF_2008-2009\">Ligue des champions de la CONCACAF 2008-2009<\/a>&nbsp;et \u00e0 la finale de l&#8217;<a href=\"https:\/\/fr.wikipedia.org\/wiki\/Ligue_des_champions_de_la_CONCACAF_2014-2015\">\u00e9dition 2014-2015<\/a>. L&#8217;Impact dispute ses matchs \u00e0 domicile au&nbsp;<a href=\"https:\/\/fr.wikipedia.org\/wiki\/Stade_Saputo\">Stade Saputo<\/a>, un amphith\u00e9\u00e2tre sp\u00e9cifique pour le soccer de 20&nbsp;801&nbsp;si\u00e8ges, et pour certaines autres occasions, situ\u00e9 sur le terrain du&nbsp;<a href=\"https:\/\/fr.wikipedia.org\/wiki\/Stade_olympique_de_Montr%C3%A9al\">Stade olympique de Montr\u00e9al<\/a>.<\/p>\n\n\n\n<p class=\"wp-block-paragraph\">Depuis janvier&nbsp;<a href=\"https:\/\/fr.wikipedia.org\/wiki\/2019_en_football\">2019<\/a>, le club est pr\u00e9sid\u00e9 par&nbsp;<a href=\"https:\/\/fr.wikipedia.org\/wiki\/Kevin_Gilmore\">Kevin Gilmore<\/a>&nbsp;qui a succ\u00e9d\u00e9 au propri\u00e9taire et pr\u00e9sident fondateur,&nbsp;<a href=\"https:\/\/fr.wikipedia.org\/wiki\/Joey_Saputo\">Joey Saputo<\/a>. La nouvelle direction am\u00e8ne en 2021 une nouvelle identit\u00e9 au club qui change de nom et de logo.<\/p>\n\n\n\n<h2 class=\"wp-block-heading\" id=\"mw-toc-heading\">Sommaire<\/h2>\n\n\n\n<ul class=\"wp-block-list\"><li><a href=\"https:\/\/fr.wikipedia.org\/wiki\/Club_de_Foot_Montr%C3%A9al#Histoire\">1Histoire<\/a><ul><li><a href=\"https:\/\/fr.wikipedia.org\/wiki\/Club_de_Foot_Montr%C3%A9al#Soccer_%C3%A0_Montr%C3%A9al\">1.1Soccer \u00e0 Montr\u00e9al<\/a><\/li><li><a href=\"https:\/\/fr.wikipedia.org\/wiki\/Club_de_Foot_Montr%C3%A9al#Cr%C3%A9ation_d'un_club_ambitieux_et_premier_titre_en_APSL_(1992-1994)\">1.2Cr\u00e9ation d&#8217;un club ambitieux et premier titre en APSL (1992-1994)<\/a><\/li><li><a href=\"https:\/\/fr.wikipedia.org\/wiki\/Club_de_Foot_Montr%C3%A9al#L'aventure_en_A-League\">1.3L&#8217;aventure en A-League<\/a><\/li><li><a href=\"https:\/\/fr.wikipedia.org\/wiki\/Club_de_Foot_Montr%C3%A9al#Faillite_puis_sauvetage_du_club\">1.4Faillite puis sauvetage du club<\/a><\/li><li><a href=\"https:\/\/fr.wikipedia.org\/wiki\/Club_de_Foot_Montr%C3%A9al#Retour_%C3%A0_la_comp%C3%A9tition_et_reconnaissance_en_USL_(2005-2008)\">1.5Retour \u00e0 la comp\u00e9tition et reconnaissance en USL (2005-2008)<\/a><\/li><li><a href=\"https:\/\/fr.wikipedia.org\/wiki\/Club_de_Foot_Montr%C3%A9al#Reconnaissance_internationale_(2008-2009)\">1.6Reconnaissance internationale (2008-2009)<\/a><\/li><li><a href=\"https:\/\/fr.wikipedia.org\/wiki\/Club_de_Foot_Montr%C3%A9al#Transition_vers_l'%C3%A9lite_et_la_MLS_(2010-2011)\">1.7Transition vers l&#8217;\u00e9lite et la MLS (2010-2011)<\/a><\/li><li><a href=\"https:\/\/fr.wikipedia.org\/wiki\/Club_de_Foot_Montr%C3%A9al#Premi%C3%A8res_saisons_en_Major_League_Soccer_(2012-2014)\">1.8Premi\u00e8res saisons en Major League Soccer (2012-2014)<\/a><\/li><li><a href=\"https:\/\/fr.wikipedia.org\/wiki\/Club_de_Foot_Montr%C3%A9al#Finale_continentale_et_dimension_internationale_(2015-2017)\">1.9Finale continentale et dimension internationale (2015-2017)<\/a><\/li><li><a href=\"https:\/\/fr.wikipedia.org\/wiki\/Club_de_Foot_Montr%C3%A9al#L'%C3%A8re_des_%C2%AB_entra%C3%AEneurs_d%C3%A9sign%C3%A9s_%C2%BB_et_nouvelle_identit%C3%A9_(depuis_2018)\">1.10L&#8217;\u00e8re des \u00ab&nbsp;entra\u00eeneurs d\u00e9sign\u00e9s&nbsp;\u00bb et nouvelle identit\u00e9 (depuis 2018)<\/a><\/li><\/ul><\/li><li><a href=\"https:\/\/fr.wikipedia.org\/wiki\/Club_de_Foot_Montr%C3%A9al#Palmar%C3%A8s_et_records\">2Palmar\u00e8s et records<\/a><ul><li><a href=\"https:\/\/fr.wikipedia.org\/wiki\/Club_de_Foot_Montr%C3%A9al#Palmar%C3%A8s\">2.1Palmar\u00e8s<\/a><\/li><li><a href=\"https:\/\/fr.wikipedia.org\/wiki\/Club_de_Foot_Montr%C3%A9al#Bilan_par_saison\">2.2Bilan par saison<\/a><\/li><li><a href=\"https:\/\/fr.wikipedia.org\/wiki\/Club_de_Foot_Montr%C3%A9al#Parcours_en_Ligue_des_champions\">2.3Parcours en Ligue des champions<\/a><\/li><li><a href=\"https:\/\/fr.wikipedia.org\/wiki\/Club_de_Foot_Montr%C3%A9al#Records\">2.4Records<\/a><ul><li><a href=\"https:\/\/fr.wikipedia.org\/wiki\/Club_de_Foot_Montr%C3%A9al#Meilleurs_buteurs_par_saison_(depuis_2012)\">2.4.1Meilleurs buteurs par saison (depuis 2012)<\/a><\/li><li><a href=\"https:\/\/fr.wikipedia.org\/wiki\/Club_de_Foot_Montr%C3%A9al#Individuels\">2.4.2Individuels<\/a><\/li><li><a href=\"https:\/\/fr.wikipedia.org\/wiki\/Club_de_Foot_Montr%C3%A9al#Collectifs\">2.4.3Collectifs<\/a><\/li><li><a href=\"https:\/\/fr.wikipedia.org\/wiki\/Club_de_Foot_Montr%C3%A9al#Buts_marquants_dans_l'histoire_du_club\">2.4.4Buts marquants dans l&#8217;histoire du club<\/a><\/li><\/ul><\/li><\/ul><\/li><li><a href=\"https:\/\/fr.wikipedia.org\/wiki\/Club_de_Foot_Montr%C3%A9al#Image_et_identit%C3%A9\">3Image et identit\u00e9<\/a><ul><li><a href=\"https:\/\/fr.wikipedia.org\/wiki\/Club_de_Foot_Montr%C3%A9al#%C3%89quipementiers_et_commanditaires\">3.1\u00c9quipementiers et commanditaires<\/a><\/li><li><a href=\"https:\/\/fr.wikipedia.org\/wiki\/Club_de_Foot_Montr%C3%A9al#Uniformes\">3.2Uniformes<\/a><\/li><li><a href=\"https:\/\/fr.wikipedia.org\/wiki\/Club_de_Foot_Montr%C3%A9al#Logos\">3.3Logos<\/a><\/li><\/ul><\/li><li><a href=\"https:\/\/fr.wikipedia.org\/wiki\/Club_de_Foot_Montr%C3%A9al#Infrastructures\">4Infrastructures<\/a><ul><li><a href=\"https:\/\/fr.wikipedia.org\/wiki\/Club_de_Foot_Montr%C3%A9al#Stades\">4.1Stades<\/a><\/li><li><a href=\"https:\/\/fr.wikipedia.org\/wiki\/Club_de_Foot_Montr%C3%A9al#Centre_d'entrainement\">4.2Centre d&#8217;entrainement<\/a><\/li><li><a href=\"https:\/\/fr.wikipedia.org\/wiki\/Club_de_Foot_Montr%C3%A9al#Acad%C3%A9mie_de_soccer\">4.3Acad\u00e9mie de soccer<\/a><\/li><\/ul><\/li><li><a href=\"https:\/\/fr.wikipedia.org\/wiki\/Club_de_Foot_Montr%C3%A9al#Personnalit%C3%A9s_historiques_du_club\">5Personnalit\u00e9s historiques du club<\/a><ul><li><a href=\"https:\/\/fr.wikipedia.org\/wiki\/Club_de_Foot_Montr%C3%A9al#Dirigeants\">5.1Dirigeants<\/a><\/li><li><a href=\"https:\/\/fr.wikipedia.org\/wiki\/Club_de_Foot_Montr%C3%A9al#Entra%C3%AEneurs\">5.2Entra\u00eeneurs<\/a><\/li><li><a href=\"https:\/\/fr.wikipedia.org\/wiki\/Club_de_Foot_Montr%C3%A9al#Joueurs_embl%C3%A9matiques\">5.3Joueurs embl\u00e9matiques<\/a><ul><li><a href=\"https:\/\/fr.wikipedia.org\/wiki\/Club_de_Foot_Montr%C3%A9al#Mur_de_la_renomm%C3%A9e\">5.3.1Mur de la renomm\u00e9e<\/a><\/li><li><a href=\"https:\/\/fr.wikipedia.org\/wiki\/Club_de_Foot_Montr%C3%A9al#Pr%C3%A9-MLS_(1993-2011)\">5.3.2Pr\u00e9-MLS (1993-2011)<\/a><\/li><li><a href=\"https:\/\/fr.wikipedia.org\/wiki\/Club_de_Foot_Montr%C3%A9al#Dans_la_MLS_(depuis_2012)\">5.3.3Dans la MLS (depuis 2012)<\/a><\/li><li><a href=\"https:\/\/fr.wikipedia.org\/wiki\/Club_de_Foot_Montr%C3%A9al#Joueurs_d%C3%A9sign%C3%A9s\">5.3.4Joueurs d\u00e9sign\u00e9s<\/a><\/li><\/ul><\/li><li><a href=\"https:\/\/fr.wikipedia.org\/wiki\/Club_de_Foot_Montr%C3%A9al#Effectif_et_encadrement\">5.4Effectif et encadrement<\/a><\/li><\/ul><\/li><li><a href=\"https:\/\/fr.wikipedia.org\/wiki\/Club_de_Foot_Montr%C3%A9al#%C3%89quipe_r%C3%A9serve_:_le_FC_Montr%C3%A9al\">6\u00c9quipe r\u00e9serve&nbsp;: le FC Montr\u00e9al<\/a><ul><li><a href=\"https:\/\/fr.wikipedia.org\/wiki\/Club_de_Foot_Montr%C3%A9al#Histoire_2\">6.1Histoire<\/a><\/li><li><a href=\"https:\/\/fr.wikipedia.org\/wiki\/Club_de_Foot_Montr%C3%A9al#Stade\">6.2Stade<\/a><\/li><li><a href=\"https:\/\/fr.wikipedia.org\/wiki\/Club_de_Foot_Montr%C3%A9al#Bilan_par_saison_2\">6.3Bilan par saison<\/a><\/li><li><a href=\"https:\/\/fr.wikipedia.org\/wiki\/Club_de_Foot_Montr%C3%A9al#Meilleurs_buteurs_par_saison\">6.4Meilleurs buteurs par saison<\/a><\/li><li><a href=\"https:\/\/fr.wikipedia.org\/wiki\/Club_de_Foot_Montr%C3%A9al#Entra%C3%AEneurs_2\">6.5Entra\u00eeneurs<\/a><\/li><\/ul><\/li><li><a href=\"https:\/\/fr.wikipedia.org\/wiki\/Club_de_Foot_Montr%C3%A9al#Diffuseurs\">7Diffuseurs<\/a><\/li><li><a href=\"https:\/\/fr.wikipedia.org\/wiki\/Club_de_Foot_Montr%C3%A9al#Couverture_m%C3%A9diatique_de_l'Impact\">8Couverture m\u00e9diatique de l&#8217;Impact<\/a><\/li><li><a href=\"https:\/\/fr.wikipedia.org\/wiki\/Club_de_Foot_Montr%C3%A9al#Rentabilit%C3%A9_et_revenus\">9Rentabilit\u00e9 et revenus<\/a><\/li><li><a href=\"https:\/\/fr.wikipedia.org\/wiki\/Club_de_Foot_Montr%C3%A9al#Soutien_et_image\">10Soutien et image<\/a><ul><li><a href=\"https:\/\/fr.wikipedia.org\/wiki\/Club_de_Foot_Montr%C3%A9al#Groupes_de_supporteurs\">10.1Groupes de supporteurs<\/a><\/li><li><a href=\"https:\/\/fr.wikipedia.org\/wiki\/Club_de_Foot_Montr%C3%A9al#Rivalit%C3%A9s\">10.2Rivalit\u00e9s<\/a><ul><li><a href=\"https:\/\/fr.wikipedia.org\/wiki\/Club_de_Foot_Montr%C3%A9al#Records_d'affluences\">10.2.1Records d&#8217;affluences<\/a><\/li><\/ul><\/li><li><a href=\"https:\/\/fr.wikipedia.org\/wiki\/Club_de_Foot_Montr%C3%A9al#Prix_individuels\">10.3Prix individuels<\/a><\/li><li><a href=\"https:\/\/fr.wikipedia.org\/wiki\/Club_de_Foot_Montr%C3%A9al#R%C3%A9cipiendaires_du_Troph%C3%A9e_Giuseppe_Saputo\">10.4R\u00e9cipiendaires du Troph\u00e9e Giuseppe Saputo<\/a><\/li><\/ul><\/li><li><a href=\"https:\/\/fr.wikipedia.org\/wiki\/Club_de_Foot_Montr%C3%A9al#Notes_et_r%C3%A9f%C3%A9rences\">11Notes et r\u00e9f\u00e9rences<\/a><ul><li><a href=\"https:\/\/fr.wikipedia.org\/wiki\/Club_de_Foot_Montr%C3%A9al#Notes\">11.1Notes<\/a><\/li><li><a href=\"https:\/\/fr.wikipedia.org\/wiki\/Club_de_Foot_Montr%C3%A9al#R%C3%A9f%C3%A9rences\">11.2R\u00e9f\u00e9rences<\/a><\/li><\/ul><\/li><li><a href=\"https:\/\/fr.wikipedia.org\/wiki\/Club_de_Foot_Montr%C3%A9al#Article_connexe\">12Article connexe<\/a><\/li><li><a href=\"https:\/\/fr.wikipedia.org\/wiki\/Club_de_Foot_Montr%C3%A9al#Liens_externes\">13Liens externes<\/a><\/li><\/ul>\n\n\n\n<h2 class=\"wp-block-heading\">Histoire[<a href=\"https:\/\/fr.wikipedia.org\/w\/index.php?title=Club_de_Foot_Montr%C3%A9al&amp;veaction=edit&amp;section=1\">modifier<\/a>&nbsp;|&nbsp;<a href=\"https:\/\/fr.wikipedia.org\/w\/index.php?title=Club_de_Foot_Montr%C3%A9al&amp;action=edit&amp;section=1\">modifier le code<\/a>]<\/h2>\n\n\n\n<h3 class=\"wp-block-heading\">Soccer \u00e0 Montr\u00e9al[<a href=\"https:\/\/fr.wikipedia.org\/w\/index.php?title=Club_de_Foot_Montr%C3%A9al&amp;veaction=edit&amp;section=2\">modifier<\/a>&nbsp;|&nbsp;<a href=\"https:\/\/fr.wikipedia.org\/w\/index.php?title=Club_de_Foot_Montr%C3%A9al&amp;action=edit&amp;section=2\">modifier le code<\/a>]<\/h3>\n\n\n\n<p class=\"wp-block-paragraph\">Malgr\u00e9 la cr\u00e9ation de l&#8217;<a href=\"https:\/\/fr.wikipedia.org\/wiki\/Association_canadienne_de_soccer\">Association canadienne de soccer<\/a>&nbsp;et de la&nbsp;<a href=\"https:\/\/fr.wikipedia.org\/wiki\/F%C3%A9d%C3%A9ration_de_soccer_du_Qu%C3%A9bec\">F\u00e9d\u00e9ration de soccer du Qu\u00e9bec<\/a>&nbsp;d\u00e8s&nbsp;<a href=\"https:\/\/fr.wikipedia.org\/wiki\/1911_en_football\">1911<\/a>, ce n&#8217;est qu&#8217;en&nbsp;<a href=\"https:\/\/fr.wikipedia.org\/wiki\/1971_en_football\">1971<\/a>&nbsp;qu&#8217;est cr\u00e9\u00e9 le premier club professionnel du&nbsp;<a href=\"https:\/\/fr.wikipedia.org\/wiki\/Qu%C3%A9bec\">Qu\u00e9bec<\/a>, l&#8217;<a href=\"https:\/\/fr.wikipedia.org\/wiki\/Olympique_de_Montr%C3%A9al\">Olympique de Montr\u00e9al<\/a>. Il int\u00e8gre la&nbsp;<a href=\"https:\/\/fr.wikipedia.org\/wiki\/North_American_Soccer_League_(1968-1984)\">North American Soccer League<\/a>, la premi\u00e8re grande ligue professionnelle de soccer en Am\u00e9rique du Nord o\u00f9 la majorit\u00e9 des \u00e9quipes sont bas\u00e9es aux&nbsp;<a href=\"https:\/\/fr.wikipedia.org\/wiki\/%C3%89tats-Unis\">\u00c9tats-Unis<\/a>. L&#8217;\u00e9quipe dispara\u00eet apr\u00e8s seulement trois saisons. En 1981, la&nbsp;<a href=\"https:\/\/fr.wikipedia.org\/wiki\/Molson\">brasserie Molson<\/a>&nbsp;rach\u00e8te la&nbsp;<a href=\"https:\/\/fr.wikipedia.org\/wiki\/Franchise_(sport)\">franchise<\/a>&nbsp;du&nbsp;<a href=\"https:\/\/fr.wikipedia.org\/w\/index.php?title=Fury_de_Philadelphie&amp;action=edit&amp;redlink=1\">Fury de Philadelphie<\/a>&nbsp;<a href=\"https:\/\/en.wikipedia.org\/wiki\/Philadelphia_Fury\"><strong>(en)<\/strong><\/a>&nbsp;et la relocalise \u00e0 Montr\u00e9al sous le nom de&nbsp;<a href=\"https:\/\/fr.wikipedia.org\/wiki\/Manic_de_Montr%C3%A9al\">Manic de Montr\u00e9al<\/a><sup><a href=\"https:\/\/fr.wikipedia.org\/wiki\/Club_de_Foot_Montr%C3%A9al#cite_note-FQSFhisto-3\">3<\/a><\/sup>. D\u00e8s ses d\u00e9buts, l&#8217;\u00e9quipe remporte des succ\u00e8s et devient&nbsp;\u00ab&nbsp;m\u00eame une concession cl\u00e9 de la ligue&nbsp;\u00bb<sup><a href=\"https:\/\/fr.wikipedia.org\/wiki\/Club_de_Foot_Montr%C3%A9al#cite_note-FQSFhisto-3\">3<\/a><\/sup>. Pendant les saisons 1981 et 1982, l&#8217;\u00e9quipe obtient beaucoup de succ\u00e8s aupr\u00e8s des amateurs de soccer montr\u00e9alais et qu\u00e9b\u00e9cois et attire m\u00eame une foule record de 58&nbsp;542&nbsp;personnes lors d&#8217;un match ayant lieu le&nbsp;2 septembre 1981. La saison 1983 s&#8217;av\u00e8re beaucoup plus difficile et le Manic est forc\u00e9 de cesser ses activit\u00e9s \u00e0 la fin de la saison 1983<sup><a href=\"https:\/\/fr.wikipedia.org\/wiki\/Club_de_Foot_Montr%C3%A9al#cite_note-FQSFhisto-3\">3<\/a><\/sup><sup>,<\/sup><sup><a href=\"https:\/\/fr.wikipedia.org\/wiki\/Club_de_Foot_Montr%C3%A9al#cite_note-4\">4<\/a><\/sup>. La NASL dispara\u00eet un an plus tard en 1984.<\/p>\n\n\n\n<p class=\"wp-block-paragraph\">En 1987 est cr\u00e9\u00e9e la&nbsp;<a href=\"https:\/\/fr.wikipedia.org\/wiki\/Ligue_canadienne_de_soccer_(1987-1992)\">Ligue canadienne de soccer<\/a>, le premier championnat national du Canada. Le&nbsp;<a href=\"https:\/\/fr.wikipedia.org\/wiki\/Supra_Montr%C3%A9al\">Supra Montr\u00e9al<\/a>&nbsp;est cr\u00e9\u00e9 en 1988 pour int\u00e9grer la LCS pour sa deuxi\u00e8me saison. \u00c0 l&#8217;issue de la saison&nbsp;<a href=\"https:\/\/fr.wikipedia.org\/wiki\/1992_en_football\">1992<\/a>, la&nbsp;<a href=\"https:\/\/fr.wikipedia.org\/wiki\/Ligue_canadienne_de_soccer_(1987-1992)\">Ligue canadienne de soccer<\/a>&nbsp;et le&nbsp;<a href=\"https:\/\/fr.wikipedia.org\/wiki\/Supra_Montr%C3%A9al\">Supra Montr\u00e9al<\/a>&nbsp;sont dissous.<\/p>\n\n\n\n<h3 class=\"wp-block-heading\">Cr\u00e9ation d&#8217;un club ambitieux et premier titre en APSL (1992-1994)[<a href=\"https:\/\/fr.wikipedia.org\/w\/index.php?title=Club_de_Foot_Montr%C3%A9al&amp;veaction=edit&amp;section=3\">modifier<\/a>&nbsp;|&nbsp;<a href=\"https:\/\/fr.wikipedia.org\/w\/index.php?title=Club_de_Foot_Montr%C3%A9al&amp;action=edit&amp;section=3\">modifier le code<\/a>]<\/h3>\n\n\n\n<p class=\"wp-block-paragraph\">Le&nbsp;<a href=\"https:\/\/fr.wikipedia.org\/wiki\/10_d%C3%A9cembre_en_sport\">10 d\u00e9cembre<\/a>&nbsp;<a href=\"https:\/\/fr.wikipedia.org\/wiki\/1992_en_football\">1992<\/a>, quelques mois seulement apr\u00e8s la disparition de la LCS, la&nbsp;<a href=\"https:\/\/fr.wikipedia.org\/wiki\/Groupe_Saputo\">famille Saputo<\/a>&nbsp;et&nbsp;<a href=\"https:\/\/fr.wikipedia.org\/wiki\/Jean_Dor%C3%A9\">Jean Dor\u00e9<\/a>, le Maire de la ville de&nbsp;<a href=\"https:\/\/fr.wikipedia.org\/wiki\/Montr%C3%A9al\">Montr\u00e9al<\/a>, annoncent lors d&#8217;une conf\u00e9rence de presse la cr\u00e9ation d&#8217;une nouvelle franchise en&nbsp;<a href=\"https:\/\/fr.wikipedia.org\/wiki\/American_Professional_Soccer_League\">American Professional Soccer League<\/a>&nbsp;(APSL)<sup><a href=\"https:\/\/fr.wikipedia.org\/wiki\/Club_de_Foot_Montr%C3%A9al#cite_note-5\">5<\/a><\/sup>, ligue nouvellement cr\u00e9\u00e9e \u00e9quivalente au premier niveau de l&#8217;\u00e9chelle du&nbsp;<a href=\"https:\/\/fr.wikipedia.org\/wiki\/Football\">soccer<\/a>&nbsp;nord-am\u00e9ricain. Sur le point d&#8217;accueillir la&nbsp;<a href=\"https:\/\/fr.wikipedia.org\/wiki\/Coupe_du_monde_de_football_de_1994\">Coupe du monde 1994<\/a>, les \u00c9tats-Unis sont alors, \u00e0 la demande de la&nbsp;<a href=\"https:\/\/fr.wikipedia.org\/wiki\/F%C3%A9d%C3%A9ration_internationale_de_football_association\">FIFA<\/a>, en train de restructurer le sport sur le continent. Ce n&#8217;est que le&nbsp;<a href=\"https:\/\/fr.wikipedia.org\/wiki\/2_f%C3%A9vrier_en_sport\">2 f\u00e9vrier<\/a>&nbsp;<a href=\"https:\/\/fr.wikipedia.org\/wiki\/1993_en_football\">1993<\/a>&nbsp;que la nouvelle \u00e9quipe d\u00e9voile son identit\u00e9 avec le nom d&#8217;Impact de Montr\u00e9al ainsi que les couleurs bleu-blanc-noir qui la caract\u00e9risent<sup><a href=\"https:\/\/fr.wikipedia.org\/wiki\/Club_de_Foot_Montr%C3%A9al#cite_note-Firmani_entra%C3%AEneur-6\">6<\/a><\/sup>.&nbsp;<a href=\"https:\/\/fr.wikipedia.org\/wiki\/Eddie_Firmani\">Eddie Firmani<\/a>, entra\u00eeneur du&nbsp;<a href=\"https:\/\/fr.wikipedia.org\/wiki\/Cosmos_de_New_York_(1971-1985)\">Cosmos de New York<\/a>&nbsp;de&nbsp;<a href=\"https:\/\/fr.wikipedia.org\/wiki\/Franz_Beckenbauer\">Franz Beckenbauer<\/a>, du&nbsp;<a href=\"https:\/\/fr.wikipedia.org\/wiki\/Manic_de_Montr%C3%A9al\">Manic de Montr\u00e9al<\/a>&nbsp;(1981-1982) et du&nbsp;<a href=\"https:\/\/fr.wikipedia.org\/wiki\/Supra_de_Montr%C3%A9al\">Supra de Montr\u00e9al<\/a>&nbsp;(1991-1992) fait un deuxi\u00e8me retour dans la m\u00e9tropole qu\u00e9b\u00e9coise en devenant officiellement le premier entra\u00eeneur du premier club de la province<sup><a href=\"https:\/\/fr.wikipedia.org\/wiki\/Club_de_Foot_Montr%C3%A9al#cite_note-Firmani_entra%C3%AEneur-6\">6<\/a><\/sup>.<\/p>\n\n\n\n<p class=\"wp-block-paragraph\">Pour la saison 1993, l&#8217;Impact de Montr\u00e9al est rejoint par les&nbsp;<a href=\"https:\/\/fr.wikipedia.org\/wiki\/Whitecaps_de_Vancouver_(MLS)\">Vancouver 86ers<\/a>&nbsp;et le&nbsp;<a href=\"https:\/\/fr.wikipedia.org\/w\/index.php?title=Blizzard_de_Toronto_(1986-1993)&amp;action=edit&amp;redlink=1\">Blizzard de Toronto<\/a>&nbsp;qui participent aussi \u00e0 l&#8217;APSL apr\u00e8s la fin des activit\u00e9s de la CSL l&#8217;ann\u00e9e pr\u00e9c\u00e9dente. Lors de sa premi\u00e8re rencontre officielle, l&#8217;Impact, emmen\u00e9 par son capitaine fran\u00e7ais&nbsp;<a href=\"https:\/\/fr.wikipedia.org\/wiki\/Patrice_Ferri\">Patrice Ferri<\/a><sup><a href=\"https:\/\/fr.wikipedia.org\/wiki\/Club_de_Foot_Montr%C3%A9al#cite_note-7\">7<\/a><\/sup>, affronte le&nbsp;<a href=\"https:\/\/fr.wikipedia.org\/w\/index.php?title=Salsa_de_Los_Angeles&amp;action=edit&amp;redlink=1\">Salsa de Los Angeles<\/a>&nbsp;le&nbsp;<a href=\"https:\/\/fr.wikipedia.org\/wiki\/14_mai\">14<\/a>&nbsp;<a href=\"https:\/\/fr.wikipedia.org\/wiki\/Mai_1993\">mai<\/a>&nbsp;<a href=\"https:\/\/fr.wikipedia.org\/wiki\/1993\">1993<\/a>&nbsp;et s&#8217;incline aux tirs au but lanc\u00e9s apr\u00e8s un verdict nul de 2-2 o\u00f9 l&#8217;<a href=\"https:\/\/fr.wikipedia.org\/wiki\/%C3%89quipe_du_Canada_de_soccer\">international<\/a>&nbsp;<a href=\"https:\/\/fr.wikipedia.org\/wiki\/Canada\">canadien<\/a>&nbsp;<a href=\"https:\/\/fr.wikipedia.org\/w\/index.php?title=Dino_Lopez&amp;action=edit&amp;redlink=1\">Dino Lopez<\/a>&nbsp;inscrit le premier but de l&#8217;histoire du club<sup><a href=\"https:\/\/fr.wikipedia.org\/wiki\/Club_de_Foot_Montr%C3%A9al#cite_note-8\">8<\/a><\/sup><sup>,<\/sup><sup><a href=\"https:\/\/fr.wikipedia.org\/wiki\/Club_de_Foot_Montr%C3%A9al#cite_note-9\">9<\/a><\/sup>. Une semaine plus tard, pour une premi\u00e8re rencontre \u00e0 domicile au&nbsp;<a href=\"https:\/\/fr.wikipedia.org\/wiki\/Complexe_sportif_Claude-Robillard\">Centre Claude-Robillard<\/a>, Montr\u00e9al dispose des&nbsp;<a href=\"https:\/\/fr.wikipedia.org\/wiki\/Rowdies_de_Tampa_Bay_(1975-1993)\">Rowdies de Tampa Bay<\/a>&nbsp;devant 5&nbsp;380&nbsp;spectateurs dans une soir\u00e9e qui marque le retour du soccer professionnel au&nbsp;<a href=\"https:\/\/fr.wikipedia.org\/wiki\/Qu%C3%A9bec\">Qu\u00e9bec<\/a><sup><a href=\"https:\/\/fr.wikipedia.org\/wiki\/Club_de_Foot_Montr%C3%A9al#cite_note-10\">10<\/a><\/sup>. N\u00e9anmoins, la premi\u00e8re saison de l&#8217;Impact de Montr\u00e9al ne conna\u00eet pas le succ\u00e8s sportif esp\u00e9r\u00e9 et la nouvelle franchise termine au pied du classement compos\u00e9 de sept \u00e9quipes, hors du portrait des s\u00e9ries \u00e9liminatoires<sup><a href=\"https:\/\/fr.wikipedia.org\/wiki\/Club_de_Foot_Montr%C3%A9al#cite_note-11\">11<\/a><\/sup>.\u00ab&nbsp;On venait de prouver qu\u2019une \u00e9quipe locale pouvait remporter un championnat nord-am\u00e9ricain. Je crois que ce titre-l\u00e0 a lanc\u00e9 l\u2019Impact dans le paysage sportif montr\u00e9alais. C\u2019\u00e9tait vraiment sp\u00e9cial de vivre \u00e7a.&nbsp;\u00bb<br>&#8211;&nbsp;<a href=\"https:\/\/fr.wikipedia.org\/wiki\/Nick_De_Santis\">Nick De Santis<\/a>&nbsp;en octobre 1994<sup><a href=\"https:\/\/fr.wikipedia.org\/wiki\/Club_de_Foot_Montr%C3%A9al#cite_note-Parade_Radio-Canada-12\">12<\/a><\/sup>.<\/p>\n\n\n\n<p class=\"wp-block-paragraph\">Alors que la&nbsp;<a href=\"https:\/\/fr.wikipedia.org\/wiki\/Saison_1994_de_l%27American_Professional_Soccer_League\">saison 1994<\/a>&nbsp;d\u00e9marre le&nbsp;1<sup>er<\/sup>&nbsp;juillet, l&#8217;entra\u00eeneur vedette Eddie Firmani d\u00e9missionne le 29 juin et c&#8217;est le&nbsp;<a href=\"https:\/\/fr.wikipedia.org\/wiki\/Laval_(Qu%C3%A9bec)\">Lavallois<\/a>&nbsp;Valerio Gazzola, un de ses adjoints, qui prend les r\u00eanes de l&#8217;\u00e9quipe de mani\u00e8re pr\u00e9cipit\u00e9e<sup><a href=\"https:\/\/fr.wikipedia.org\/wiki\/Club_de_Foot_Montr%C3%A9al#cite_note-Firmani_%C3%A0_Gazzola-13\">13<\/a><\/sup>. Pour renforcer une offensive mal en point en 1993, l&#8217;Impact fait appel aux services de joueurs comme&nbsp;<a href=\"https:\/\/fr.wikipedia.org\/wiki\/Jean_Harbor\">Jean Harbor<\/a>, alors meilleur buteur de l&#8217;histoire en APSL<sup><a href=\"https:\/\/fr.wikipedia.org\/wiki\/Club_de_Foot_Montr%C3%A9al#cite_note-7_juin_1994-14\">14<\/a><\/sup>, et&nbsp;<a href=\"https:\/\/fr.wikipedia.org\/w\/index.php?title=Philip_Gyau&amp;action=edit&amp;redlink=1\">Philip Gyau<\/a><sup><a href=\"https:\/\/fr.wikipedia.org\/wiki\/Club_de_Foot_Montr%C3%A9al#cite_note-Montr%C3%A9al_champion-15\">15<\/a><\/sup>. C\u00f4t\u00e9 d\u00e9fensif, le v\u00e9t\u00e9ran&nbsp;<a href=\"https:\/\/fr.wikipedia.org\/wiki\/Enzo_Concina\">Enzo Concina<\/a>&nbsp;ou encore le gardien Paolo Ceccarelli bouclent un recrutement ambitieux<sup><a href=\"https:\/\/fr.wikipedia.org\/wiki\/Club_de_Foot_Montr%C3%A9al#cite_note-Montr%C3%A9al_champion-15\">15<\/a><\/sup>&nbsp;tandis que le capitaine&nbsp;<a href=\"https:\/\/fr.wikipedia.org\/wiki\/Patrice_Ferri\">Patrice Ferri<\/a>&nbsp;est annonc\u00e9 de retour dans la presse en mai 1994<sup><a href=\"https:\/\/fr.wikipedia.org\/wiki\/Club_de_Foot_Montr%C3%A9al#cite_note-16\">16<\/a><\/sup>.<\/p>\n\n\n\n<p class=\"wp-block-paragraph\">Apr\u00e8s une bonne pr\u00e9saison men\u00e9e par Firmani<sup><a href=\"https:\/\/fr.wikipedia.org\/wiki\/Club_de_Foot_Montr%C3%A9al#cite_note-7_juin_1994-14\">14<\/a><\/sup>, la troupe de Gazzola commence sa saison par une victoire de 1-0 face aux&nbsp;<a href=\"https:\/\/fr.wikipedia.org\/w\/index.php?title=Rockets_de_Toronto&amp;action=edit&amp;redlink=1\">Rockets de Toronto<\/a>&nbsp;le&nbsp;1<sup>er<\/sup>&nbsp;juillet, gr\u00e2ce \u00e0 un but de&nbsp;<a href=\"https:\/\/fr.wikipedia.org\/wiki\/Lloyd_Barker\">Lloyd Barker<\/a>&nbsp;devant une foule de 2&nbsp;865&nbsp;spectateurs \u00e0 Montr\u00e9al<sup><a href=\"https:\/\/fr.wikipedia.org\/wiki\/Club_de_Foot_Montr%C3%A9al#cite_note-17\">17<\/a><\/sup>. Pour conclure une saison r\u00e9guli\u00e8re commenc\u00e9e par cinq affrontements contre Toronto uniquement au mois de juillet et une s\u00e9rie de sept victoires d&#8217;affil\u00e9e en ao\u00fbt et septembre, l&#8217;Impact \u00e9crase les&nbsp;<a href=\"https:\/\/fr.wikipedia.org\/w\/index.php?title=Strikers_de_Fort_Lauderdale_(1988-1994)&amp;action=edit&amp;redlink=1\">Strikers de Fort Lauderdale<\/a>&nbsp;le 25 septembre par la marque de 5-1 avant d&#8217;entrer en s\u00e9ries \u00e9liminatoires<sup><a href=\"https:\/\/fr.wikipedia.org\/wiki\/Club_de_Foot_Montr%C3%A9al#cite_note-18\">18<\/a><\/sup>. Le bilan honorable de Gazzola avec douze victoires pour huit d\u00e9faites offre une troisi\u00e8me place au classement et une premi\u00e8re chance \u00e0 l&#8217;\u00e9quipe montr\u00e9alaise en s\u00e9ries \u00e9liminatoires de fin de saison. Dans un affrontement avec son poursuivant au tableau, l&#8217;Impact se d\u00e9fait du Salsa de Los Angeles avec deux succ\u00e8s, le second \u00e9tant acquis aux tirs au but lanc\u00e9s en terre&nbsp;<a href=\"https:\/\/fr.wikipedia.org\/wiki\/Californie\">californienne<\/a><sup><a href=\"https:\/\/fr.wikipedia.org\/wiki\/Club_de_Foot_Montr%C3%A9al#cite_note-19\">19<\/a><\/sup>.<\/p>\n\n\n\n<p class=\"wp-block-paragraph\">Quelques jours plus tard, le&nbsp;15 octobre 1994, lors de la premi\u00e8re finale de l&#8217;histoire du club montr\u00e9alais, se dressent les&nbsp;<a href=\"https:\/\/fr.wikipedia.org\/w\/index.php?title=Foxes_du_Colorado&amp;action=edit&amp;redlink=1\">Foxes du Colorado<\/a><sup><a href=\"https:\/\/fr.wikipedia.org\/wiki\/Club_de_Foot_Montr%C3%A9al#cite_note-Diotte-20\">20<\/a><\/sup>. Tandis que la&nbsp;<a href=\"https:\/\/fr.wikipedia.org\/wiki\/Ligue_nationale_de_hockey\">Ligue nationale de hockey<\/a>&nbsp;est en \u00ab&nbsp;<a href=\"https:\/\/fr.wikipedia.org\/wiki\/Lock-out\">lock-out<\/a>&nbsp;\u00bb et les&nbsp;<a href=\"https:\/\/fr.wikipedia.org\/wiki\/Expos_de_Montr%C3%A9al\">Expos de Montr\u00e9al<\/a>&nbsp;subissent une&nbsp;<a href=\"https:\/\/fr.wikipedia.org\/wiki\/Gr%C3%A8ve_des_Ligues_majeures_de_baseball_en_1994\">gr\u00e8ve g\u00e9n\u00e9rale<\/a>&nbsp;dans la ligue, l&#8217;attention m\u00e9diatique est port\u00e9e sur les joueurs du Bleu-Blanc-Noir et la nouvelle entit\u00e9 qu&#8217;est l&#8217;Impact, alors peu connue du public et reconnue dans le monde des m\u00e9dias<sup><a href=\"https:\/\/fr.wikipedia.org\/wiki\/Club_de_Foot_Montr%C3%A9al#cite_note-Montr%C3%A9al_champion-15\">15<\/a><\/sup>. Les Foxes du Colorado partent favoris avec un bilan de sept victoires en autant de rencontres face \u00e0 l&#8217;Impact, en plus d&#8217;\u00eatre double tenants du titre apr\u00e8s leur succ\u00e8s en 1992 et 1993<sup><a href=\"https:\/\/fr.wikipedia.org\/wiki\/Club_de_Foot_Montr%C3%A9al#cite_note-Diotte-20\">20<\/a><\/sup>. Gr\u00e2ce \u00e0 une r\u00e9alisation sur coup-franc de l&#8217;<a href=\"https:\/\/fr.wikipedia.org\/wiki\/%C3%89quipe_des_%C3%89tats-Unis_de_soccer\">international<\/a>&nbsp;<a href=\"https:\/\/fr.wikipedia.org\/wiki\/%C3%89tats-Unis\">am\u00e9ricain<\/a>&nbsp;et joueur par excellence de l&#8217;\u00e9quipe<sup><a href=\"https:\/\/fr.wikipedia.org\/wiki\/Club_de_Foot_Montr%C3%A9al#cite_note-21\">21<\/a><\/sup>,&nbsp;<a href=\"https:\/\/fr.wikipedia.org\/wiki\/Jean_Harbor\">Jean Harbor<\/a>, d\u00e9j\u00e0 auteur de huit buts en saison r\u00e9guli\u00e8re<sup><a href=\"https:\/\/fr.wikipedia.org\/wiki\/Club_de_Foot_Montr%C3%A9al#cite_note-Montr%C3%A9al_champion-15\">15<\/a><\/sup>, la formation qu\u00e9b\u00e9coise remporte la rencontre 1-0 devant ses 8&nbsp;169 partisans au Centre Claude-Robillard<sup><a href=\"https:\/\/fr.wikipedia.org\/wiki\/Club_de_Foot_Montr%C3%A9al#cite_note-Parade_Radio-Canada-12\">12<\/a><\/sup>, dont beaucoup se ruent sur la pelouse pour congratuler leurs joueurs et leur arracher les maillots<sup><a href=\"https:\/\/fr.wikipedia.org\/wiki\/Club_de_Foot_Montr%C3%A9al#cite_note-22\">22<\/a><\/sup>. \u00c0 une \u00e9poque faste pour le sport montr\u00e9alais o\u00f9 les&nbsp;<a href=\"https:\/\/fr.wikipedia.org\/wiki\/Canadiens_de_Montr%C3%A9al\">Canadiens de Montr\u00e9al<\/a>&nbsp;soul\u00e8vent leur vingt-quatri\u00e8me&nbsp;<a href=\"https:\/\/fr.wikipedia.org\/wiki\/Coupe_Stanley\">Coupe Stanley<\/a>&nbsp;en&nbsp;<a href=\"https:\/\/fr.wikipedia.org\/wiki\/S%C3%A9ries_%C3%A9liminatoires_de_la_Coupe_Stanley_1993\">1993<\/a>, l&#8217;Impact obtient le premier titre majeur pour une \u00e9quipe professionnelle de soccer \u00e0 Montr\u00e9al<sup><a href=\"https:\/\/fr.wikipedia.org\/wiki\/Club_de_Foot_Montr%C3%A9al#cite_note-23\">23<\/a><\/sup><sup>,<\/sup><sup><a href=\"https:\/\/fr.wikipedia.org\/wiki\/Club_de_Foot_Montr%C3%A9al#cite_note-Montr%C3%A9al_champion-15\">15<\/a><\/sup>. Pour c\u00e9l\u00e9brer ce premier titre national dans le soccer montr\u00e9alais, une parade traditionnelle est organis\u00e9e sur la&nbsp;<a href=\"https:\/\/fr.wikipedia.org\/wiki\/Rue_Sainte-Catherine_(Montr%C3%A9al)\">rue Sainte-Catherine<\/a>&nbsp;et, pour l&#8217;occasion, le p\u00e8re du Pr\u00e9sident&nbsp;<a href=\"https:\/\/fr.wikipedia.org\/wiki\/Joey_Saputo\">Joey Saputo<\/a>,&nbsp;<a href=\"https:\/\/fr.wikipedia.org\/wiki\/Lino_Saputo\">Lino Saputo<\/a>&nbsp;pr\u00eate ses voitures de collection aux joueurs et \u00e0 l&#8217;encadrement technique pour agr\u00e9menter le d\u00e9fil\u00e9 o\u00f9 plusieurs milliers de Montr\u00e9alais acclament leurs nouveaux h\u00e9ros pourtant inconnus quelques mois plus t\u00f4t<sup><a href=\"https:\/\/fr.wikipedia.org\/wiki\/Club_de_Foot_Montr%C3%A9al#cite_note-Parade_Radio-Canada-12\">12<\/a><\/sup><sup>,<\/sup><sup><a href=\"https:\/\/fr.wikipedia.org\/wiki\/Club_de_Foot_Montr%C3%A9al#cite_note-Montr%C3%A9al_champion-15\">15<\/a><\/sup>.<\/p>\n\n\n\n<h3 class=\"wp-block-heading\">L&#8217;aventure en A-League[<a href=\"https:\/\/fr.wikipedia.org\/w\/index.php?title=Club_de_Foot_Montr%C3%A9al&amp;veaction=edit&amp;section=4\">modifier<\/a>&nbsp;|&nbsp;<a href=\"https:\/\/fr.wikipedia.org\/w\/index.php?title=Club_de_Foot_Montr%C3%A9al&amp;action=edit&amp;section=4\">modifier le code<\/a>]<\/h3>\n\n\n\n<p class=\"wp-block-paragraph\">En 1995, la APSL devient la&nbsp;<a href=\"https:\/\/fr.wikipedia.org\/wiki\/A-League_(1995-2004)\">A-League<\/a>. Montr\u00e9al termine premier du championnat et se qualifie pour les phases \u00e9liminatoires. Elle s&#8217;incline en demi-finale face au&nbsp;<a href=\"https:\/\/fr.wikipedia.org\/wiki\/Silverbacks_d%27Atlanta\">Ruckus d&#8217;Atlanta<\/a>. Les deux saisons suivantes, l&#8217;Impact termine \u00e9galement premier de la saison r\u00e9guli\u00e8re sans toutefois sortir vainqueur en s\u00e9ries.<\/p>\n\n\n\n<p class=\"wp-block-paragraph\">Parall\u00e8lement, l&#8217;\u00e9quipe participe pendant trois saisons, de 1997 \u00e0 2000, au championnat de soccer int\u00e9rieur de la&nbsp;<a href=\"https:\/\/fr.wikipedia.org\/w\/index.php?title=National_Professionnal_Soccer_League_(1984-2001)&amp;action=edit&amp;redlink=1\">National Professionnal Soccer League<\/a>&nbsp;(NPSL) durant la saison morte du championnat de la A-League. Malgr\u00e9 les ambitions pr\u00e9sent\u00e9es \u00e0 l&#8217;\u00e9t\u00e9 1997, visant notamment des assistances de 5&nbsp;000 \u00e0 6&nbsp;000&nbsp;spectateurs au&nbsp;<a href=\"https:\/\/fr.wikipedia.org\/wiki\/Centre_Bell\">Centre Molson<\/a><sup><a href=\"https:\/\/fr.wikipedia.org\/wiki\/Club_de_Foot_Montr%C3%A9al#cite_note-24\">24<\/a><\/sup>, l&#8217;\u00e9quipe remporte peu de succ\u00e8s autant sur le terrain qu&#8217;aux guichets et cesse de participer \u00e0 ce championnat apr\u00e8s la saison 1999-2000.<\/p>\n\n\n\n<h3 class=\"wp-block-heading\">Faillite puis sauvetage du club[<a href=\"https:\/\/fr.wikipedia.org\/w\/index.php?title=Club_de_Foot_Montr%C3%A9al&amp;veaction=edit&amp;section=5\">modifier<\/a>&nbsp;|&nbsp;<a href=\"https:\/\/fr.wikipedia.org\/w\/index.php?title=Club_de_Foot_Montr%C3%A9al&amp;action=edit&amp;section=5\">modifier le code<\/a>]<\/h3>\n\n\n\n<p class=\"wp-block-paragraph\">En 1999, l&#8217;\u00e9quipe annonce qu&#8217;elle ne disputera pas de saison ext\u00e9rieure. Le&nbsp;15 mars&nbsp;de la m\u00eame ann\u00e9e, le Groupe Saputo, propri\u00e9taire de l&#8217;\u00e9quipe depuis ses d\u00e9buts en 1992, vend l&#8217;\u00e9quipe \u00e0 un groupe de douze investisseurs locaux qui ont chacun pay\u00e9 20 000$ pour mettre la main sur le club<sup><a href=\"https:\/\/fr.wikipedia.org\/wiki\/Club_de_Foot_Montr%C3%A9al#cite_note-25\">25<\/a><\/sup>.<\/p>\n\n\n\n<p class=\"wp-block-paragraph\">L&#8217;Impact fait un retour sur les terrains ext\u00e9rieurs en 2000. Le&nbsp;<a href=\"https:\/\/fr.wikipedia.org\/wiki\/20_juillet\">20<\/a>&nbsp;<a href=\"https:\/\/fr.wikipedia.org\/wiki\/Juillet_2001\">juillet<\/a>&nbsp;<a href=\"https:\/\/fr.wikipedia.org\/wiki\/2001\">2001<\/a>, Strato Gavriil, le repr\u00e9sentant des propri\u00e9taires de l&#8217;Impact, d\u00e9clare la&nbsp;<a href=\"https:\/\/fr.wikipedia.org\/wiki\/Faillite\">faillite<\/a>&nbsp;du club, une douzaine de matchs avant la fin de la saison<sup><a href=\"https:\/\/fr.wikipedia.org\/wiki\/Club_de_Foot_Montr%C3%A9al#cite_note-26\">26<\/a><\/sup>&nbsp;Joey Saputo est nomm\u00e9 administrateur et un plan drastique d&#8217;\u00e9conomie permet de sauver la fin de saison. Un plan de cinq ans port\u00e9 par le gouvernement du Qu\u00e9bec et&nbsp;<a href=\"https:\/\/fr.wikipedia.org\/wiki\/Hydro_Qu%C3%A9bec\">Hydro-Qu\u00e9bec<\/a>&nbsp;permet de remettre le club sur pied<sup><a href=\"https:\/\/fr.wikipedia.org\/wiki\/Club_de_Foot_Montr%C3%A9al#cite_note-27\">27<\/a><\/sup>. Le club survit gr\u00e2ce \u00e0 des subventions gouvernementales et ses investisseurs. L&#8217;\u00e9quipe remporte la&nbsp;<a href=\"https:\/\/fr.wikipedia.org\/w\/index.php?title=Coupe_de_Montr%C3%A9al&amp;action=edit&amp;redlink=1\">Coupe de Montr\u00e9al<\/a>, petit tournoi regroupant six \u00e9quipes.<\/p>\n\n\n\n<h3 class=\"wp-block-heading\">Retour \u00e0 la comp\u00e9tition et reconnaissance en USL (2005-2008)[<a href=\"https:\/\/fr.wikipedia.org\/w\/index.php?title=Club_de_Foot_Montr%C3%A9al&amp;veaction=edit&amp;section=6\">modifier<\/a>&nbsp;|&nbsp;<a href=\"https:\/\/fr.wikipedia.org\/w\/index.php?title=Club_de_Foot_Montr%C3%A9al&amp;action=edit&amp;section=6\">modifier le code<\/a>]<\/h3>\n\n\n\n<p class=\"wp-block-paragraph\">En 2002,&nbsp;<a href=\"https:\/\/fr.wikipedia.org\/wiki\/Eduardo_Sebrango\">Eduardo Sebrango<\/a>&nbsp;\u00e9dite un nouveau record en inscrivant 18 buts. L&#8217;\u00e9quipe remporte aussi sa premi\u00e8re&nbsp;<a href=\"https:\/\/fr.wikipedia.org\/wiki\/Coupe_des_Voyageurs\">Coupe des Voyageurs<\/a>, nouvellement cr\u00e9\u00e9e. C&#8217;est en&nbsp;<a href=\"https:\/\/fr.wikipedia.org\/wiki\/2004_en_football\">2004<\/a>, lors de l&#8217;ultime saison de la A-League, que l&#8217;Impact d\u00e9croche enfin le titre de champion en battant les&nbsp;<a href=\"https:\/\/fr.wikipedia.org\/wiki\/Sounders_de_Seattle_(USL)\">Sounders de Seattle<\/a>&nbsp;2-0 en finale.<\/p>\n\n\n\n<p class=\"wp-block-paragraph\">En 2005, l&#8217;Impact rejoint la&nbsp;<a href=\"https:\/\/fr.wikipedia.org\/wiki\/Premi%C3%A8re_division_de_United_Soccer_Leagues\">premi\u00e8re division de l&#8217;USL<\/a>, qui remplace la A-League, qui est cependant l&#8217;\u00e9quivalent de la&nbsp;2<sup>e<\/sup>&nbsp;division dans la pyramide du soccer en Am\u00e9rique du Nord derri\u00e8re la&nbsp;<a href=\"https:\/\/fr.wikipedia.org\/wiki\/Major_League_Soccer\">MLS<\/a>. Il termine premier de la saison r\u00e9guli\u00e8re et annonce la construction d&#8217;un nouveau stade. La saison 2006 est faste: le club termine encore premier de la saison r\u00e9guli\u00e8re, f\u00eate la&nbsp;200<sup>e<\/sup>&nbsp;victoire de son histoire en s&#8217;imposant face aux&nbsp;<a href=\"https:\/\/fr.wikipedia.org\/wiki\/Sounders_de_Seattle_(USL)\">Sounders<\/a>&nbsp;2 \u00e0 1 \u00e0&nbsp;<a href=\"https:\/\/fr.wikipedia.org\/wiki\/Seattle\">Seattle<\/a>&nbsp;le&nbsp;<a href=\"https:\/\/fr.wikipedia.org\/wiki\/15_juillet\">15 juillet<\/a>&nbsp;et, le&nbsp;<a href=\"https:\/\/fr.wikipedia.org\/wiki\/25_ao%C3%BBt\">25 ao\u00fbt<\/a>, d\u00e9passe la barre des 1 million de spectateurs cumul\u00e9s en saison r\u00e9guli\u00e8re depuis ses d\u00e9buts en 1993. Malheureusement, une nouvelle fois le club n&#8217;arrive pas \u00e0 confirmer ses bonnes performances lors des s\u00e9ries \u00e9liminatoires. En&nbsp;<a href=\"https:\/\/fr.wikipedia.org\/wiki\/2006_en_football\">2006<\/a>&nbsp;est \u00e9galement annonc\u00e9e la cr\u00e9ation d&#8217;un club de r\u00e9serve: l&#8217;<a href=\"https:\/\/fr.wikipedia.org\/wiki\/Attak_de_Trois-Rivi%C3%A8res\">Attak de Trois-Rivi\u00e8res<\/a>, qui joue d\u00e8s la saison&nbsp;<a href=\"https:\/\/fr.wikipedia.org\/wiki\/2007_en_football\">2007<\/a>&nbsp;dans la Ligue canadienne de soccer (<a href=\"https:\/\/fr.wikipedia.org\/wiki\/Ligue_canadienne_de_soccer\">Canadian Soccer League<\/a>).<\/p>\n\n\n\n<ul class=\"wp-block-list\"><li>2007&nbsp;: Le&nbsp;<a href=\"https:\/\/fr.wikipedia.org\/wiki\/11_mai\">11 mai<\/a>&nbsp;Frederico Moojen a inscrit le&nbsp;500<sup>e<\/sup>&nbsp;but de l&#8217;histoire du club.<\/li><li>2008&nbsp;: Le&nbsp;<a href=\"https:\/\/fr.wikipedia.org\/wiki\/19_mai\">19 mai<\/a>&nbsp;est marqu\u00e9 par l&#8217;ouverture du&nbsp;<a href=\"https:\/\/fr.wikipedia.org\/wiki\/Stade_Saputo\">stade Saputo<\/a>. Le r\u00e9sultat est un match nul 0-0 contre les&nbsp;<a href=\"https:\/\/fr.wikipedia.org\/wiki\/Whitecaps_de_Vancouver_(USL)\">Whitecaps de Vancouver<\/a>. Le&nbsp;27 mai,&nbsp;<a href=\"https:\/\/fr.wikipedia.org\/wiki\/Marco_V%C3%A9lez\">Marco V\u00e9lez<\/a>&nbsp;du&nbsp;<a href=\"https:\/\/fr.wikipedia.org\/wiki\/Toronto_FC\">Toronto FC<\/a>&nbsp;marque le premier but dans l&#8217;histoire du stade. Le&nbsp;<a href=\"https:\/\/fr.wikipedia.org\/wiki\/10_juin\">10 juin<\/a>,&nbsp;<a href=\"https:\/\/fr.wikipedia.org\/wiki\/John_Limniatis\">John Limniatis<\/a>&nbsp;devient le nouvel entra\u00eeneur de l&#8217;\u00e9quipe. Le&nbsp;<a href=\"https:\/\/fr.wikipedia.org\/wiki\/13_juin\">13 juin<\/a>,&nbsp;<a href=\"https:\/\/fr.wikipedia.org\/wiki\/Rocco_Placentino\">Rocco Placentino<\/a>&nbsp;marque le premier but du club au&nbsp;<a href=\"https:\/\/fr.wikipedia.org\/wiki\/Stade_Saputo\">Stade Saputo<\/a>; l&#8217;\u00e9quipe gagne son premier match dans son nouveau stade. C&#8217;est aussi la premi\u00e8re victoire de&nbsp;<a href=\"https:\/\/fr.wikipedia.org\/wiki\/John_Limniatis\">John Limniatis<\/a>&nbsp;en tant qu&#8217;entra\u00eeneur-chef.<\/li><\/ul>\n\n\n\n<h3 class=\"wp-block-heading\">Reconnaissance internationale (2008-2009)[<a href=\"https:\/\/fr.wikipedia.org\/w\/index.php?title=Club_de_Foot_Montr%C3%A9al&amp;veaction=edit&amp;section=7\">modifier<\/a>&nbsp;|&nbsp;<a href=\"https:\/\/fr.wikipedia.org\/w\/index.php?title=Club_de_Foot_Montr%C3%A9al&amp;action=edit&amp;section=7\">modifier le code<\/a>]<\/h3>\n\n\n\n<p class=\"wp-block-paragraph\"><a href=\"https:\/\/commons.wikimedia.org\/wiki\/File:USL_First_Division_Championship_2009_leg_one,_Swangard_Stadium,_2009-10-10.JPG?uselang=fr\"><\/a><a href=\"https:\/\/fr.wikipedia.org\/wiki\/Fichier:USL_First_Division_Championship_2009_leg_one,_Swangard_Stadium,_2009-10-10.JPG\"><\/a>Finale aller du championnat de USL \u00e0 Vancouver en 2009.<\/p>\n\n\n\n<p class=\"wp-block-paragraph\">En 2008, \u00e0 la suite de la refonte de la&nbsp;<a href=\"https:\/\/fr.wikipedia.org\/wiki\/Coupe_des_clubs_champions_de_la_CONCACAF\">Coupe des clubs champions de la CONCACAF<\/a>&nbsp;en v\u00e9ritable&nbsp;<a href=\"https:\/\/fr.wikipedia.org\/wiki\/Ligue_des_champions_de_la_CONCACAF\">Ligue des champions<\/a>, l&#8217;<a href=\"https:\/\/fr.wikipedia.org\/wiki\/Association_canadienne_de_soccer\">Association canadienne de soccer<\/a>&nbsp;(ACS) cr\u00e9\u00e9 le&nbsp;<a href=\"https:\/\/fr.wikipedia.org\/wiki\/Championnat_canadien\">Championnat canadien<\/a>&nbsp;pour d\u00e9terminer l&#8217;\u00e9quipe qui repr\u00e9sentera le&nbsp;<a href=\"https:\/\/fr.wikipedia.org\/wiki\/Canada\">Canada<\/a>&nbsp;lors de cette comp\u00e9tition de la&nbsp;<a href=\"https:\/\/fr.wikipedia.org\/wiki\/Conf%C3%A9d%C3%A9ration_de_football_d%27Am%C3%A9rique_du_Nord,_d%27Am%C3%A9rique_centrale_et_des_Cara%C3%AFbes\">CONCACAF<\/a>. Le&nbsp;<a href=\"https:\/\/fr.wikipedia.org\/wiki\/Championnat_canadien_de_soccer_2008\">Championnat canadien 2008<\/a>&nbsp;ne devait \u00eatre qu&#8217;une formalit\u00e9 pour le&nbsp;<a href=\"https:\/\/fr.wikipedia.org\/wiki\/Toronto_FC\">Toronto FC<\/a>, la seule \u00e9quipe canadienne de&nbsp;<a href=\"https:\/\/fr.wikipedia.org\/wiki\/Major_League_Soccer\">MLS<\/a>, mais c&#8217;est bel et bien l&#8217;Impact, \u00e9quipe de&nbsp;2<sup>e<\/sup>&nbsp;division, qui remporte cette comp\u00e9tition en 4 matchs et devient, le&nbsp;<a href=\"https:\/\/fr.wikipedia.org\/wiki\/22_juillet\">22 juillet<\/a>, le premier club canadien \u00e0 se qualifier pour la&nbsp;<a href=\"https:\/\/fr.wikipedia.org\/wiki\/Ligue_des_champions_de_la_CONCACAF\">Ligue des champions de la CONCACAF<\/a>. Un mois et demi plus tard, l&#8217;Impact se qualifie pour la phase de groupe de la&nbsp;<a href=\"https:\/\/fr.wikipedia.org\/wiki\/Ligue_des_Champions_de_la_CONCACAF_2008-2009\">Ligue des champions<\/a>&nbsp;en d\u00e9faisant le club&nbsp;<a href=\"https:\/\/fr.wikipedia.org\/wiki\/Nicaragua\">nicaraguayen<\/a>&nbsp;du&nbsp;<a href=\"https:\/\/fr.wikipedia.org\/wiki\/Real_Esteli\">Real Esteli<\/a>&nbsp;le&nbsp;<a href=\"https:\/\/fr.wikipedia.org\/wiki\/2_septembre\">2 septembre<\/a>.<\/p>\n\n\n\n<p class=\"wp-block-paragraph\">Encha\u00eenant les matchs \u00e0 un rythme effr\u00e9n\u00e9, l&#8217;Impact parvient \u00e0 mener de front le&nbsp;<a href=\"https:\/\/fr.wikipedia.org\/wiki\/Premi%C3%A8re_division_de_United_Soccer_Leagues\">championnat USL<\/a>, puis les&nbsp;<a href=\"https:\/\/fr.wikipedia.org\/wiki\/S%C3%A9rie_%C3%A9liminatoire\">s\u00e9ries finales de cette ligue<\/a>&nbsp;et enfin la phase de groupe de la Ligue des champions avec une certaine r\u00e9ussite. Le onze montr\u00e9alais termine ainsi&nbsp;3<sup>e<\/sup>&nbsp;de saison r\u00e9guli\u00e8re et parvient en demi-finale des s\u00e9ries de l&#8217;<a href=\"https:\/\/fr.wikipedia.org\/wiki\/Premi%C3%A8re_division_de_United_Soccer_Leagues\">USL<\/a>. Surtout, le club se qualifie pour les quarts-de-finale de la&nbsp;<a href=\"https:\/\/fr.wikipedia.org\/wiki\/Ligue_des_Champions_CONCACAF\">Ligue des Champions CONCACAF<\/a>&nbsp;contre le club&nbsp;<a href=\"https:\/\/fr.wikipedia.org\/wiki\/Mexique\">mexicain<\/a>&nbsp;du&nbsp;<a href=\"https:\/\/fr.wikipedia.org\/wiki\/Santos_Laguna\">Santos Laguna<\/a>.<\/p>\n\n\n\n<p class=\"wp-block-paragraph\">Le&nbsp;<a href=\"https:\/\/fr.wikipedia.org\/wiki\/25_f%C3%A9vrier\">25<\/a>&nbsp;<a href=\"https:\/\/fr.wikipedia.org\/wiki\/F%C3%A9vrier_2009\">f\u00e9vrier<\/a>&nbsp;<a href=\"https:\/\/fr.wikipedia.org\/wiki\/2009\">2009<\/a>, l&#8217;Impact s&#8217;impose 2-0 \u00e0 domicile contre le&nbsp;<a href=\"https:\/\/fr.wikipedia.org\/wiki\/Santos_Laguna\">Santos Laguna<\/a>&nbsp;gr\u00e2ce \u00e0 un doubl\u00e9 d&#8217;<a href=\"https:\/\/fr.wikipedia.org\/wiki\/Eduardo_Sebrango\">Eduardo Sebrango<\/a>&nbsp;devant une foule record pour cette comp\u00e9tition de 55&nbsp;571&nbsp;spectateurs r\u00e9unis au&nbsp;<a href=\"https:\/\/fr.wikipedia.org\/wiki\/Stade_olympique_de_Montr%C3%A9al\">Stade olympique de Montr\u00e9al<\/a>. Lors du match retour \u00e0&nbsp;<a href=\"https:\/\/fr.wikipedia.org\/wiki\/Torre%C3%B3n\">Torre\u00f3n<\/a>, les Qu\u00e9b\u00e9cois d\u00e9fendent cr\u00e2nement leurs chances et sont virtuellement qualifi\u00e9s pour la ronde suivante \u00e0 la fin du temps r\u00e9glementaire en n&#8217;\u00e9tant men\u00e9 que 3-2. L&#8217;\u00e9quipe s&#8217;effondre dans les arr\u00eats de jeu et encaisse un doubl\u00e9 de&nbsp;<a href=\"https:\/\/fr.wikipedia.org\/wiki\/Darwin_Quintero\">Carlos Darwin Quintero<\/a>. L&#8217;Impact est ainsi \u00e9limin\u00e9 de la&nbsp;<a href=\"https:\/\/fr.wikipedia.org\/wiki\/Ligue_des_Champions_CONCACAF\">Ligue des Champions CONCACAF<\/a>&nbsp;5 \u00e0 2 au total des buts apr\u00e8s un parcours inesp\u00e9r\u00e9.<\/p>\n\n\n\n<p class=\"wp-block-paragraph\">Le&nbsp;<a href=\"https:\/\/fr.wikipedia.org\/wiki\/14_mai\">14 mai<\/a>, l&#8217;<a href=\"https:\/\/fr.wikipedia.org\/wiki\/Entra%C3%AEneur\">entra\u00eeneur<\/a>&nbsp;<a href=\"https:\/\/fr.wikipedia.org\/wiki\/John_Limniatis\">John Limniatis<\/a>&nbsp;est cong\u00e9di\u00e9. Le&nbsp;<a href=\"https:\/\/fr.wikipedia.org\/wiki\/17_octobre\">17 octobre<\/a>, au terme d&#8217;une saison marqu\u00e9e par les d\u00e9boires sportifs et extra-sportifs, l&#8217;Impact de Montr\u00e9al r\u00e9alise un sans faute en s\u00e9ries \u00e9liminatoires (6 victoires en autant de parties) et s&#8217;impose dans la s\u00e9rie finale face aux&nbsp;<a href=\"https:\/\/fr.wikipedia.org\/wiki\/Whitecaps_de_Vancouver_(USL)\">Whitecaps de Vancouver<\/a>, 6-3 au total des buts, devant une salle comble au&nbsp;<a href=\"https:\/\/fr.wikipedia.org\/wiki\/Stade_Saputo\">Stade Saputo<\/a>. \u00c0 la suite de ce titre et du beau parcours en Ligue des champions, l&#8217;embl\u00e9matique capitaine&nbsp;<a href=\"https:\/\/fr.wikipedia.org\/wiki\/Mauro_Biello\">Mauro Biello<\/a>&nbsp;annonce sa retraite le&nbsp;<a href=\"https:\/\/fr.wikipedia.org\/wiki\/19_novembre\">19 novembre<\/a><sup><a href=\"https:\/\/fr.wikipedia.org\/wiki\/Club_de_Foot_Montr%C3%A9al#cite_note-28\">28<\/a><\/sup>.<\/p>\n\n\n\n<h3 class=\"wp-block-heading\">Transition vers l&#8217;\u00e9lite et la MLS (2010-2011)[<a href=\"https:\/\/fr.wikipedia.org\/w\/index.php?title=Club_de_Foot_Montr%C3%A9al&amp;veaction=edit&amp;section=8\">modifier<\/a>&nbsp;|&nbsp;<a href=\"https:\/\/fr.wikipedia.org\/w\/index.php?title=Club_de_Foot_Montr%C3%A9al&amp;action=edit&amp;section=8\">modifier le code<\/a>]<\/h3>\n\n\n\n<p class=\"wp-block-paragraph\">\u00c0 la suite de l&#8217;exposition offerte par les bons r\u00e9sultats en 2008 et 2009, on parle de plus en plus de l&#8217;accession de l&#8217;Impact en&nbsp;<a href=\"https:\/\/fr.wikipedia.org\/wiki\/Major_League_Soccer\">MLS<\/a>, d&#8217;autant plus que l&#8217;<a href=\"https:\/\/fr.wikipedia.org\/wiki\/United_Soccer_Leagues\">USL<\/a>&nbsp;conna\u00eet des difficult\u00e9s. Une dizaine d&#8217;\u00e9quipes, dont l&#8217;Impact, demandent \u00e0 faire s\u00e9cession de l&#8217;USL \u00e0 la suite des changements de propri\u00e9taires de la deuxi\u00e8me division nord-am\u00e9ricaine. Joey Saputo est un des leaders de cette fronde contre l&#8217;USL et annonce la cr\u00e9ation d&#8217;une nouvelle ligue. Cette derni\u00e8re reprend le nom de&nbsp;<a href=\"https:\/\/fr.wikipedia.org\/wiki\/North_American_Soccer_League_(2011)\">North American Soccer League<\/a>. Un compromis est trouv\u00e9 pour la saison 2010 et, le&nbsp;<a href=\"https:\/\/fr.wikipedia.org\/wiki\/10_avril\">10 avril<\/a>, d\u00e9bute l&#8217;<a href=\"https:\/\/fr.wikipedia.org\/wiki\/USSF_Division_2_Professional_League\">USSF Division 2 Professional League<\/a>&nbsp;qui regroupe 12 \u00e9quipes USL et NASL, incluant le onze montr\u00e9alais. Quelques semaines plus tard, le&nbsp;<a href=\"https:\/\/fr.wikipedia.org\/wiki\/7_mai\">7<\/a>&nbsp;<a href=\"https:\/\/fr.wikipedia.org\/wiki\/Mai_2010\">mai<\/a>&nbsp;<a href=\"https:\/\/fr.wikipedia.org\/wiki\/2010\">2010<\/a>, l&#8217;Impact annonce officiellement qu&#8217;elle deviendra la&nbsp;19<sup>e<\/sup>&nbsp;\u00e9quipe de la&nbsp;<a href=\"https:\/\/fr.wikipedia.org\/wiki\/Major_League_Soccer\">Major League Soccer<\/a>&nbsp;(MLS) en&nbsp;<a href=\"https:\/\/fr.wikipedia.org\/wiki\/2012_en_sport\">2012<\/a><sup><a href=\"https:\/\/fr.wikipedia.org\/wiki\/Club_de_Foot_Montr%C3%A9al#cite_note-rad-can-2012-2\">2<\/a><\/sup>, apr\u00e8s de longues n\u00e9gociations. L&#8217;Impact finit la saison r\u00e9guli\u00e8re en milieu de tableau \u00e0 la&nbsp;6<sup>e<\/sup>&nbsp;place et est \u00e9limin\u00e9 en demi-finale par les&nbsp;<a href=\"https:\/\/fr.wikipedia.org\/wiki\/Railhawks_de_la_Caroline\">Railhawks de la Caroline<\/a>&nbsp;(1-0&nbsp;; 0-2).<\/p>\n\n\n\n<p class=\"wp-block-paragraph\"><a href=\"https:\/\/fr.wikipedia.org\/wiki\/Nick_De_Santis\">Nick De Santis<\/a>&nbsp;est nomm\u00e9 au poste de directeur sportif pour pr\u00e9parer la saison MLS 2012 d\u00e8s le&nbsp;<a href=\"https:\/\/fr.wikipedia.org\/wiki\/31_janvier\">31<\/a>&nbsp;<a href=\"https:\/\/fr.wikipedia.org\/wiki\/Janvier_2011\">janvier<\/a>&nbsp;<a href=\"https:\/\/fr.wikipedia.org\/wiki\/2011\">2011<\/a>. Pour la saison 2011, l&#8217;Impact fait partie des 8 \u00e9quipes de la premi\u00e8re saison de la NASL, nouvelle formule. Malgr\u00e9 des victoires de prestige en matchs amicaux contre des \u00e9quipes de MLS (3-0 contre le&nbsp;<a href=\"https:\/\/fr.wikipedia.org\/wiki\/FC_Dallas\">FC Dallas<\/a>, 1-0 contre les&nbsp;<a href=\"https:\/\/fr.wikipedia.org\/wiki\/Red_Bulls_de_New_York\">Red Bulls de New York<\/a>), l&#8217;Impact est rapidement distanc\u00e9 au classement et est \u00e9limin\u00e9 d\u00e8s le&nbsp;1<sup>er<\/sup>&nbsp;tour du&nbsp;<a href=\"https:\/\/fr.wikipedia.org\/wiki\/Championnat_canadien\">Championnat canadien<\/a>&nbsp;par les&nbsp;<a href=\"https:\/\/fr.wikipedia.org\/wiki\/Whitecaps_de_Vancouver_(MLS)\">Whitecaps de Vancouver<\/a>. \u00c0 la suite de ce d\u00e9part calamiteux, l&#8217;entra\u00eeneur&nbsp;<a href=\"https:\/\/fr.wikipedia.org\/wiki\/Marc_Dos_Santos\">Marc Dos Santos<\/a>&nbsp;d\u00e9missionne le&nbsp;<a href=\"https:\/\/fr.wikipedia.org\/wiki\/28_juin\">28 juin<\/a>&nbsp;et&nbsp;<a href=\"https:\/\/fr.wikipedia.org\/wiki\/Eduardo_Sebrango\">Eduardo Sebrango<\/a>&nbsp;sort de sa retraite le lendemain. Gr\u00e2ce \u00e0 ces changements et plusieurs recrues, l&#8217;Impact redresse la barre et les r\u00e9sultats sont meilleurs. L&#8217;\u00e9quipe termine sur une bonne note en \u00e9tant la meilleure \u00e9quipe de la ligue en deuxi\u00e8me moiti\u00e9 de saison. Ce ne sera cependant pas suffisant car l&#8217;Impact termine&nbsp;7<sup>e<\/sup>&nbsp;sur 8 \u00e9quipe, \u00e0 un point du&nbsp;6<sup>e<\/sup>&nbsp;rang, et ne participe pas aux s\u00e9ries finales.<\/p>\n\n\n\n<p class=\"wp-block-paragraph\"><a href=\"https:\/\/fr.wikipedia.org\/wiki\/Jesse_Marsch\">Jesse Marsch<\/a>, le premier entra\u00eeneur de l&#8217;Impact en MLS, dirige pour la premi\u00e8re fois un entra\u00eenement au stade Saputo le&nbsp;<a href=\"https:\/\/fr.wikipedia.org\/wiki\/3_octobre_en_sport\">3<\/a>&nbsp;<a href=\"https:\/\/fr.wikipedia.org\/wiki\/Octobre_2011_en_sport\">octobre<\/a>&nbsp;<a href=\"https:\/\/fr.wikipedia.org\/wiki\/2011_en_football\">2011<\/a>. Il s&#8217;agit pendant une semaine de mettre \u00e0 l&#8217;essai les joueurs convoqu\u00e9s en vue d\u2019une place en MLS. Ce jour-l\u00e0 correspond \u00e9galement \u00e0 l&#8217;annonce du premier joueur sous contrat MLS \u00e0 Montr\u00e9al&nbsp;: le d\u00e9fenseur&nbsp;<a href=\"https:\/\/fr.wikipedia.org\/wiki\/Colombie\">colombien<\/a>&nbsp;de l&#8217;<a href=\"https:\/\/fr.wikipedia.org\/wiki\/Inter_Milan\">Inter Milan<\/a>&nbsp;<a href=\"https:\/\/fr.wikipedia.org\/wiki\/Nelson_Rivas\">Nelson Rivas<\/a>. \u00c0 l&#8217;issue de ce camp,&nbsp;<a href=\"https:\/\/fr.wikipedia.org\/wiki\/Hassoun_Camara\">Hassoun Camara<\/a>, joueur de l&#8217;ann\u00e9e 2011, est le second joueur confirm\u00e9 pour la saison 2012. L&#8217;entra\u00eenement ne reprendra qu&#8217;en&nbsp;janvier 2012.<\/p>\n\n\n\n<h3 class=\"wp-block-heading\">Premi\u00e8res saisons en Major League Soccer (2012-2014)[<a href=\"https:\/\/fr.wikipedia.org\/w\/index.php?title=Club_de_Foot_Montr%C3%A9al&amp;veaction=edit&amp;section=9\">modifier<\/a>&nbsp;|&nbsp;<a href=\"https:\/\/fr.wikipedia.org\/w\/index.php?title=Club_de_Foot_Montr%C3%A9al&amp;action=edit&amp;section=9\">modifier le code<\/a>]<\/h3>\n\n\n\n<p class=\"wp-block-paragraph\">Pour le d\u00e9tail des saisons de l&#8217;Impact voir&nbsp;:&nbsp;<a href=\"https:\/\/fr.wikipedia.org\/wiki\/Saison_2012_de_l%27Impact_de_Montr%C3%A9al\">saison 2012<\/a>,&nbsp;<a href=\"https:\/\/fr.wikipedia.org\/wiki\/Saison_2013_de_l%27Impact_de_Montr%C3%A9al\">saison 2013<\/a>&nbsp;et&nbsp;<a href=\"https:\/\/fr.wikipedia.org\/wiki\/Saison_2014_de_l%27Impact_de_Montr%C3%A9al\">saison 2014<\/a>.<a href=\"https:\/\/commons.wikimedia.org\/wiki\/File:Stade_Olympique_Monteal.jpg?uselang=fr\"><\/a><a href=\"https:\/\/fr.wikipedia.org\/wiki\/Fichier:Stade_Olympique_Monteal.jpg\"><\/a>Match de l&#8217;Impact de Montr\u00e9al en MLS le 12 mai 2012, 60&nbsp;860&nbsp;spectateurs au Stade olympique, record d&#8217;affluence pour un match de soccer au Canada<sup><a href=\"https:\/\/fr.wikipedia.org\/wiki\/Club_de_Foot_Montr%C3%A9al#cite_note-29\">29<\/a><\/sup>.<\/p>\n\n\n\n<p class=\"wp-block-paragraph\">Les principaux joueurs sous contrat pour les d\u00e9buts du club en ligue majeure sont&nbsp;<a href=\"https:\/\/fr.wikipedia.org\/wiki\/Donovan_Ricketts\">Donovan Ricketts<\/a>,&nbsp;<a href=\"https:\/\/fr.wikipedia.org\/wiki\/Davy_Arnaud\">Davy Arnaud<\/a>,&nbsp;<a href=\"https:\/\/fr.wikipedia.org\/wiki\/Nelson_Rivas\">Nelson Rivas<\/a>,&nbsp;<a href=\"https:\/\/fr.wikipedia.org\/wiki\/Matteo_Ferrari\">Matteo Ferrari<\/a>,&nbsp;<a href=\"https:\/\/fr.wikipedia.org\/wiki\/Bernardo_Corradi\">Bernardo Corradi<\/a>, et&nbsp;<a href=\"https:\/\/fr.wikipedia.org\/wiki\/Zarek_Valentin\">Zarek Valentin<\/a>. Pour son premier choix au rep\u00eachage de la MLS (nomm\u00e9&nbsp;<a href=\"https:\/\/fr.wikipedia.org\/wiki\/MLS_SuperDraft\">SuperDraft<\/a>), Montr\u00e9al choisit le jeune Am\u00e9ricain&nbsp;<a href=\"https:\/\/fr.wikipedia.org\/wiki\/Andrew_Wenger\">Andrew Wenger<\/a>, joueur ayant excell\u00e9 tant \u00e0 la d\u00e9fense qu&#8217;\u00e0 l&#8217;attaque dans les rangs coll\u00e9giaux am\u00e9ricains.<\/p>\n\n\n\n<p class=\"wp-block-paragraph\">Le&nbsp;<a href=\"https:\/\/fr.wikipedia.org\/wiki\/24_mai\">24<\/a>&nbsp;<a href=\"https:\/\/fr.wikipedia.org\/wiki\/Mai_2012\">mai<\/a>&nbsp;<a href=\"https:\/\/fr.wikipedia.org\/wiki\/2012\">2012<\/a>, le club de soccer montr\u00e9alais signe&nbsp;<a href=\"https:\/\/fr.wikipedia.org\/wiki\/Marco_Di_Vaio\">Marco Di Vaio<\/a>, soit le premier&nbsp;<a href=\"https:\/\/fr.wikipedia.org\/wiki\/Joueur_d%C3%A9sign%C3%A9\">joueur d\u00e9sign\u00e9<\/a>&nbsp;de l&#8217;\u00e9quipe. L&#8217;attaquant italien dispute son premier match le&nbsp;27 juin 2012.<\/p>\n\n\n\n<p class=\"wp-block-paragraph\">Le&nbsp;<a href=\"https:\/\/fr.wikipedia.org\/wiki\/3_juillet_en_sport\">3<\/a>&nbsp;<a href=\"https:\/\/fr.wikipedia.org\/wiki\/Juillet_2012_en_sport\">juillet<\/a>&nbsp;<a href=\"https:\/\/fr.wikipedia.org\/wiki\/2012_en_sport\">2012<\/a>, l&#8217;Impact trouve un accord avec l&#8217;<a href=\"https:\/\/fr.wikipedia.org\/wiki\/AC_Milan\">AC Milan<\/a>&nbsp;pour le transfert d&#8217;<a href=\"https:\/\/fr.wikipedia.org\/wiki\/Alessandro_Nesta\">Alessandro Nesta<\/a>, qui rejoint son ami&nbsp;<a href=\"https:\/\/fr.wikipedia.org\/wiki\/Marco_Di_Vaio\">Marco Di Vaio<\/a><sup><a href=\"https:\/\/fr.wikipedia.org\/wiki\/Club_de_Foot_Montr%C3%A9al#cite_note-30\">30<\/a><\/sup>. Apr\u00e8s le d\u00e9part de&nbsp;<a href=\"https:\/\/fr.wikipedia.org\/wiki\/Jesse_Marsch\">Jesse Marsch<\/a>,&nbsp;<a href=\"https:\/\/fr.wikipedia.org\/wiki\/Marco_Sch%C3%A4llibaum\">Marco Sch\u00e4llibaum<\/a>&nbsp;devient le nouvel entra\u00eeneur en chef de l&#8217;Impact. L&#8217;\u00e9quipe semble d\u00e9j\u00e0 mieux structur\u00e9e que l&#8217;ann\u00e9e pr\u00e9c\u00e9dente, alors qu&#8217;elle sort championne et invaincue du&nbsp;<a href=\"https:\/\/fr.wikipedia.org\/wiki\/Walt_Disney_World_Pro_Soccer_Classic_2013\">Walt Disney World Pro Soccer Classic 2013<\/a>.<a href=\"https:\/\/commons.wikimedia.org\/wiki\/File:2013_Impact_de_Montr%C3%A9al_blanc.jpg?uselang=fr\"><\/a><a href=\"https:\/\/fr.wikipedia.org\/wiki\/Fichier:2013_Impact_de_Montr%C3%A9al_blanc.jpg\"><\/a>L&#8217;\u00e9quipe en 2013.<\/p>\n\n\n\n<p class=\"wp-block-paragraph\">L&#8217;Impact est toujours invaincu \u00e0 domicile, toute comp\u00e9tition confondue, en 2013. En&nbsp;<a href=\"https:\/\/fr.wikipedia.org\/wiki\/Major_League_Soccer\">MLS<\/a>, l&#8217;Impact se classe parmi les meilleures \u00e9quipes du circuit. L&#8217;\u00e9closion de l&#8217;Impact de Montr\u00e9al est principalement due \u00e0 trois joueurs:&nbsp;<a href=\"https:\/\/fr.wikipedia.org\/wiki\/Marco_Di_Vaio\">Marco Di Vaio<\/a>, qui est en course pour le titre de meilleur buteur de la ligue,&nbsp;<a href=\"https:\/\/fr.wikipedia.org\/wiki\/Patrice_Bernier\">Patrice Bernier<\/a>, v\u00e9ritable pierre angulaire de l&#8217;\u00e9quipe<sup><a href=\"https:\/\/fr.wikipedia.org\/wiki\/Club_de_Foot_Montr%C3%A9al#cite_note-31\">31<\/a><\/sup>, et&nbsp;<a href=\"https:\/\/fr.wikipedia.org\/wiki\/Troy_Perkins\">Troy Perkins<\/a>, qui s&#8217;impose comme un gardien dominant de la ligue.<\/p>\n\n\n\n<p class=\"wp-block-paragraph\">Lors de la demi-finale du&nbsp;<a href=\"https:\/\/fr.wikipedia.org\/wiki\/Championnat_canadien_de_soccer_2013\">Championnat canadien<\/a>, l&#8217;Impact r\u00e9ussi un revirement de situation lors du match retour. Apr\u00e8s avoir perdu une partie difficile \u00e0&nbsp;<a href=\"https:\/\/fr.wikipedia.org\/wiki\/Toronto_FC\">Toronto<\/a>&nbsp;2-0, l&#8217;\u00e9quipe s&#8217;impose largement \u00e0 domicile par la marque de 6-0<sup><a href=\"https:\/\/fr.wikipedia.org\/wiki\/Club_de_Foot_Montr%C3%A9al#cite_note-32\">32<\/a><\/sup>. Pour la finale, l&#8217;Impact bat les&nbsp;<a href=\"https:\/\/fr.wikipedia.org\/wiki\/Whitecaps_de_Vancouver_(MLS)\">Whitecaps de Vancouver<\/a>&nbsp;et devient alors champion canadien et se qualifie pour la&nbsp;<a href=\"https:\/\/fr.wikipedia.org\/wiki\/Ligue_des_champions_de_la_CONCACAF\">Ligue des champions de la CONCACAF<\/a>&nbsp;pour la deuxi\u00e8me fois de son histoire. L&#8217;\u00e9quipe ne passera cependant pas la phase de groupes.<\/p>\n\n\n\n<p class=\"wp-block-paragraph\">Le&nbsp;<a href=\"https:\/\/fr.wikipedia.org\/wiki\/18_d%C3%A9cembre\">18<\/a>&nbsp;<a href=\"https:\/\/fr.wikipedia.org\/wiki\/D%C3%A9cembre_2013\">d\u00e9cembre<\/a>&nbsp;<a href=\"https:\/\/fr.wikipedia.org\/wiki\/2013\">2013<\/a>, Frank Klopas est nomm\u00e9 entra\u00eeneur-chef et directeur du personnel de l&#8217;Impact de Montr\u00e9al<sup><a href=\"https:\/\/fr.wikipedia.org\/wiki\/Club_de_Foot_Montr%C3%A9al#cite_note-33\">33<\/a><\/sup>. Il remplace&nbsp;<a href=\"https:\/\/fr.wikipedia.org\/wiki\/Marco_Sch%C3%A4llibaum\">Marco Sch\u00e4llibaum<\/a>. Malgr\u00e9 l&#8217;obtention du&nbsp;<a href=\"https:\/\/fr.wikipedia.org\/wiki\/Championnat_canadien_de_soccer_2014\">championnat canadien<\/a>&nbsp;pour une deuxi\u00e8me fois cons\u00e9cutive, l&#8217;Impact termine l&#8217;ann\u00e9e 2014 au dernier rang de la&nbsp;<a href=\"https:\/\/fr.wikipedia.org\/wiki\/Major_League_Soccer_2014\">MLS<\/a>&nbsp;avec seulement 28 points et six victoires<sup><a href=\"https:\/\/fr.wikipedia.org\/wiki\/Club_de_Foot_Montr%C3%A9al#cite_note-34\">34<\/a><\/sup>. Malgr\u00e9 cette pi\u00e8tre saison,&nbsp;<a href=\"https:\/\/fr.wikipedia.org\/wiki\/Frank_Klopas\">Frank Klopas<\/a>&nbsp;demeure en poste alors que le joueur vedette&nbsp;<a href=\"https:\/\/fr.wikipedia.org\/wiki\/Marco_Di_Vaio\">Marco Di Vaio<\/a>&nbsp;prend sa retraite le&nbsp;25 octobre 2014<sup><a href=\"https:\/\/fr.wikipedia.org\/wiki\/Club_de_Foot_Montr%C3%A9al#cite_note-35\">35<\/a><\/sup>.<\/p>\n\n\n\n<h3 class=\"wp-block-heading\">Finale continentale et dimension internationale (2015-2017)[<a href=\"https:\/\/fr.wikipedia.org\/w\/index.php?title=Club_de_Foot_Montr%C3%A9al&amp;veaction=edit&amp;section=10\">modifier<\/a>&nbsp;|&nbsp;<a href=\"https:\/\/fr.wikipedia.org\/w\/index.php?title=Club_de_Foot_Montr%C3%A9al&amp;action=edit&amp;section=10\">modifier le code<\/a>]<\/h3>\n\n\n\n<p class=\"wp-block-paragraph\">Pour le d\u00e9tail des saisons de l&#8217;Impact voir&nbsp;:&nbsp;<a href=\"https:\/\/fr.wikipedia.org\/wiki\/Saison_2015_de_l%27Impact_de_Montr%C3%A9al\">saison 2015<\/a>,&nbsp;<a href=\"https:\/\/fr.wikipedia.org\/wiki\/Saison_2016_de_l%27Impact_de_Montr%C3%A9al\">saison 2016<\/a>&nbsp;et&nbsp;<a href=\"https:\/\/fr.wikipedia.org\/wiki\/Saison_2017_de_l%27Impact_de_Montr%C3%A9al\">saison 2017<\/a>.<\/p>\n\n\n\n<p class=\"wp-block-paragraph\">Le d\u00e9but de la saison 2015 est marqu\u00e9 par un excellent parcours en Ligue des champions o\u00f9 le club acc\u00e8de \u00e0 la finale face au&nbsp;<a href=\"https:\/\/fr.wikipedia.org\/wiki\/Club_Am%C3%A9rica\">Club Am\u00e9rica<\/a>&nbsp;de&nbsp;<a href=\"https:\/\/fr.wikipedia.org\/wiki\/Mexico\">Mexico<\/a>. L&#8217;Impact obtient un honorable match nul 1-1 dans le mythique&nbsp;<a href=\"https:\/\/fr.wikipedia.org\/wiki\/Stade_Azteca\">Stade Azteca<\/a>&nbsp;pour le match aller. Menant 1-0 \u00e0 la mi-temps du match retour gr\u00e2ce \u00e0 un but d&#8217;<a href=\"https:\/\/fr.wikipedia.org\/wiki\/Andr%C3%A9s_Romero_(football)\">Andr\u00e9s Romero<\/a>&nbsp;\u00e0 la huiti\u00e8me minute, le bleu blanc noir s&#8217;effondre en deuxi\u00e8me mi-temps et s&#8217;incline 2-4 devant les 61&nbsp;004&nbsp;spectateurs du&nbsp;<a href=\"https:\/\/fr.wikipedia.org\/wiki\/Stade_olympique_de_Montr%C3%A9al\">Stade olympique de Montr\u00e9al<\/a>&nbsp;qui fait salle comble<sup><a href=\"https:\/\/fr.wikipedia.org\/wiki\/Club_de_Foot_Montr%C3%A9al#cite_note-36\">36<\/a><\/sup>.<\/p>\n\n\n\n<p class=\"wp-block-paragraph\">Le&nbsp;27 juillet 2015, l&#8217;Impact fait l&#8217;acquisition de l&#8217;attaquant international ivoirien&nbsp;<a href=\"https:\/\/fr.wikipedia.org\/wiki\/Didier_Drogba\">Didier Drogba<\/a>, ce qui marque un tournant dans l&#8217;histoire du club et lui donne une plus grande visibilit\u00e9 internationale<sup><a href=\"https:\/\/fr.wikipedia.org\/wiki\/Club_de_Foot_Montr%C3%A9al#cite_note-37\">37<\/a><\/sup><sup>,<\/sup><sup><a href=\"https:\/\/fr.wikipedia.org\/wiki\/Club_de_Foot_Montr%C3%A9al#cite_note-38\">38<\/a><\/sup>.<\/p>\n\n\n\n<p class=\"wp-block-paragraph\">Le&nbsp;30 ao\u00fbt, l&#8217;Impact annonce que&nbsp;<a href=\"https:\/\/fr.wikipedia.org\/wiki\/Mauro_Biello\">Mauro Biello<\/a>&nbsp;remplace&nbsp;<a href=\"https:\/\/fr.wikipedia.org\/wiki\/Frank_Klopas\">Frank Klopas<\/a>&nbsp;\u00e0 titre d&#8217;entra\u00eeneur-chef par int\u00e9rim, \u00e0 la suite de la d\u00e9faite de 2-1 contre le&nbsp;<a href=\"https:\/\/fr.wikipedia.org\/wiki\/Toronto_FC\">Toronto FC<\/a><sup><a href=\"https:\/\/fr.wikipedia.org\/wiki\/Club_de_Foot_Montr%C3%A9al#cite_note-39\">39<\/a><\/sup>. L&#8217;Impact termine sa saison r\u00e9guli\u00e8re 2015, au troisi\u00e8me rang de la conf\u00e9rence de l&#8217;Est, qualifi\u00e9s pour les s\u00e9ries pour la deuxi\u00e8me fois de son histoire, mais perd en demi-finales de conf\u00e9rence, contre le&nbsp;<a href=\"https:\/\/fr.wikipedia.org\/wiki\/Crew_SC_de_Columbus\">Crew SC de Columbus<\/a>&nbsp;4-3, au pointage du total des buts<sup><a href=\"https:\/\/fr.wikipedia.org\/wiki\/Club_de_Foot_Montr%C3%A9al#cite_note-40\">40<\/a><\/sup>.<\/p>\n\n\n\n<p class=\"wp-block-paragraph\">Lors de la&nbsp;<a href=\"https:\/\/fr.wikipedia.org\/wiki\/Saison_2016_de_l%27Impact_de_Montr%C3%A9al\">saison 2016<\/a>, l&#8217;Impact se classe \u00e0 la cinqui\u00e8me place de la Conf\u00e9rence de l&#8217;Est et atteint la finale de la&nbsp;<a href=\"https:\/\/fr.wikipedia.org\/wiki\/Association_de_l%27Est_de_la_MLS\">conf\u00e9rence Est<\/a>&nbsp;mais \u00e9choue face au&nbsp;<a href=\"https:\/\/fr.wikipedia.org\/wiki\/Toronto_FC\">Toronto FC<\/a>.<\/p>\n\n\n\n<h3 class=\"wp-block-heading\">L&#8217;\u00e8re des \u00ab&nbsp;entra\u00eeneurs d\u00e9sign\u00e9s&nbsp;\u00bb et nouvelle identit\u00e9 (depuis 2018)[<a href=\"https:\/\/fr.wikipedia.org\/w\/index.php?title=Club_de_Foot_Montr%C3%A9al&amp;veaction=edit&amp;section=11\">modifier<\/a>&nbsp;|&nbsp;<a href=\"https:\/\/fr.wikipedia.org\/w\/index.php?title=Club_de_Foot_Montr%C3%A9al&amp;action=edit&amp;section=11\">modifier le code<\/a>]<\/h3>\n\n\n\n<p class=\"wp-block-paragraph\">Pour le d\u00e9tail des saisons de l&#8217;Impact voir&nbsp;:&nbsp;<a href=\"https:\/\/fr.wikipedia.org\/wiki\/Saison_2018_de_l%27Impact_de_Montr%C3%A9al\">saison 2018<\/a>,&nbsp;<a href=\"https:\/\/fr.wikipedia.org\/wiki\/Saison_2019_de_l%27Impact_de_Montr%C3%A9al\">saison 2019<\/a>&nbsp;et&nbsp;<a href=\"https:\/\/fr.wikipedia.org\/wiki\/Saison_2020_de_l%27Impact_de_Montr%C3%A9al\">saison 2020<\/a>.<\/p>\n\n\n\n<p class=\"wp-block-paragraph\">La&nbsp;<a href=\"https:\/\/fr.wikipedia.org\/wiki\/Saison_2017_de_l%27Impact_de_Montr%C3%A9al\">saison 2017<\/a>&nbsp;marque la fin d&#8217;une \u00e8re&nbsp;: \u00e0 l&#8217;issue d&#8217;une saison r\u00e9guli\u00e8re d\u00e9cevante l&#8217;\u00e9quipe ne parvient pas \u00e0 se qualifier pour les s\u00e9ries \u00e9liminatoires, le capitaine&nbsp;<a href=\"https:\/\/fr.wikipedia.org\/wiki\/Patrice_Bernier\">Patrice Bernier<\/a>&nbsp;joue le dernier match de sa carri\u00e8re, l\u2019entra\u00eeneur&nbsp;<a href=\"https:\/\/fr.wikipedia.org\/wiki\/Mauro_Biello\">Mauro Biello<\/a>&nbsp;est remerci\u00e9 et&nbsp;<a href=\"https:\/\/fr.wikipedia.org\/wiki\/Hassoun_Camara\">Hassoun Camara<\/a>&nbsp;prend sa retraite pour raisons m\u00e9dicales.<\/p>\n\n\n\n<p class=\"wp-block-paragraph\">Le&nbsp;<a href=\"https:\/\/fr.wikipedia.org\/wiki\/8_novembre\">8<\/a>&nbsp;<a href=\"https:\/\/fr.wikipedia.org\/wiki\/Novembre_2017\">novembre<\/a>&nbsp;<a href=\"https:\/\/fr.wikipedia.org\/wiki\/2017\">2017<\/a>, l&#8217;ancien entra\u00eeneur de l&#8217;<a href=\"https:\/\/fr.wikipedia.org\/wiki\/Olympique_lyonnais\">Olympique lyonnais<\/a>&nbsp;<a href=\"https:\/\/fr.wikipedia.org\/wiki\/R%C3%A9mi_Garde\">R\u00e9mi Garde<\/a>&nbsp;est nomm\u00e9 entra\u00eeneur-chef en vue de la saison&nbsp;<a href=\"https:\/\/fr.wikipedia.org\/wiki\/Major_League_Soccer_2018\">2018<\/a>&nbsp;pour un mandat de trois ans<sup><a href=\"https:\/\/fr.wikipedia.org\/wiki\/Club_de_Foot_Montr%C3%A9al#cite_note-41\">41<\/a><\/sup>, cette date marque alors le d\u00e9but d&#8217;une \u00e8re des \u00ab&nbsp;entra\u00eeneurs d\u00e9sign\u00e9s&nbsp;\u00bb<sup><a href=\"https:\/\/fr.wikipedia.org\/wiki\/Club_de_Foot_Montr%C3%A9al#cite_note-42\">42<\/a><\/sup>.. Il s&#8217;entoure d&#8217;un encadrement technique \u00e0 forte identit\u00e9 lyonnaise (<a href=\"https:\/\/fr.wikipedia.org\/wiki\/Jo%C3%ABl_Bats\">Jo\u00ebl Bats<\/a>,&nbsp;<a href=\"https:\/\/fr.wikipedia.org\/wiki\/Robert_Duverne\">Robert Duverne<\/a>&nbsp;puis&nbsp;<a href=\"https:\/\/fr.wikipedia.org\/wiki\/R%C3%A9my_Vercoutre\">R\u00e9mi Vercoutre<\/a>&#8230;). Apr\u00e8s un d\u00e9but de saison catastrophique, l&#8217;Impact termine la saison \u00e0 la septi\u00e8me place de la conf\u00e9rence et ne se qualifie pas pour les s\u00e9ries.<\/p>\n\n\n\n<p class=\"wp-block-paragraph\">Le&nbsp;22 janvier 2019, le propri\u00e9taire Joey Saputo annonce un changement majeur \u00e0 la t\u00eate du club&nbsp;: apr\u00e8s avoir pr\u00e9sid\u00e9 l&#8217;Impact pendant 25 ans, il d\u00e9l\u00e8gue le poste \u00e0&nbsp;<a href=\"https:\/\/fr.wikipedia.org\/wiki\/Kevin_Gilmore\">Kevin Gilmore<\/a>, ancien vice-pr\u00e9sident ex\u00e9cutif du club des&nbsp;<a href=\"https:\/\/fr.wikipedia.org\/wiki\/Canadiens_de_Montr%C3%A9al\">Canadiens de Montr\u00e9al<\/a><sup><a href=\"https:\/\/fr.wikipedia.org\/wiki\/Club_de_Foot_Montr%C3%A9al#cite_note-43\">43<\/a><\/sup>. Ce dernier licencie R\u00e9mi Garde en&nbsp;ao\u00fbt 2019&nbsp;\u00e0 la suite d&#8217;une s\u00e9rie de contre-performances, alors que l&#8217;\u00e9quipe est encore en course pour les s\u00e9ries et qualifi\u00e9e pour la finale du championnat canadien<sup><a href=\"https:\/\/fr.wikipedia.org\/wiki\/Club_de_Foot_Montr%C3%A9al#cite_note-44\">44<\/a><\/sup>.<\/p>\n\n\n\n<p class=\"wp-block-paragraph\"><a href=\"https:\/\/fr.wikipedia.org\/wiki\/Thierry_Henry\">Thierry Henry<\/a>&nbsp;est nomm\u00e9 nouvel entraineur-chef le&nbsp;14 novembre 2019. Son arriv\u00e9e \u00e0 la barre de l&#8217;Impact re\u00e7oit un grand \u00e9cho m\u00e9diatique \u00e0 l&#8217;international<sup><a href=\"https:\/\/fr.wikipedia.org\/wiki\/Club_de_Foot_Montr%C3%A9al#cite_note-45\">45<\/a><\/sup>.<\/p>\n\n\n\n<p class=\"wp-block-paragraph\">Le&nbsp;14 janvier 2021, l&#8217;Impact de Montr\u00e9al devient le Club de Foot Montr\u00e9al, op\u00e9rant \u00e0 un changement complet d&#8217;identit\u00e9, accompagn\u00e9 d&#8217;un nouveau logo \u00e0 l&#8217;aube de la&nbsp;<a href=\"https:\/\/fr.wikipedia.org\/wiki\/Saison_2021_du_Club_de_Foot_Montr%C3%A9al\">saison 2021<\/a>. La plupart des groupes de supporteurs du club s&#8217;opposent au changement de nom<sup><a href=\"https:\/\/fr.wikipedia.org\/wiki\/Club_de_Foot_Montr%C3%A9al#cite_note-46\">46<\/a><\/sup><sup>,<\/sup><sup><a href=\"https:\/\/fr.wikipedia.org\/wiki\/Club_de_Foot_Montr%C3%A9al#cite_note-47\">47<\/a><\/sup>. Une p\u00e9tition \u00e0 cet effet, recueillant l&#8217;appui de tous les groupes du Kop Montr\u00e9al, ainsi que de plus de 5&nbsp;250 partisans, est organis\u00e9 d\u00e8s l&#8217;apparition de rumeurs<sup><a href=\"https:\/\/fr.wikipedia.org\/wiki\/Club_de_Foot_Montr%C3%A9al#cite_note-48\">48<\/a><\/sup>. Dans la foul\u00e9e, pour des raisons familiales,&nbsp;<a href=\"https:\/\/fr.wikipedia.org\/wiki\/Thierry_Henry\">Thierry Henry<\/a>&nbsp;quitte ses fonctions d&#8217;entra\u00eeneur le 25 f\u00e9vrier<sup><a href=\"https:\/\/fr.wikipedia.org\/wiki\/Club_de_Foot_Montr%C3%A9al#cite_note-Henry_quitte-49\">49<\/a><\/sup>. Deux semaines plus tard, son ancien adjoint&nbsp;<a href=\"https:\/\/fr.wikipedia.org\/wiki\/Wilfried_Nancy\">Wilfried Nancy<\/a>&nbsp;est promu au poste d&#8217;entra\u00eeneur-chef<sup><a href=\"https:\/\/fr.wikipedia.org\/wiki\/Club_de_Foot_Montr%C3%A9al#cite_note-Nancy_arrive-50\">50<\/a><\/sup>. Le 17 avril 2021, \u00e0 son premier match en tant qu\u2019entraineur, il signe sa premi\u00e8re victoire avec l\u2019\u00e9quipe sur un score de 4 \u00e0 2 contre le&nbsp;<a href=\"https:\/\/fr.wikipedia.org\/wiki\/Toronto_FC\">Toronto FC<\/a><sup><a href=\"https:\/\/fr.wikipedia.org\/wiki\/Club_de_Foot_Montr%C3%A9al#cite_note-51\">51<\/a><\/sup><sup>,<\/sup><sup><a href=\"https:\/\/fr.wikipedia.org\/wiki\/Club_de_Foot_Montr%C3%A9al#cite_note-52\">52<\/a><\/sup>.<\/p>\n\n\n\n<h2 class=\"wp-block-heading\">Palmar\u00e8s et records[<a href=\"https:\/\/fr.wikipedia.org\/w\/index.php?title=Club_de_Foot_Montr%C3%A9al&amp;veaction=edit&amp;section=12\">modifier<\/a>&nbsp;|&nbsp;<a href=\"https:\/\/fr.wikipedia.org\/w\/index.php?title=Club_de_Foot_Montr%C3%A9al&amp;action=edit&amp;section=12\">modifier le code<\/a>]<\/h2>\n\n\n\n<h3 class=\"wp-block-heading\">Palmar\u00e8s[<a href=\"https:\/\/fr.wikipedia.org\/w\/index.php?title=Club_de_Foot_Montr%C3%A9al&amp;veaction=edit&amp;section=13\">modifier<\/a>&nbsp;|&nbsp;<a href=\"https:\/\/fr.wikipedia.org\/w\/index.php?title=Club_de_Foot_Montr%C3%A9al&amp;action=edit&amp;section=13\">modifier le code<\/a>]<\/h3>\n\n\n\n<figure class=\"wp-block-table\"><table><tbody><tr><td><strong>Comp\u00e9titions nationales<\/strong><\/td><td><strong>Comp\u00e9titions internationales<\/strong><\/td><td><strong>Troph\u00e9es mineurs<\/strong><\/td><\/tr><tr><td><strong><a href=\"https:\/\/fr.wikipedia.org\/wiki\/Coupe_des_Voyageurs\">Coupe des Voyageurs<\/a><\/strong><strong>Vainqueur<\/strong>&nbsp;:&nbsp;<a href=\"https:\/\/fr.wikipedia.org\/wiki\/2002_en_football\">2002<\/a>,&nbsp;<a href=\"https:\/\/fr.wikipedia.org\/wiki\/2003_en_football\">2003<\/a>,&nbsp;<a href=\"https:\/\/fr.wikipedia.org\/wiki\/2004_en_football\">2004<\/a>,&nbsp;<a href=\"https:\/\/fr.wikipedia.org\/wiki\/2005_en_football\">2005<\/a>,&nbsp;<a href=\"https:\/\/fr.wikipedia.org\/wiki\/2006_en_football\">2006<\/a>,&nbsp;<a href=\"https:\/\/fr.wikipedia.org\/wiki\/2007_en_football\">2007<\/a>,&nbsp;<a href=\"https:\/\/fr.wikipedia.org\/wiki\/2008_en_football\">2008<\/a>,&nbsp;<a href=\"https:\/\/fr.wikipedia.org\/wiki\/2013_en_football\">2013<\/a>,&nbsp;<a href=\"https:\/\/fr.wikipedia.org\/wiki\/2014_en_football\">2014<\/a>&nbsp;et&nbsp;<a href=\"https:\/\/fr.wikipedia.org\/wiki\/2019_en_football\">2019<\/a><strong><a href=\"https:\/\/fr.wikipedia.org\/wiki\/Championnat_canadien\">Championnat canadien<\/a><\/strong><strong>Vainqueur<\/strong>&nbsp;:&nbsp;<a href=\"https:\/\/fr.wikipedia.org\/wiki\/Championnat_canadien_de_soccer_2008\">2008<\/a>,&nbsp;<a href=\"https:\/\/fr.wikipedia.org\/wiki\/Championnat_canadien_de_soccer_2013\">2013<\/a>,&nbsp;<a href=\"https:\/\/fr.wikipedia.org\/wiki\/Championnat_canadien_de_soccer_2014\">2014<\/a>&nbsp;et&nbsp;<a href=\"https:\/\/fr.wikipedia.org\/wiki\/Championnat_canadien_de_soccer_2019\">2019<\/a><strong><a href=\"https:\/\/fr.wikipedia.org\/wiki\/Premi%C3%A8re_division_des_United_Soccer_Leagues\">Premi\u00e8re division des United Soccer Leagues<\/a><\/strong><strong>Champion<\/strong>&nbsp;:&nbsp;<a href=\"https:\/\/fr.wikipedia.org\/wiki\/Saison_1994_de_l%27American_Professional_Soccer_League\">1994<\/a><sup><a href=\"https:\/\/fr.wikipedia.org\/wiki\/Club_de_Foot_Montr%C3%A9al#cite_note-53\">Note 1<\/a><\/sup>,&nbsp;<a href=\"https:\/\/fr.wikipedia.org\/wiki\/A-League_2004\">2004<\/a><sup><a href=\"https:\/\/fr.wikipedia.org\/wiki\/Club_de_Foot_Montr%C3%A9al#cite_note-54\">Note 2<\/a><\/sup>&nbsp;et&nbsp;<a href=\"https:\/\/fr.wikipedia.org\/wiki\/Saison_2009_des_United_Soccer_Leagues#Premi%C3%A8re_division\">2009<\/a><sup><a href=\"https:\/\/fr.wikipedia.org\/wiki\/Club_de_Foot_Montr%C3%A9al#cite_note-55\">Note 3<\/a><\/sup><strong>Vainqueur de la saison r\u00e9guli\u00e8re<\/strong>&nbsp;:&nbsp;<a href=\"https:\/\/fr.wikipedia.org\/wiki\/1995_en_football\">1995<\/a>,&nbsp;<a href=\"https:\/\/fr.wikipedia.org\/wiki\/1996_en_football\">1996<\/a>,&nbsp;<a href=\"https:\/\/fr.wikipedia.org\/wiki\/1997_en_football\">1997<\/a>,&nbsp;<a href=\"https:\/\/fr.wikipedia.org\/wiki\/2005_en_football\">2005<\/a>&nbsp;et&nbsp;<a href=\"https:\/\/fr.wikipedia.org\/wiki\/2006_en_football\">2006<\/a><\/td><td><strong><a href=\"https:\/\/fr.wikipedia.org\/wiki\/Ligue_des_champions_de_la_CONCACAF\">Ligue des champions de la CONCACAF<\/a><\/strong><strong>Finale<\/strong>&nbsp;:&nbsp;<a href=\"https:\/\/fr.wikipedia.org\/wiki\/Ligue_des_champions_de_la_CONCACAF_2014-2015\">2015<\/a><\/td><td><strong><a href=\"https:\/\/fr.wikipedia.org\/wiki\/Walt_Disney_World_Pro_Soccer_Classic\">Walt Disney World Pro Soccer Classic<\/a><\/strong><strong>Vainqueur<\/strong>&nbsp;:&nbsp;<a href=\"https:\/\/fr.wikipedia.org\/wiki\/Walt_Disney_World_Pro_Soccer_Classic_2013\">2013<\/a><\/td><\/tr><\/tbody><\/table><\/figure>\n\n\n\n<h3 class=\"wp-block-heading\">Bilan par saison[<a href=\"https:\/\/fr.wikipedia.org\/w\/index.php?title=Club_de_Foot_Montr%C3%A9al&amp;veaction=edit&amp;section=14\">modifier<\/a>&nbsp;|&nbsp;<a href=\"https:\/\/fr.wikipedia.org\/w\/index.php?title=Club_de_Foot_Montr%C3%A9al&amp;action=edit&amp;section=14\">modifier le code<\/a>]<\/h3>\n\n\n\n<p class=\"wp-block-paragraph\">Article d\u00e9taill\u00e9&nbsp;:&nbsp;<a href=\"https:\/\/fr.wikipedia.org\/w\/index.php?title=Statistiques_du_CF_Montr%C3%A9al&amp;action=edit&amp;redlink=1\">Statistiques du CF Montr\u00e9al<\/a>.<\/p>\n\n\n\n<figure class=\"wp-block-table\"><table><thead><tr><th scope=\"col\">Ann\u00e9e<\/th><th scope=\"col\">Niv.<\/th><th scope=\"col\">Ligue<\/th><th>Saison r\u00e9guli\u00e8re<\/th><th>Position<\/th><th scope=\"col\">S\u00e9ries \u00e9liminatoires<\/th><th scope=\"col\"><a href=\"https:\/\/fr.wikipedia.org\/wiki\/Championnat_canadien\">Championnat canadien<\/a><\/th><th scope=\"col\"><a href=\"https:\/\/fr.wikipedia.org\/wiki\/Ligue_des_champions_de_la_CONCACAF\">Ligue des champions<br>CONCACAF<\/a><\/th><th scope=\"col\">Affl. moy.<br>saison r\u00e9guli\u00e8re<\/th><th scope=\"col\">Affl. moy.<br>s\u00e9ries \u00e9liminat.<\/th><\/tr><tr><th>M<\/th><th>V<\/th><th>N<\/th><th>D<\/th><th>BP<\/th><th>BC<\/th><th>Pts<\/th><th>Conf.<\/th><th>Ligue<\/th><\/tr><\/thead><tbody><tr><td><strong>1993<\/strong><\/td><td><strong>1<\/strong><\/td><td><a href=\"https:\/\/fr.wikipedia.org\/wiki\/American_Professional_Soccer_League\">APSL<\/a><\/td><td>24<\/td><td>11<\/td><td>&#8211;<\/td><td>13<\/td><td>28<\/td><td>33<\/td><td><strong>90<\/strong><\/td><td>&#8211;<\/td><td>7<sup>e<\/sup><\/td><td><em>Non qualifi\u00e9<\/em><\/td><td><em>N\/A<\/em><\/td><td><em>Non qualifi\u00e9<\/em><\/td><td><\/td><td><em>N\/Q<\/em><\/td><\/tr><tr><td><strong>1994<\/strong><\/td><td><strong>1<\/strong><\/td><td><a href=\"https:\/\/fr.wikipedia.org\/wiki\/American_Professional_Soccer_League\">APSL<\/a><\/td><td>20<\/td><td>12<\/td><td>&#8211;<\/td><td>8<\/td><td>27<\/td><td>18<\/td><td><strong>93<\/strong><\/td><td>&#8211;<\/td><td>3<sup>e<\/sup><\/td><td><strong>Champion<\/strong><\/td><td><em>Non qualifi\u00e9<\/em><\/td><td>3 215<\/td><td>5 377<\/td><\/tr><tr><td><strong>1995<\/strong><\/td><td><strong>2<\/strong><\/td><td><a href=\"https:\/\/fr.wikipedia.org\/wiki\/A-League_(1995-2004)\">A-League<\/a><\/td><td>24<\/td><td>17<\/td><td>&#8211;<\/td><td>7<\/td><td>47<\/td><td>27<\/td><td><strong>51<\/strong><\/td><td>&#8211;<\/td><td><strong><abbr title=\"Premier\">1<sup>er<\/sup><\/abbr><\/strong><\/td><td>Demi-finale<\/td><td><em>Non qualifi\u00e9<\/em><\/td><td>5 075<\/td><td>2 792<\/td><\/tr><tr><td><strong>1996<\/strong><\/td><td><strong>2<\/strong><\/td><td><a href=\"https:\/\/fr.wikipedia.org\/wiki\/A-League_(1995-2004)\">A-League<\/a><\/td><td>27<\/td><td>21<\/td><td>&#8211;<\/td><td>6<\/td><td>40<\/td><td>18<\/td><td><strong>55<\/strong><\/td><td>&#8211;<\/td><td><strong><abbr title=\"Premier\">1<sup>er<\/sup><\/abbr><\/strong><\/td><td>Demi-finale<\/td><td><em>Non qualifi\u00e9<\/em><\/td><td>4 868<\/td><td>7 212<\/td><\/tr><tr><td><strong>1997<\/strong><\/td><td><strong>2<\/strong><\/td><td><a href=\"https:\/\/fr.wikipedia.org\/wiki\/A-League_(1995-2004)\">A-League<\/a><\/td><td>28<\/td><td>21<\/td><td>&#8211;<\/td><td>7<\/td><td>58<\/td><td>19<\/td><td><strong>61<\/strong><\/td><td><strong><abbr title=\"Premier\">1<sup>er<\/sup><\/abbr><\/strong><\/td><td><strong><abbr title=\"Premier\">1<sup>er<\/sup><\/abbr><\/strong><\/td><td>Finale de division<\/td><td><em>Non qualifi\u00e9<\/em><\/td><td>5 066<\/td><td>4 139<\/td><\/tr><tr><td><strong>1998<\/strong><\/td><td><strong>2<\/strong><\/td><td><a href=\"https:\/\/fr.wikipedia.org\/wiki\/A-League_(1995-2004)\">A-League<\/a><\/td><td>28<\/td><td>21<\/td><td>&#8211;<\/td><td>7<\/td><td>47<\/td><td>33<\/td><td><strong>47<\/strong><\/td><td>2<sup>e<\/sup><\/td><td>9<sup>e<\/sup><\/td><td>Demi-finale de conf\u00e9rence<\/td><td><em>Non qualifi\u00e9<\/em><\/td><td>4 008<\/td><td>4 630<\/td><\/tr><tr><td><strong>1999<\/strong><\/td><td><strong>Saison annul\u00e9e<\/strong><\/td><\/tr><tr><td><strong>2000<\/strong><\/td><td><strong>2<\/strong><\/td><td><a href=\"https:\/\/fr.wikipedia.org\/wiki\/A-League_(1995-2004)\">A-League<\/a><\/td><td>28<\/td><td>12<\/td><td>3<\/td><td>13<\/td><td>34<\/td><td>41<\/td><td><strong>54<\/strong><\/td><td>4<sup>e<\/sup><\/td><td>18<sup>e<\/sup><\/td><td><em>Non qualifi\u00e9<\/em><\/td><td><em>N\/A<\/em><\/td><td><em>Non qualifi\u00e9<\/em><\/td><td>2 338<\/td><td><em>N\/Q<\/em><\/td><\/tr><tr><td><strong>2001<\/strong><\/td><td><strong>2<\/strong><\/td><td><a href=\"https:\/\/fr.wikipedia.org\/wiki\/A-League_(1995-2004)\">A-League<\/a><\/td><td>26<\/td><td>10<\/td><td>2<\/td><td>14<\/td><td>29<\/td><td>37<\/td><td><strong>45<\/strong><\/td><td>4<sup>e<\/sup><\/td><td>14<sup>e<\/sup><\/td><td><em>Non qualifi\u00e9<\/em><\/td><td><em>Non tenue<\/em><\/td><td>2 103<\/td><td><em>N\/Q<\/em><\/td><\/tr><tr><td><strong>2002<\/strong><\/td><td><strong>2<\/strong><\/td><td><a href=\"https:\/\/fr.wikipedia.org\/wiki\/A-League_(1995-2004)\">A-League<\/a><\/td><td>28<\/td><td>16<\/td><td>3<\/td><td>9<\/td><td>39<\/td><td>29<\/td><td><strong>72<\/strong><\/td><td>2<sup>e<\/sup><\/td><td>5<sup>e<\/sup><\/td><td>Demi-finale de conf\u00e9rence<\/td><td><strong>Champion<\/strong><\/td><td><em>Non qualifi\u00e9<\/em><\/td><td>5 178<\/td><td>6 038<\/td><\/tr><tr><td><strong>2003<\/strong><\/td><td><strong>2<\/strong><\/td><td><a href=\"https:\/\/fr.wikipedia.org\/wiki\/A-League_(1995-2004)\">A-League<\/a><\/td><td>28<\/td><td>16<\/td><td>6<\/td><td>6<\/td><td>40<\/td><td>21<\/td><td><strong>54<\/strong><\/td><td><strong><abbr title=\"Premier\">1<sup>er<\/sup><\/abbr><\/strong><\/td><td>2<sup>e<\/sup><\/td><td>Finale de division<\/td><td><strong>Champion<\/strong><\/td><td><em>Non qualifi\u00e9<\/em><\/td><td>7 236<\/td><td>7 611<\/td><\/tr><tr><td><strong><a href=\"https:\/\/fr.wikipedia.org\/wiki\/A-League_2004\">2004<\/a><\/strong><\/td><td><strong>2<\/strong><\/td><td><a href=\"https:\/\/fr.wikipedia.org\/wiki\/A-League_(1995-2004)\">A-League<\/a><\/td><td>28<\/td><td>17<\/td><td>5<\/td><td>6<\/td><td>36<\/td><td>15<\/td><td><strong>56<\/strong><\/td><td><strong><abbr title=\"Premier\">1<sup>er<\/sup><\/abbr><\/strong><\/td><td>2<sup>e<\/sup><\/td><td><strong>Champion<\/strong><\/td><td><strong>Champion<\/strong><\/td><td><em>Non qualifi\u00e9<\/em><\/td><td>9 279<\/td><td>9 187<\/td><\/tr><tr><td><strong><a href=\"https:\/\/fr.wikipedia.org\/wiki\/Saison_2005_des_United_Soccer_Leagues#Premi%C3%A8re_division\">2005<\/a><\/strong><\/td><td><strong>2<\/strong><\/td><td><a href=\"https:\/\/fr.wikipedia.org\/wiki\/Premi%C3%A8re_division_des_United_Soccer_Leagues\">USL First Division<\/a><\/td><td>28<\/td><td>18<\/td><td>7<\/td><td>3<\/td><td>37<\/td><td>15<\/td><td><strong>61<\/strong><\/td><td>&#8211;<\/td><td><strong><abbr title=\"Premier\">1<sup>er<\/sup><\/abbr><\/strong><\/td><td>Demi-finale<\/td><td><strong>Champion<\/strong><\/td><td><em>Non qualifi\u00e9<\/em><\/td><td>11 176<\/td><td>6 411<\/td><\/tr><tr><td><strong><a href=\"https:\/\/fr.wikipedia.org\/wiki\/Saison_2006_des_United_Soccer_Leagues#Premi%C3%A8re_division\">2006<\/a><\/strong><\/td><td><strong>2<\/strong><\/td><td><a href=\"https:\/\/fr.wikipedia.org\/wiki\/Premi%C3%A8re_division_des_United_Soccer_Leagues\">USL First Division<\/a><\/td><td>28<\/td><td>14<\/td><td>9<\/td><td>5<\/td><td>31<\/td><td>15<\/td><td><strong>51<\/strong><\/td><td>&#8211;<\/td><td><strong><abbr title=\"Premier\">1<sup>er<\/sup><\/abbr><\/strong><\/td><td>Demi-finale<\/td><td><strong>Champion<\/strong><\/td><td><em>Non qualifi\u00e9<\/em><\/td><td>11 554<\/td><td>8 504<\/td><\/tr><tr><td><strong><a href=\"https:\/\/fr.wikipedia.org\/wiki\/Saison_2007_des_United_Soccer_Leagues#Premi%C3%A8re_division\">2007<\/a><\/strong><\/td><td><strong>2<\/strong><\/td><td><a href=\"https:\/\/fr.wikipedia.org\/wiki\/Premi%C3%A8re_division_des_United_Soccer_Leagues\">USL First Division<\/a><\/td><td>28<\/td><td>14<\/td><td>8<\/td><td>6<\/td><td>32<\/td><td>21<\/td><td><strong>50<\/strong><\/td><td>&#8211;<\/td><td>3<sup>e<\/sup><\/td><td>Quart de finale<\/td><td><strong>Champion<\/strong><\/td><td><em>Non qualifi\u00e9<\/em><\/td><td>11 036<\/td><td>8 165<\/td><\/tr><tr><td><strong><a href=\"https:\/\/fr.wikipedia.org\/wiki\/Saison_2008_des_United_Soccer_Leagues#Premi%C3%A8re_division\">2008<\/a><\/strong><\/td><td><strong>2<\/strong><\/td><td><a href=\"https:\/\/fr.wikipedia.org\/wiki\/Premi%C3%A8re_division_des_United_Soccer_Leagues\">USL First Division<\/a><\/td><td>30<\/td><td>12<\/td><td>6<\/td><td>12<\/td><td>33<\/td><td>28<\/td><td><strong>42<\/strong><\/td><td>&#8211;<\/td><td>3<sup>e<\/sup><\/td><td>Demi-finale<\/td><td><strong><a href=\"https:\/\/fr.wikipedia.org\/wiki\/Championnat_canadien_de_soccer_2008\">Champion<\/a><\/strong><\/td><td><em>Non qualifi\u00e9<\/em><\/td><td>12 696<\/td><td>7 748<\/td><\/tr><tr><td><strong><a href=\"https:\/\/fr.wikipedia.org\/wiki\/Saison_2009_des_United_Soccer_Leagues#Premi%C3%A8re_division\">2009<\/a><\/strong><\/td><td><strong>2<\/strong><\/td><td><a href=\"https:\/\/fr.wikipedia.org\/wiki\/Premi%C3%A8re_division_des_United_Soccer_Leagues\">USL First Division<\/a><\/td><td>30<\/td><td>12<\/td><td>7<\/td><td>11<\/td><td>32<\/td><td>31<\/td><td><strong>43<\/strong><\/td><td>&#8211;<\/td><td>5<sup>e<\/sup><\/td><td><strong>Champion<\/strong><\/td><td><a href=\"https:\/\/fr.wikipedia.org\/wiki\/Championnat_canadien_de_soccer_2009\">Troisi\u00e8me<\/a><\/td><td><a href=\"https:\/\/fr.wikipedia.org\/wiki\/Ligue_des_champions_de_la_CONCACAF_2008-2009\">Quart de finale<\/a><\/td><td>12 033<\/td><td>7 908<\/td><\/tr><tr><td><strong><a href=\"https:\/\/fr.wikipedia.org\/wiki\/USSF_Division_2_Professional_League#Saison_2010\">2010<\/a><\/strong><\/td><td><strong>2<\/strong><\/td><td><a href=\"https:\/\/fr.wikipedia.org\/wiki\/USSF_Division_2_Professional_League\">USSF D2<\/a><\/td><td>30<\/td><td>12<\/td><td>7<\/td><td>11<\/td><td>36<\/td><td>30<\/td><td><strong>43<\/strong><\/td><td>3<sup>e<\/sup><\/td><td>6<sup>e<\/sup><\/td><td>Demi-finale<\/td><td><a href=\"https:\/\/fr.wikipedia.org\/wiki\/Championnat_canadien_de_soccer_2010\">Troisi\u00e8me<\/a><\/td><td><em>Non qualifi\u00e9<\/em><\/td><td>12 397<\/td><td>5 301<\/td><\/tr><tr><td><strong><a href=\"https:\/\/fr.wikipedia.org\/wiki\/North_American_Soccer_League_2011\">2011<\/a><\/strong><\/td><td><strong>2<\/strong><\/td><td><a href=\"https:\/\/fr.wikipedia.org\/wiki\/North_American_Soccer_League_(2011)\">NASL<\/a><\/td><td>28<\/td><td>9<\/td><td>8<\/td><td>11<\/td><td>35<\/td><td>27<\/td><td><strong>35<\/strong><\/td><td>&#8211;<\/td><td>7<sup>e<\/sup><\/td><td><em>Non qualifi\u00e9<\/em><\/td><td><a href=\"https:\/\/fr.wikipedia.org\/wiki\/Championnat_canadien_de_soccer_2011\">Demi-finale<\/a><\/td><td><em>Non qualifi\u00e9<\/em><\/td><td>11 507<\/td><td><em>N\/Q<\/em><\/td><\/tr><tr><td><strong>Entr\u00e9e en MLS<\/strong><\/td><\/tr><tr><th scope=\"col\">Ann\u00e9e<\/th><th scope=\"col\">Niv.<\/th><th scope=\"col\">Ligue<\/th><th>Saison r\u00e9guli\u00e8re<\/th><th>Position<\/th><th scope=\"col\"><a href=\"https:\/\/fr.wikipedia.org\/wiki\/Coupe_de_la_Major_League_Soccer\">Coupe MLS<\/a><\/th><th scope=\"col\"><a href=\"https:\/\/fr.wikipedia.org\/wiki\/Championnat_canadien\">Championnat canadien<\/a><\/th><th scope=\"col\"><a href=\"https:\/\/fr.wikipedia.org\/wiki\/Ligue_des_champions_de_la_CONCACAF\">Ligue des champions<br>CONCACAF<\/a><\/th><th scope=\"col\">Affl. moy.<br>saison r\u00e9guli\u00e8re<\/th><th scope=\"col\">Affl. moy.<br>s\u00e9ries \u00e9liminat.<\/th><\/tr><tr><th>M<\/th><th>V<\/th><th>N<\/th><th>D<\/th><th>BP<\/th><th>BC<\/th><th>Pts<\/th><th>Conf.<\/th><th>Ligue<\/th><\/tr><tr><td><strong><a href=\"https:\/\/fr.wikipedia.org\/wiki\/Saison_2012_de_l%27Impact_de_Montr%C3%A9al\">2012<\/a><\/strong><\/td><td><strong>1<\/strong><\/td><td><a href=\"https:\/\/fr.wikipedia.org\/wiki\/Major_League_Soccer\">MLS<\/a><\/td><td>34<\/td><td>12<\/td><td>6<\/td><td>16<\/td><td>45<\/td><td>51<\/td><td><strong>42<\/strong><\/td><td>7<sup>e<\/sup><\/td><td>12<sup>e<\/sup><\/td><td><em>Non qualifi\u00e9<\/em><\/td><td><a href=\"https:\/\/fr.wikipedia.org\/wiki\/Championnat_canadien_de_soccer_2012\">Demi-finale<\/a><\/td><td><em>Non qualifi\u00e9<\/em><\/td><td><strong>22 772<\/strong><\/td><td><em>N\/Q<\/em><\/td><\/tr><tr><td><strong><a href=\"https:\/\/fr.wikipedia.org\/wiki\/Saison_2013_de_l%27Impact_de_Montr%C3%A9al\">2013<\/a><\/strong><\/td><td><strong>1<\/strong><\/td><td><a href=\"https:\/\/fr.wikipedia.org\/wiki\/Major_League_Soccer\">MLS<\/a><\/td><td>34<\/td><td>14<\/td><td>7<\/td><td>13<\/td><td>50<\/td><td>49<\/td><td><strong>49<\/strong><\/td><td>5<sup>e<\/sup><\/td><td>11<sup>e<\/sup><\/td><td>Premier tour<\/td><td><strong><a href=\"https:\/\/fr.wikipedia.org\/wiki\/Championnat_canadien_de_soccer_2013\">Champion<\/a><\/strong><\/td><td><a href=\"https:\/\/fr.wikipedia.org\/wiki\/Ligue_des_champions_de_la_CONCACAF_2013-2014\">Phase de groupes<\/a><\/td><td>20 603<\/td><td><em>N\/A<\/em><\/td><\/tr><tr><td><strong><a href=\"https:\/\/fr.wikipedia.org\/wiki\/Saison_2014_de_l%27Impact_de_Montr%C3%A9al\">2014<\/a><\/strong><\/td><td><strong>1<\/strong><\/td><td><a href=\"https:\/\/fr.wikipedia.org\/wiki\/Major_League_Soccer\">MLS<\/a><\/td><td>34<\/td><td>6<\/td><td>10<\/td><td>18<\/td><td>38<\/td><td>58<\/td><td><strong>28<\/strong><\/td><td>10<sup>e<\/sup><\/td><td>19<sup>e<\/sup><\/td><td><em>Non qualifi\u00e9<\/em><\/td><td><strong><a href=\"https:\/\/fr.wikipedia.org\/wiki\/Championnat_canadien_de_soccer_2014\">Champion<\/a><\/strong><\/td><td><em>Non qualifi\u00e9<\/em><\/td><td>17 557<\/td><td><em>N\/Q<\/em><\/td><\/tr><tr><td><strong><a href=\"https:\/\/fr.wikipedia.org\/wiki\/Saison_2015_de_l%27Impact_de_Montr%C3%A9al\">2015<\/a><\/strong><\/td><td><strong>1<\/strong><\/td><td><a href=\"https:\/\/fr.wikipedia.org\/wiki\/Major_League_Soccer\">MLS<\/a><\/td><td>34<\/td><td>15<\/td><td>6<\/td><td>13<\/td><td>48<\/td><td>44<\/td><td><strong>51<\/strong><\/td><td>3<sup>e<\/sup><\/td><td>7<sup>e<\/sup><\/td><td>Demi-finale de conf\u00e9rence<\/td><td><a href=\"https:\/\/fr.wikipedia.org\/wiki\/Championnat_canadien_de_soccer_2015\">Finale<\/a><\/td><td><a href=\"https:\/\/fr.wikipedia.org\/wiki\/Ligue_des_champions_de_la_CONCACAF_2014-2015\">Finale<\/a><\/td><td>17 750<\/td><td>17 862<\/td><\/tr><tr><td><strong><a href=\"https:\/\/fr.wikipedia.org\/wiki\/Saison_2016_de_l%27Impact_de_Montr%C3%A9al\">2016<\/a><\/strong><\/td><td><strong>1<\/strong><\/td><td><a href=\"https:\/\/fr.wikipedia.org\/wiki\/Major_League_Soccer\">MLS<\/a><\/td><td>34<\/td><td>11<\/td><td>12<\/td><td>11<\/td><td>49<\/td><td>53<\/td><td><strong>45<\/strong><\/td><td>5<sup>e<\/sup><\/td><td>11<sup>e<\/sup><\/td><td>Finale de conf\u00e9rence<\/td><td><a href=\"https:\/\/fr.wikipedia.org\/wiki\/Championnat_canadien_de_soccer_2016\">Demi-finale<\/a><\/td><td><em>Non qualifi\u00e9<\/em><\/td><td>20 669<\/td><td><strong>38 015<\/strong><\/td><\/tr><tr><td><strong><a href=\"https:\/\/fr.wikipedia.org\/wiki\/Saison_2017_de_l%27Impact_de_Montr%C3%A9al\">2017<\/a><\/strong><\/td><td><strong>1<\/strong><\/td><td><a href=\"https:\/\/fr.wikipedia.org\/wiki\/Major_League_Soccer\">MLS<\/a><\/td><td>34<\/td><td>11<\/td><td>6<\/td><td>17<\/td><td>52<\/td><td>58<\/td><td><strong>39<\/strong><\/td><td>9<sup>e<\/sup><\/td><td>17<sup>e<\/sup><\/td><td><em>Non qualifi\u00e9<\/em><\/td><td><a href=\"https:\/\/fr.wikipedia.org\/wiki\/Championnat_canadien_de_soccer_2017\">Finale<\/a><\/td><td><em>Non qualifi\u00e9<\/em><\/td><td>20 046<\/td><td><em>N\/Q<\/em><\/td><\/tr><tr><td><a href=\"https:\/\/fr.wikipedia.org\/wiki\/Saison_2018_de_l%27Impact_de_Montr%C3%A9al\"><strong>2018<\/strong><\/a><\/td><td><strong>1<\/strong><\/td><td><a href=\"https:\/\/fr.wikipedia.org\/wiki\/Major_League_Soccer\">MLS<\/a><\/td><td>34<\/td><td>14<\/td><td>4<\/td><td>16<\/td><td>47<\/td><td>53<\/td><td><strong>46<\/strong><\/td><td>7<sup>e<\/sup><\/td><td>15<sup>e<\/sup><\/td><td><em>Non qualifi\u00e9<\/em><\/td><td><a href=\"https:\/\/fr.wikipedia.org\/wiki\/Championnat_canadien_de_soccer_2018\">Demi-finale<\/a><\/td><td><em>Non qualifi\u00e9<\/em><\/td><td>18 281<\/td><td><em>N\/Q<\/em><\/td><\/tr><tr><td><a href=\"https:\/\/fr.wikipedia.org\/wiki\/Saison_2019_de_l%27Impact_de_Montr%C3%A9al\"><strong>2019<\/strong><\/a><\/td><td><strong>1<\/strong><\/td><td><a href=\"https:\/\/fr.wikipedia.org\/wiki\/Major_League_Soccer\">MLS<\/a><\/td><td>34<\/td><td>12<\/td><td>5<\/td><td>17<\/td><td>47<\/td><td>60<\/td><td><strong>41<\/strong><\/td><td>9<sup>e<\/sup><\/td><td>18<sup>e<\/sup><\/td><td><em>Non qualifi\u00e9<\/em><\/td><td><strong><a href=\"https:\/\/fr.wikipedia.org\/wiki\/Championnat_canadien_de_soccer_2013\">Champion<\/a><\/strong><\/td><td><em>Non qualifi\u00e9<\/em><\/td><td>15 347<\/td><td><em>N\/Q<\/em><\/td><\/tr><tr><td><a href=\"https:\/\/fr.wikipedia.org\/wiki\/Saison_2020_de_l%27Impact_de_Montr%C3%A9al\"><strong>2020<\/strong><\/a><\/td><td><strong>1<\/strong><\/td><td><a href=\"https:\/\/fr.wikipedia.org\/wiki\/Major_League_Soccer\">MLS<\/a><sup><a href=\"https:\/\/fr.wikipedia.org\/wiki\/Club_de_Foot_Montr%C3%A9al#cite_note-56\">Note 4<\/a><\/sup><\/td><td>23<\/td><td>8<\/td><td>2<\/td><td>13<\/td><td>33<\/td><td>43<\/td><td><strong>26<\/strong><\/td><td>9<sup>e<\/sup><\/td><td>18<sup>e<\/sup><\/td><td>Premier tour<\/td><td><em><a href=\"https:\/\/fr.wikipedia.org\/wiki\/Championnat_canadien_de_soccer_2020\">Non qualifi\u00e9<\/a><\/em><\/td><td><a href=\"https:\/\/fr.wikipedia.org\/wiki\/Ligue_des_champions_de_la_CONCACAF_2020\">Quart de finale<\/a><\/td><td><em>N\/A<\/em><sup><a href=\"https:\/\/fr.wikipedia.org\/wiki\/Club_de_Foot_Montr%C3%A9al#cite_note-57\">Note 5<\/a><\/sup><\/td><td><em>N\/A<\/em><\/td><\/tr><\/tbody><\/table><\/figure>\n\n\n\n<h3 class=\"wp-block-heading\">Parcours en Ligue des champions[<a href=\"https:\/\/fr.wikipedia.org\/w\/index.php?title=Club_de_Foot_Montr%C3%A9al&amp;veaction=edit&amp;section=15\">modifier<\/a>&nbsp;|&nbsp;<a href=\"https:\/\/fr.wikipedia.org\/w\/index.php?title=Club_de_Foot_Montr%C3%A9al&amp;action=edit&amp;section=15\">modifier le code<\/a>]<\/h3>\n\n\n\n<figure class=\"wp-block-table\"><table><thead><tr><th>Saison<\/th><th>Comp\u00e9tition<\/th><th>Tour<\/th><th>\u00c9quipe<\/th><th>Domicile<\/th><th>Ext\u00e9rieur<\/th><th>Cumul\u00e9<\/th><\/tr><\/thead><tbody><tr><td><a href=\"https:\/\/fr.wikipedia.org\/wiki\/Ligue_des_champions_de_la_CONCACAF_2008-2009\">2008-2009<\/a><\/td><td><a href=\"https:\/\/fr.wikipedia.org\/wiki\/Ligue_des_champions_de_la_CONCACAF\">Ligue des champions de la CONCACAF<\/a><\/td><td><a href=\"https:\/\/fr.wikipedia.org\/wiki\/Ligue_des_champions_de_la_CONCACAF_2008-2009#Tour_pr%C3%A9liminaire\">Tour pr\u00e9liminaire<\/a><\/td><td><a href=\"https:\/\/commons.wikimedia.org\/wiki\/File:Flag_of_Nicaragua.svg?uselang=fr\"><\/a>&nbsp;<a href=\"https:\/\/fr.wikipedia.org\/wiki\/Real_Estel%C3%AD_F%C3%BAtbol_Club\">Real Estel\u00ed<\/a><\/td><td>1-0<\/td><td>0-0<\/td><td><strong>1-0<\/strong><\/td><\/tr><tr><td><a href=\"https:\/\/fr.wikipedia.org\/wiki\/Ligue_des_champions_de_la_CONCACAF_2008-2009#Groupe_C\">Phase de groupes<\/a><\/td><td><a href=\"https:\/\/commons.wikimedia.org\/wiki\/File:Flag_of_Trinidad_and_Tobago.svg?uselang=fr\"><\/a>&nbsp;<a href=\"https:\/\/fr.wikipedia.org\/wiki\/Joe_Public_Football_Club\">Joe Public<\/a><\/td><td>2-0<\/td><td>1-4<\/td><\/tr><tr><td><a href=\"https:\/\/commons.wikimedia.org\/wiki\/File:Flag_of_Mexico.svg?uselang=fr\"><\/a>&nbsp;<a href=\"https:\/\/fr.wikipedia.org\/wiki\/CF_Atlante\">CF Atlante<\/a><\/td><td>0-0<\/td><td>2-1<\/td><\/tr><tr><td><a href=\"https:\/\/commons.wikimedia.org\/wiki\/File:Flag_of_Honduras.svg?uselang=fr\"><\/a>&nbsp;<a href=\"https:\/\/fr.wikipedia.org\/wiki\/Club_Deportivo_Olimpia\">CD Olimpia<\/a><\/td><td>1-1<\/td><td>1-2<\/td><\/tr><tr><td><a href=\"https:\/\/fr.wikipedia.org\/wiki\/Ligue_des_champions_de_la_CONCACAF_2008-2009#Quarts_de_finale\">Quarts de finale<\/a><\/td><td><a href=\"https:\/\/commons.wikimedia.org\/wiki\/File:Flag_of_Mexico.svg?uselang=fr\"><\/a>&nbsp;<a href=\"https:\/\/fr.wikipedia.org\/wiki\/Club_Santos_Laguna\">Santos Laguna<\/a><\/td><td>2\u20130<\/td><td>2\u20135<\/td><td><strong>4\u20135<\/strong><\/td><\/tr><tr><td><a href=\"https:\/\/fr.wikipedia.org\/wiki\/Ligue_des_champions_de_la_CONCACAF_2013-2014\">2013-2014<\/a><\/td><td><a href=\"https:\/\/fr.wikipedia.org\/wiki\/Ligue_des_champions_de_la_CONCACAF\">Ligue des champions de la CONCACAF<\/a><\/td><td><a href=\"https:\/\/fr.wikipedia.org\/wiki\/Ligue_des_champions_de_la_CONCACAF_2013-2014#Groupe_E\">Phase de groupes<\/a><\/td><td><a href=\"https:\/\/commons.wikimedia.org\/wiki\/File:Flag_of_the_United_States.svg?uselang=fr\"><\/a>&nbsp;<a href=\"https:\/\/fr.wikipedia.org\/wiki\/Earthquakes_de_San_Jos%C3%A9\">Earthquakes de San Jos\u00e9<\/a><\/td><td>1-0<\/td><td>3-0<\/td><\/tr><tr><td><a href=\"https:\/\/commons.wikimedia.org\/wiki\/File:Flag_of_Guatemala.svg?uselang=fr\"><\/a>&nbsp;<a href=\"https:\/\/fr.wikipedia.org\/wiki\/Heredia_Jaguares_de_Pet%C3%A9n\">CD Heredia<\/a><\/td><td>2-0<\/td><td>1-0<\/td><\/tr><tr><td><a href=\"https:\/\/fr.wikipedia.org\/wiki\/Ligue_des_champions_de_la_CONCACAF_2014-2015\">2014-2015<\/a><\/td><td><a href=\"https:\/\/fr.wikipedia.org\/wiki\/Ligue_des_champions_de_la_CONCACAF\">Ligue des champions de la CONCACAF<\/a><\/td><td><a href=\"https:\/\/fr.wikipedia.org\/wiki\/Ligue_des_champions_de_la_CONCACAF_2014-2015#Groupe_C\">Phase de groupes<\/a><\/td><td><a href=\"https:\/\/commons.wikimedia.org\/wiki\/File:Flag_of_El_Salvador.svg?uselang=fr\"><\/a>&nbsp;<a href=\"https:\/\/fr.wikipedia.org\/wiki\/Club_Deportivo_FAS\">CD FAS<\/a><\/td><td>1-0<\/td><td>3-2<\/td><\/tr><tr><td><a href=\"https:\/\/commons.wikimedia.org\/wiki\/File:Flag_of_the_United_States.svg?uselang=fr\"><\/a>&nbsp;<a href=\"https:\/\/fr.wikipedia.org\/wiki\/Red_Bulls_de_New_York\">Red Bulls de New York<\/a><\/td><td>1-0<\/td><td>1-1<\/td><\/tr><tr><td><a href=\"https:\/\/fr.wikipedia.org\/wiki\/Ligue_des_champions_de_la_CONCACAF_2014-2015#Quarts_de_finale\">Quarts de finale<\/a><\/td><td><a href=\"https:\/\/commons.wikimedia.org\/wiki\/File:Flag_of_Mexico.svg?uselang=fr\"><\/a>&nbsp;<a href=\"https:\/\/fr.wikipedia.org\/wiki\/Club_de_F%C3%BAtbol_Pachuca\">CF Pachuca<\/a><\/td><td>1-1<\/td><td>2-2<\/td><td><strong>3-3<\/strong><sup><a href=\"https:\/\/fr.wikipedia.org\/wiki\/Club_de_Foot_Montr%C3%A9al#cite_note-Parcours_en_Ligue_des_champions-58\">Note 6<\/a><\/sup><\/td><\/tr><tr><td><a href=\"https:\/\/fr.wikipedia.org\/wiki\/Ligue_des_champions_de_la_CONCACAF_2014-2015#Demi-finales\">Demi-finales<\/a><\/td><td><a href=\"https:\/\/commons.wikimedia.org\/wiki\/File:Flag_of_Costa_Rica.svg?uselang=fr\"><\/a>&nbsp;<a href=\"https:\/\/fr.wikipedia.org\/wiki\/Liga_Deportiva_Alajuelense\">LD Alajuelense<\/a><\/td><td>2-0<\/td><td>2-4<\/td><td><strong>4-4<\/strong><sup><a href=\"https:\/\/fr.wikipedia.org\/wiki\/Club_de_Foot_Montr%C3%A9al#cite_note-Parcours_en_Ligue_des_champions-58\">Note 6<\/a><\/sup><\/td><\/tr><tr><td><a href=\"https:\/\/fr.wikipedia.org\/wiki\/Ligue_des_champions_de_la_CONCACAF_2014-2015#Finale\">Finale<\/a><\/td><td><a href=\"https:\/\/commons.wikimedia.org\/wiki\/File:Flag_of_Mexico.svg?uselang=fr\"><\/a>&nbsp;<a href=\"https:\/\/fr.wikipedia.org\/wiki\/Club_Am%C3%A9rica\">Club Am\u00e9rica<\/a><\/td><td>2-4<\/td><td>1-1<\/td><td><strong>3-5<\/strong><\/td><\/tr><tr><td><a href=\"https:\/\/fr.wikipedia.org\/wiki\/Ligue_des_champions_de_la_CONCACAF_2020\">2020<\/a><\/td><td><a href=\"https:\/\/fr.wikipedia.org\/wiki\/Ligue_des_champions_de_la_CONCACAF\">Ligue des champions de la CONCACAF<\/a><\/td><td><a href=\"https:\/\/fr.wikipedia.org\/wiki\/Ligue_des_champions_de_la_CONCACAF_2020#Huiti%C3%A8mes_de_finale\">Huiti\u00e8mes de finale<\/a><\/td><td><a href=\"https:\/\/commons.wikimedia.org\/wiki\/File:Flag_of_Costa_Rica.svg?uselang=fr\"><\/a>&nbsp;<a href=\"https:\/\/fr.wikipedia.org\/wiki\/Deportivo_Saprissa\">Deportivo Saprissa<\/a><\/td><td>0-0<\/td><td>2-2<\/td><td><strong>2-2<\/strong><sup><a href=\"https:\/\/fr.wikipedia.org\/wiki\/Club_de_Foot_Montr%C3%A9al#cite_note-Parcours_en_Ligue_des_champions-58\">Note 6<\/a><\/sup><\/td><\/tr><tr><td><a href=\"https:\/\/fr.wikipedia.org\/wiki\/Ligue_des_champions_de_la_CONCACAF_2020#Quarts_de_finale\">Quarts de finale<\/a><\/td><td><a href=\"https:\/\/commons.wikimedia.org\/wiki\/File:Flag_of_Honduras.svg?uselang=fr\"><\/a>&nbsp;<a href=\"https:\/\/fr.wikipedia.org\/wiki\/Club_Deportivo_Olimpia\">CD Olimpia<\/a><\/td><td>1-2<\/td><td>1-0<\/td><td><strong>2-2<\/strong><\/td><\/tr><\/tbody><\/table><\/figure>\n\n\n\n<h3 class=\"wp-block-heading\">Records[<a href=\"https:\/\/fr.wikipedia.org\/w\/index.php?title=Club_de_Foot_Montr%C3%A9al&amp;veaction=edit&amp;section=16\">modifier<\/a>&nbsp;|&nbsp;<a href=\"https:\/\/fr.wikipedia.org\/w\/index.php?title=Club_de_Foot_Montr%C3%A9al&amp;action=edit&amp;section=16\">modifier le code<\/a>]<\/h3>\n\n\n\n<h4 class=\"wp-block-heading\">Meilleurs buteurs par saison (depuis 2012)[<a href=\"https:\/\/fr.wikipedia.org\/w\/index.php?title=Club_de_Foot_Montr%C3%A9al&amp;veaction=edit&amp;section=17\">modifier<\/a>&nbsp;|&nbsp;<a href=\"https:\/\/fr.wikipedia.org\/w\/index.php?title=Club_de_Foot_Montr%C3%A9al&amp;action=edit&amp;section=17\">modifier le code<\/a>]<\/h4>\n\n\n\n<figure class=\"wp-block-table\"><table><thead><tr><th scope=\"col\">Saison<\/th><th>Meilleurs buteurs<\/th><\/tr><tr><th>Joueurs<\/th><th>Buts<\/th><\/tr><\/thead><tbody><tr><td><strong>2012<\/strong><\/td><td><a href=\"https:\/\/commons.wikimedia.org\/wiki\/File:Flag_of_Canada.svg?uselang=fr\"><\/a>&nbsp;<a href=\"https:\/\/fr.wikipedia.org\/wiki\/Patrice_Bernier\">Patrice Bernier<\/a><\/td><td>9<\/td><\/tr><tr><td><strong>2013<\/strong><\/td><td><a href=\"https:\/\/commons.wikimedia.org\/wiki\/File:Flag_of_Italy.svg?uselang=fr\"><\/a>&nbsp;<a href=\"https:\/\/fr.wikipedia.org\/wiki\/Marco_Di_Vaio\">Marco Di Vaio<\/a><\/td><td><strong>22<\/strong><\/td><\/tr><tr><td><strong>2014<\/strong><\/td><td><a href=\"https:\/\/commons.wikimedia.org\/wiki\/File:Flag_of_Italy.svg?uselang=fr\"><\/a>&nbsp;<a href=\"https:\/\/fr.wikipedia.org\/wiki\/Marco_Di_Vaio\">Marco Di Vaio<\/a><\/td><td>13<\/td><\/tr><tr><td><strong>2015<\/strong><\/td><td><a href=\"https:\/\/commons.wikimedia.org\/wiki\/File:Flag_of_C%C3%B4te_d%27Ivoire.svg?uselang=fr\"><\/a>&nbsp;<a href=\"https:\/\/fr.wikipedia.org\/wiki\/Didier_Drogba\">Didier Drogba<\/a><br><a href=\"https:\/\/commons.wikimedia.org\/wiki\/File:Flag_of_Argentina.svg?uselang=fr\"><\/a>&nbsp;<a href=\"https:\/\/fr.wikipedia.org\/wiki\/Ignacio_Piatti\">Ignacio Piatti<\/a><\/td><td>12<\/td><\/tr><tr><td><strong>2016<\/strong><\/td><td><a href=\"https:\/\/commons.wikimedia.org\/wiki\/File:Flag_of_Argentina.svg?uselang=fr\"><\/a>&nbsp;<a href=\"https:\/\/fr.wikipedia.org\/wiki\/Ignacio_Piatti\">Ignacio Piatti<\/a><\/td><td>21<\/td><\/tr><tr><td><strong>2017<\/strong><\/td><td><a href=\"https:\/\/commons.wikimedia.org\/wiki\/File:Flag_of_Argentina.svg?uselang=fr\"><\/a>&nbsp;<a href=\"https:\/\/fr.wikipedia.org\/wiki\/Ignacio_Piatti\">Ignacio Piatti<\/a><\/td><td>19<\/td><\/tr><tr><td><strong>2018<\/strong><\/td><td><a href=\"https:\/\/commons.wikimedia.org\/wiki\/File:Flag_of_Argentina.svg?uselang=fr\"><\/a>&nbsp;<a href=\"https:\/\/fr.wikipedia.org\/wiki\/Ignacio_Piatti\">Ignacio Piatti<\/a><\/td><td>16<\/td><\/tr><tr><td><strong>2019<\/strong><\/td><td><a href=\"https:\/\/commons.wikimedia.org\/wiki\/File:Flag_of_Algeria.svg?uselang=fr\"><\/a>&nbsp;<a href=\"https:\/\/fr.wikipedia.org\/wiki\/Saphir_Ta%C3%AFder\">Saphir Ta\u00efder<\/a><\/td><td>10<\/td><\/tr><tr><td><strong>2020<\/strong><\/td><td><a href=\"https:\/\/commons.wikimedia.org\/wiki\/File:Flag_of_Honduras.svg?uselang=fr\"><\/a>&nbsp;<a href=\"https:\/\/fr.wikipedia.org\/wiki\/Romell_Quioto\">Romell Quioto<\/a><\/td><td>10<\/td><\/tr><\/tbody><\/table><\/figure>\n\n\n\n<h4 class=\"wp-block-heading\">Individuels[<a href=\"https:\/\/fr.wikipedia.org\/w\/index.php?title=Club_de_Foot_Montr%C3%A9al&amp;veaction=edit&amp;section=18\">modifier<\/a>&nbsp;|&nbsp;<a href=\"https:\/\/fr.wikipedia.org\/w\/index.php?title=Club_de_Foot_Montr%C3%A9al&amp;action=edit&amp;section=18\">modifier le code<\/a>]<\/h4>\n\n\n\n<figure class=\"wp-block-table\"><table><tbody><tr><td>Joueurs les plus utilis\u00e9s \u00e0 l&#8217;issue de la saison 2020<sup><a href=\"https:\/\/fr.wikipedia.org\/wiki\/Club_de_Foot_Montr%C3%A9al#cite_note-Registre_des_joueurs-59\">53<\/a><\/sup>.JoueursMatchsButsCarri\u00e8re au club<a href=\"https:\/\/commons.wikimedia.org\/wiki\/File:Flag_of_Canada.svg?uselang=fr\"><\/a>&nbsp;<a href=\"https:\/\/fr.wikipedia.org\/wiki\/Mauro_Biello\">Mauro Biello<\/a>389771993-1998 puis 2000-2009<a href=\"https:\/\/commons.wikimedia.org\/wiki\/File:Flag_of_Canada.svg?uselang=fr\"><\/a>&nbsp;<a href=\"https:\/\/fr.wikipedia.org\/wiki\/Nevio_Pizzolitto\">Nevio Pizzolitto<\/a>346121994-1998 puis 2000-2011<a href=\"https:\/\/commons.wikimedia.org\/wiki\/File:Flag_of_Canada.svg?uselang=fr\"><\/a>&nbsp;<a href=\"https:\/\/fr.wikipedia.org\/wiki\/Patrice_Bernier\">Patrice Bernier<\/a>261232000-2002 puis 2012-2017<a href=\"https:\/\/commons.wikimedia.org\/wiki\/File:Flag_of_Canada.svg?uselang=fr\"><\/a>&nbsp;<a href=\"https:\/\/fr.wikipedia.org\/wiki\/Patrick_Leduc\">Patrick Leduc<\/a>251112000-2010<a href=\"https:\/\/commons.wikimedia.org\/wiki\/File:Flag_of_Canada.svg?uselang=fr\"><\/a>&nbsp;<a href=\"https:\/\/fr.wikipedia.org\/wiki\/Nick_De_Santis\">Nick De Santis<\/a>234211993-1998 puis 2000-2003<a href=\"https:\/\/commons.wikimedia.org\/wiki\/File:Flag_of_the_United_States.svg?uselang=fr\"><\/a>&nbsp;<a href=\"https:\/\/fr.wikipedia.org\/wiki\/Evan_Bush\">Evan Bush<\/a>22402011-2020<a href=\"https:\/\/commons.wikimedia.org\/wiki\/File:Flag_of_Jamaica.svg?uselang=fr\"><\/a>&nbsp;<a href=\"https:\/\/fr.wikipedia.org\/wiki\/Lloyd_Barker\">Lloyd Barker<\/a>208391993-1997 puis 2001-2004<a href=\"https:\/\/commons.wikimedia.org\/wiki\/File:Flag_of_Canada.svg?uselang=fr\"><\/a>&nbsp;<a href=\"https:\/\/fr.wikipedia.org\/wiki\/Patrick_Diotte\">Patrick Diotte<\/a>20411993-1998 puis 2000-2001<a href=\"https:\/\/commons.wikimedia.org\/wiki\/File:Flag_of_Cuba.svg?uselang=fr\"><\/a>&nbsp;<a href=\"https:\/\/fr.wikipedia.org\/wiki\/Eduardo_Sebrango\">Eduardo Sebrango<\/a>186602002-2005 puis 2009-2012<a href=\"https:\/\/commons.wikimedia.org\/wiki\/File:Flag_of_France.svg?uselang=fr\"><\/a>&nbsp;<a href=\"https:\/\/fr.wikipedia.org\/wiki\/Hassoun_Camara\">Hassoun Camara<\/a>186112011-2017<a href=\"https:\/\/commons.wikimedia.org\/wiki\/File:Flag_of_Canada.svg?uselang=fr\"><\/a>&nbsp;<a href=\"https:\/\/fr.wikipedia.org\/wiki\/Adam_Braz\">Adam Braz<\/a>18602002, 2004-2006 puis 2008-2010<a href=\"https:\/\/commons.wikimedia.org\/wiki\/File:Flag_of_Argentina.svg?uselang=fr\"><\/a>&nbsp;<a href=\"https:\/\/fr.wikipedia.org\/wiki\/Leonardo_Di_Lorenzo\">Leonardo Di Lorenzo<\/a>177112006-2011<a href=\"https:\/\/commons.wikimedia.org\/wiki\/File:Flag_of_Canada.svg?uselang=fr\"><\/a>&nbsp;<a href=\"https:\/\/fr.wikipedia.org\/wiki\/Antonio_Ribeiro\">Antonio Ribeiro<\/a>170142000-2001, 2003-2008 puis 2010-2011<a href=\"https:\/\/commons.wikimedia.org\/wiki\/File:Flag_of_Canada.svg?uselang=fr\"><\/a>&nbsp;<a href=\"https:\/\/fr.wikipedia.org\/wiki\/John_Limniatis\">John Limniatis<\/a>16921993-1998 puis 2000-2001<a href=\"https:\/\/commons.wikimedia.org\/wiki\/File:Flag_of_Canada.svg?uselang=fr\"><\/a>&nbsp;<a href=\"https:\/\/fr.wikipedia.org\/wiki\/Gabriel_Gervais\">Gabriel Gervais<\/a>16872002-2008<a href=\"https:\/\/commons.wikimedia.org\/wiki\/File:Flag_of_Argentina.svg?uselang=fr\"><\/a>&nbsp;<a href=\"https:\/\/fr.wikipedia.org\/wiki\/Ignacio_Piatti\">Ignacio Piatti<\/a>163792014-2019<\/td><td>Meilleurs buteurs \u00e0 l&#8217;issue de la saison 2020<sup><a href=\"https:\/\/fr.wikipedia.org\/wiki\/Club_de_Foot_Montr%C3%A9al#cite_note-Registre_des_joueurs-59\">53<\/a><\/sup>.JoueursMatchsButsCarri\u00e8re au club<a href=\"https:\/\/commons.wikimedia.org\/wiki\/File:Flag_of_Argentina.svg?uselang=fr\"><\/a>&nbsp;<a href=\"https:\/\/fr.wikipedia.org\/wiki\/Ignacio_Piatti\">Ignacio Piatti<\/a>163792014-2019<a href=\"https:\/\/commons.wikimedia.org\/wiki\/File:Flag_of_Canada.svg?uselang=fr\"><\/a>&nbsp;<a href=\"https:\/\/fr.wikipedia.org\/wiki\/Mauro_Biello\">Mauro Biello<\/a>389771993-1998 puis 2000-2009<a href=\"https:\/\/commons.wikimedia.org\/wiki\/File:Flag_of_Cuba.svg?uselang=fr\"><\/a>&nbsp;<a href=\"https:\/\/fr.wikipedia.org\/wiki\/Eduardo_Sebrango\">Eduardo Sebrango<\/a>186602002-2005 puis 2009-2012<a href=\"https:\/\/commons.wikimedia.org\/wiki\/File:Flag_of_Italy.svg?uselang=fr\"><\/a>&nbsp;<a href=\"https:\/\/fr.wikipedia.org\/wiki\/Marco_Di_Vaio\">Marco Di Vaio<\/a>88402012-2014<a href=\"https:\/\/commons.wikimedia.org\/wiki\/File:Flag_of_Jamaica.svg?uselang=fr\"><\/a>&nbsp;<a href=\"https:\/\/fr.wikipedia.org\/wiki\/Lloyd_Barker\">Lloyd Barker<\/a>208391993-1997 puis 2001-2004<a href=\"https:\/\/commons.wikimedia.org\/wiki\/File:Flag_of_Canada.svg?uselang=fr\"><\/a>&nbsp;<a href=\"https:\/\/fr.wikipedia.org\/wiki\/Ali_Gerba\">Ali Gerba<\/a>65282000, 2003, 2005 puis 2010-2011<a href=\"https:\/\/commons.wikimedia.org\/wiki\/File:Flag_of_C%C3%B4te_d%27Ivoire.svg?uselang=fr\"><\/a>&nbsp;<a href=\"https:\/\/fr.wikipedia.org\/wiki\/Didier_Drogba\">Didier Drogba<\/a>41232015-2016<a href=\"https:\/\/commons.wikimedia.org\/wiki\/File:Flag_of_Canada.svg?uselang=fr\"><\/a>&nbsp;<a href=\"https:\/\/fr.wikipedia.org\/wiki\/Patrice_Bernier\">Patrice Bernier<\/a>261232000-2002 puis 2012-2017<a href=\"https:\/\/commons.wikimedia.org\/wiki\/File:Flag_of_Panama.svg?uselang=fr\"><\/a>&nbsp;<a href=\"https:\/\/fr.wikipedia.org\/wiki\/Roberto_Brown\">Roberto Brown<\/a>83222007-2010<a href=\"https:\/\/commons.wikimedia.org\/wiki\/File:Flag_of_Algeria.svg?uselang=fr\"><\/a>&nbsp;<a href=\"https:\/\/fr.wikipedia.org\/wiki\/Saphir_Ta%C3%AFder\">Saphir Ta\u00efder<\/a>86222018-2020<a href=\"https:\/\/commons.wikimedia.org\/wiki\/File:Flag_of_Canada.svg?uselang=fr\"><\/a>&nbsp;<a href=\"https:\/\/fr.wikipedia.org\/wiki\/Nick_De_Santis\">Nick De Santis<\/a>234211993-1998 puis 2000-2003<a href=\"https:\/\/commons.wikimedia.org\/wiki\/File:Flag_of_the_United_States.svg?uselang=fr\"><\/a>&nbsp;Tony Donatelli101202008-2010<\/td><\/tr><\/tbody><\/table><\/figure>\n\n\n\n<p class=\"wp-block-paragraph\"><a href=\"https:\/\/commons.wikimedia.org\/wiki\/File:Ignacio_Piatti_(19006413039).jpg?uselang=fr\"><\/a><a href=\"https:\/\/fr.wikipedia.org\/wiki\/Fichier:Ignacio_Piatti_(19006413039).jpg\"><\/a>Le meilleur buteur de l&#8217;histoire de l&#8217;Impact, Ignacio Piatti (2014-2019)<\/p>\n\n\n\n<h4 class=\"wp-block-heading\">Collectifs[<a href=\"https:\/\/fr.wikipedia.org\/w\/index.php?title=Club_de_Foot_Montr%C3%A9al&amp;veaction=edit&amp;section=19\">modifier<\/a>&nbsp;|&nbsp;<a href=\"https:\/\/fr.wikipedia.org\/w\/index.php?title=Club_de_Foot_Montr%C3%A9al&amp;action=edit&amp;section=19\">modifier le code<\/a>]<\/h4>\n\n\n\n<ul class=\"wp-block-list\"><li>Plus grande s\u00e9quence sans d\u00e9faite dans une saison&nbsp;: 15 matchs (10 victoires et 5 nuls) en&nbsp;<a href=\"https:\/\/fr.wikipedia.org\/wiki\/2005_en_football\">2005<\/a>&nbsp;dans la&nbsp;<a href=\"https:\/\/fr.wikipedia.org\/wiki\/United_Soccer_Leagues\">USL<\/a><\/li><li>Plus grande s\u00e9quence sans d\u00e9faite \u00e0 domicile dans une saison&nbsp;: 10 matchs en&nbsp;<a href=\"https:\/\/fr.wikipedia.org\/wiki\/2006_en_football\">2006<\/a>&nbsp;dans la&nbsp;<a href=\"https:\/\/fr.wikipedia.org\/wiki\/United_Soccer_Leagues\">USL<\/a><\/li><li>Plus grand nombre de jeux blancs dans une saison&nbsp;: 10 jeux blancs en&nbsp;<a href=\"https:\/\/fr.wikipedia.org\/wiki\/2006_en_football\">2006<\/a>&nbsp;dans la&nbsp;<a href=\"https:\/\/fr.wikipedia.org\/wiki\/United_Soccer_Leagues\">USL<\/a><\/li><li>Plus petit nombre de buts accord\u00e9s \u00e0 domicile dans une saison&nbsp;: 4 buts en 14 matchs en&nbsp;<a href=\"https:\/\/fr.wikipedia.org\/wiki\/2006_en_football\">2006<\/a>&nbsp;dans la&nbsp;<a href=\"https:\/\/fr.wikipedia.org\/wiki\/United_Soccer_Leagues\">USL<\/a><\/li><li>Premi\u00e8re \u00e9quipe canadienne de la&nbsp;<a href=\"https:\/\/fr.wikipedia.org\/wiki\/Major_League_Soccer\">MLS<\/a>&nbsp;\u00e0 remporter 11 matchs dans une saison, le&nbsp;<a href=\"https:\/\/fr.wikipedia.org\/wiki\/18_ao%C3%BBt\">18<\/a>&nbsp;<a href=\"https:\/\/fr.wikipedia.org\/wiki\/Ao%C3%BBt_2012\">ao\u00fbt<\/a>&nbsp;<a href=\"https:\/\/fr.wikipedia.org\/wiki\/2012\">2012<\/a><sup><a href=\"https:\/\/fr.wikipedia.org\/wiki\/Club_de_Foot_Montr%C3%A9al#cite_note-60\">54<\/a><\/sup><\/li><\/ul>\n\n\n\n<h4 class=\"wp-block-heading\">Buts marquants dans l&#8217;histoire du club[<a href=\"https:\/\/fr.wikipedia.org\/w\/index.php?title=Club_de_Foot_Montr%C3%A9al&amp;veaction=edit&amp;section=20\">modifier<\/a>&nbsp;|&nbsp;<a href=\"https:\/\/fr.wikipedia.org\/w\/index.php?title=Club_de_Foot_Montr%C3%A9al&amp;action=edit&amp;section=20\">modifier le code<\/a>]<\/h4>\n\n\n\n<ul class=\"wp-block-list\"><li>1<sup>er<\/sup>&nbsp;but&nbsp;:&nbsp;<a href=\"https:\/\/fr.wikipedia.org\/wiki\/14_mai\">14<\/a>&nbsp;<a href=\"https:\/\/fr.wikipedia.org\/wiki\/Mai_1993\">mai<\/a>&nbsp;<a href=\"https:\/\/fr.wikipedia.org\/wiki\/1993\">1993<\/a>&nbsp;(au premier match de l&#8217;Impact) inscrit par&nbsp;<a href=\"https:\/\/fr.wikipedia.org\/w\/index.php?title=Dino_Lopez&amp;action=edit&amp;redlink=1\">Dino Lopez<\/a>&nbsp;avec l&#8217;aide de&nbsp;<a href=\"https:\/\/fr.wikipedia.org\/w\/index.php?title=Marco_Rizi&amp;action=edit&amp;redlink=1\">Marco Rizi<\/a>&nbsp;contre le Salsa de Los Angeles<\/li><li>100<sup>e<\/sup>&nbsp;but&nbsp;:&nbsp;<a href=\"https:\/\/fr.wikipedia.org\/wiki\/10_septembre\">10<\/a>&nbsp;<a href=\"https:\/\/fr.wikipedia.org\/wiki\/Septembre_1995\">septembre<\/a>&nbsp;<a href=\"https:\/\/fr.wikipedia.org\/wiki\/1995\">1995<\/a>&nbsp;(au&nbsp;68<sup>e<\/sup>&nbsp;match de l&#8217;Impact) inscrit par&nbsp;<a href=\"https:\/\/fr.wikipedia.org\/wiki\/Mauro_Biello\">Mauro Biello<\/a>&nbsp;avec l&#8217;aide de&nbsp;<a href=\"https:\/\/fr.wikipedia.org\/wiki\/Paulinho\">Paulinho<\/a>&nbsp;contre le Centaurs de New York<\/li><li>200<sup>e<\/sup>&nbsp;but&nbsp;:&nbsp;<a href=\"https:\/\/fr.wikipedia.org\/wiki\/31_ao%C3%BBt\">31<\/a>&nbsp;<a href=\"https:\/\/fr.wikipedia.org\/wiki\/Ao%C3%BBt_1997\">ao\u00fbt<\/a>&nbsp;<a href=\"https:\/\/fr.wikipedia.org\/wiki\/1997\">1997<\/a>&nbsp;(au&nbsp;113<sup>e<\/sup>&nbsp;match de l&#8217;Impact) inscrit par Darko Kolic sans aide contre le&nbsp;<a href=\"https:\/\/fr.wikipedia.org\/wiki\/Thunder_du_Minnesota\">Thunder du Minnesota<\/a><\/li><li>300<sup>e<\/sup>&nbsp;but&nbsp;:&nbsp;<a href=\"https:\/\/fr.wikipedia.org\/wiki\/5_ao%C3%BBt\">5<\/a>&nbsp;<a href=\"https:\/\/fr.wikipedia.org\/wiki\/Ao%C3%BBt_2001\">ao\u00fbt<\/a>&nbsp;<a href=\"https:\/\/fr.wikipedia.org\/wiki\/2001\">2001<\/a>&nbsp;(au&nbsp;188<sup>e<\/sup>&nbsp;match de l&#8217;Impact) inscrit par&nbsp;<a href=\"https:\/\/fr.wikipedia.org\/w\/index.php?title=George_Papandreou_(football)&amp;action=edit&amp;redlink=1\">George Papandreou<\/a>&nbsp;sans aide contre le&nbsp;<a href=\"https:\/\/fr.wikipedia.org\/wiki\/Lynx_de_Toronto\">Lynx de Toronto<\/a><\/li><li>400<sup>e<\/sup>&nbsp;but&nbsp;:&nbsp;<a href=\"https:\/\/fr.wikipedia.org\/wiki\/29_mai\">29<\/a>&nbsp;<a href=\"https:\/\/fr.wikipedia.org\/wiki\/Mai_2004\">mai<\/a>&nbsp;<a href=\"https:\/\/fr.wikipedia.org\/wiki\/2004\">2004<\/a>&nbsp;(au&nbsp;257<sup>e<\/sup>&nbsp;match de l&#8217;Impact) inscrit par&nbsp;<a href=\"https:\/\/fr.wikipedia.org\/w\/index.php?title=Fred_Commodore&amp;action=edit&amp;redlink=1\">Fred Commodore<\/a>&nbsp;avec l&#8217;aide de&nbsp;<a href=\"https:\/\/fr.wikipedia.org\/wiki\/Mauro_Biello\">Mauro Biello<\/a>&nbsp;contre le&nbsp;<a href=\"https:\/\/fr.wikipedia.org\/wiki\/Lynx_de_Toronto\">Lynx de Toronto<\/a><\/li><li>500<sup>e<\/sup>&nbsp;but&nbsp;:&nbsp;<a href=\"https:\/\/fr.wikipedia.org\/wiki\/11_mai\">11<\/a>&nbsp;<a href=\"https:\/\/fr.wikipedia.org\/wiki\/Mai_2007\">mai<\/a>&nbsp;<a href=\"https:\/\/fr.wikipedia.org\/wiki\/2007\">2007<\/a>&nbsp;(au&nbsp;349<sup>e<\/sup>&nbsp;match de l&#8217;Impact) inscrit par Frederico Moojen avec l&#8217;aide de&nbsp;<a href=\"https:\/\/fr.wikipedia.org\/wiki\/Mauro_Biello\">Mauro Biello<\/a>&nbsp;contre les&nbsp;<a href=\"https:\/\/fr.wikipedia.org\/wiki\/Islanders_de_Porto_Rico\">Islanders de Porto Rico<\/a><\/li><li>1<sup>er<\/sup>&nbsp;but dans la&nbsp;<a href=\"https:\/\/fr.wikipedia.org\/wiki\/Major_League_Soccer\">Major League Soccer<\/a>&nbsp;:&nbsp;<a href=\"https:\/\/fr.wikipedia.org\/wiki\/17_mars\">17<\/a>&nbsp;<a href=\"https:\/\/fr.wikipedia.org\/wiki\/Mars_2012\">mars<\/a>&nbsp;<a href=\"https:\/\/fr.wikipedia.org\/wiki\/2012\">2012<\/a>&nbsp;(au&nbsp;2<sup>e<\/sup>&nbsp;match de l&#8217;Impact) inscrit par&nbsp;<a href=\"https:\/\/fr.wikipedia.org\/wiki\/Davy_Arnaud\">Davy Arnaud<\/a>&nbsp;contre le&nbsp;<a href=\"https:\/\/fr.wikipedia.org\/wiki\/Fire_de_Chicago\">Fire de Chicago<\/a><\/li><li><a href=\"https:\/\/fr.wikipedia.org\/wiki\/3_mars\">3<\/a>&nbsp;<a href=\"https:\/\/fr.wikipedia.org\/wiki\/Mars_2015\">mars<\/a>&nbsp;<a href=\"https:\/\/fr.wikipedia.org\/wiki\/2015\">2015<\/a>&nbsp;but d\u00e9cisif \u00e0 la&nbsp;94<sup>e<\/sup>&nbsp;minute inscrit par&nbsp;<a href=\"https:\/\/fr.wikipedia.org\/wiki\/Cameron_Porter\">Cameron Porter<\/a>&nbsp;sur une passe de&nbsp;<a href=\"https:\/\/fr.wikipedia.org\/wiki\/Calum_Mallace\">Calum Mallace<\/a>&nbsp;contre&nbsp;<a href=\"https:\/\/fr.wikipedia.org\/wiki\/CF_Pachuca\">CF Pachuca<\/a>&nbsp;pour une qualification en demi-finale de la&nbsp;<a href=\"https:\/\/fr.wikipedia.org\/wiki\/Ligue_des_champions_de_la_CONCACAF_2014-2015\">Ligue des champions de la CONCACAF 2014-2015<\/a>.<\/li><\/ul>\n\n\n\n<p class=\"wp-block-paragraph\"><strong>Progression<\/strong>&nbsp;(moyenne de 1,43 but par match)<\/p>\n\n\n\n<ul class=\"wp-block-list\"><li>68 matchs pour les 100 premiers buts (de 1 \u00e0 100)<\/li><li>45 matchs pour les 100 suivants (de 101 \u00e0 200)<\/li><li>75 matchs pour les 100 suivants (de 201 \u00e0 300)<\/li><li>69 matchs pour les 100 suivants (de 301 \u00e0 400)<\/li><li>92 matchs pour les 100 suivants (de 401 \u00e0 500)<\/li><\/ul>\n\n\n\n<h2 class=\"wp-block-heading\">Image et identit\u00e9[<a href=\"https:\/\/fr.wikipedia.org\/w\/index.php?title=Club_de_Foot_Montr%C3%A9al&amp;veaction=edit&amp;section=21\">modifier<\/a>&nbsp;|&nbsp;<a href=\"https:\/\/fr.wikipedia.org\/w\/index.php?title=Club_de_Foot_Montr%C3%A9al&amp;action=edit&amp;section=21\">modifier le code<\/a>]<\/h2>\n\n\n\n<h3 class=\"wp-block-heading\">\u00c9quipementiers et commanditaires[<a href=\"https:\/\/fr.wikipedia.org\/w\/index.php?title=Club_de_Foot_Montr%C3%A9al&amp;veaction=edit&amp;section=22\">modifier<\/a>&nbsp;|&nbsp;<a href=\"https:\/\/fr.wikipedia.org\/w\/index.php?title=Club_de_Foot_Montr%C3%A9al&amp;action=edit&amp;section=22\">modifier le code<\/a>]<\/h3>\n\n\n\n<figure class=\"wp-block-table\"><table><tbody><tr><td><strong>P\u00e9riode<\/strong><\/td><td><strong>\u00c9quipementier<\/strong><\/td><td><strong>Commanditaire maillot<\/strong><\/td><\/tr><tr><td><strong>1993-1999<\/strong><\/td><td><strong><a href=\"https:\/\/fr.wikipedia.org\/wiki\/Umbro\">Umbro<\/a><\/strong><\/td><td><strong><a href=\"https:\/\/fr.wikipedia.org\/wiki\/Hydro_Qu%C3%A9bec\">Hydro-Qu\u00e9bec<\/a><\/strong><\/td><\/tr><tr><td><strong>2000-2011<\/strong><\/td><td><strong><a href=\"https:\/\/fr.wikipedia.org\/wiki\/Legea\">Legea<\/a><\/strong><\/td><td><strong><a href=\"https:\/\/fr.wikipedia.org\/wiki\/Saputo\">Saputo<\/a><\/strong><\/td><\/tr><tr><td><strong>2012-<\/strong><\/td><td><strong><a href=\"https:\/\/fr.wikipedia.org\/wiki\/Adidas\">Adidas<\/a><\/strong><\/td><td><strong><a href=\"https:\/\/fr.wikipedia.org\/wiki\/Banque_de_Montr%C3%A9al\">BMO<\/a><\/strong><\/td><\/tr><\/tbody><\/table><\/figure>\n\n\n\n<h3 class=\"wp-block-heading\">Uniformes[<a href=\"https:\/\/fr.wikipedia.org\/w\/index.php?title=Club_de_Foot_Montr%C3%A9al&amp;veaction=edit&amp;section=23\">modifier<\/a>&nbsp;|&nbsp;<a href=\"https:\/\/fr.wikipedia.org\/w\/index.php?title=Club_de_Foot_Montr%C3%A9al&amp;action=edit&amp;section=23\">modifier le code<\/a>]<\/h3>\n\n\n\n<p class=\"wp-block-paragraph\">Comme toutes les franchises de&nbsp;<a href=\"https:\/\/fr.wikipedia.org\/wiki\/Major_League_Soccer\">Major League Soccer<\/a>, l&#8217;Impact de Montr\u00e9al renouvelle un uniforme tous les deux ans. Ainsi, pour la saison 2020, le maillot domicile est le m\u00eame que l&#8217;an pass\u00e9 tandis que l&#8217;uniforme ext\u00e9rieur est nouveau.<\/p>\n\n\n\n<ul class=\"wp-block-list\"><li><strong>Domicile<\/strong><\/li><\/ul>\n\n\n\n<figure class=\"wp-block-table\"><table><tbody><tr><td><a href=\"https:\/\/fr.wikipedia.org\/wiki\/Fichier:Kit_left_arm_adidasaltwhite.png\"><\/a><img loading=\"lazy\" decoding=\"async\" alt=\"\" src=\"https:\/\/upload.wikimedia.org\/wikipedia\/commons\/thumb\/7\/7f\/Kit_left_arm.svg\/31px-Kit_left_arm.svg.png\" width=\"31\" height=\"59\" srcset=\"\/\/upload.wikimedia.org\/wikipedia\/commons\/thumb\/7\/7f\/Kit_left_arm.svg\/47px-Kit_left_arm.svg.png 1.5x, \/\/upload.wikimedia.org\/wikipedia\/commons\/thumb\/7\/7f\/Kit_left_arm.svg\/62px-Kit_left_arm.svg.png 2x\"><a href=\"https:\/\/fr.wikipedia.org\/wiki\/Fichier:Kit_body_IMPACT_12h.png\"><\/a><img loading=\"lazy\" decoding=\"async\" alt=\"\" src=\"https:\/\/upload.wikimedia.org\/wikipedia\/commons\/thumb\/8\/83\/Kit_body.svg\/38px-Kit_body.svg.png\" width=\"38\" height=\"59\" srcset=\"\/\/upload.wikimedia.org\/wikipedia\/commons\/thumb\/8\/83\/Kit_body.svg\/57px-Kit_body.svg.png 1.5x, \/\/upload.wikimedia.org\/wikipedia\/commons\/thumb\/8\/83\/Kit_body.svg\/76px-Kit_body.svg.png 2x\"><a href=\"https:\/\/fr.wikipedia.org\/wiki\/Fichier:Kit_right_arm_adidasaltwhite.png\"><\/a><img loading=\"lazy\" decoding=\"async\" alt=\"\" src=\"https:\/\/upload.wikimedia.org\/wikipedia\/commons\/thumb\/c\/cd\/Kit_right_arm.svg\/31px-Kit_right_arm.svg.png\" width=\"31\" height=\"59\" srcset=\"\/\/upload.wikimedia.org\/wikipedia\/commons\/thumb\/c\/cd\/Kit_right_arm.svg\/47px-Kit_right_arm.svg.png 1.5x, \/\/upload.wikimedia.org\/wikipedia\/commons\/thumb\/c\/cd\/Kit_right_arm.svg\/62px-Kit_right_arm.svg.png 2x\"><a href=\"https:\/\/fr.wikipedia.org\/wiki\/Fichier:Kit_shorts_IMPACT_12h.png\"><\/a><img loading=\"lazy\" decoding=\"async\" alt=\"\" src=\"https:\/\/upload.wikimedia.org\/wikipedia\/commons\/thumb\/a\/af\/Kit_shorts.svg\/100px-Kit_shorts.svg.png\" width=\"100\" height=\"36\" srcset=\"\/\/upload.wikimedia.org\/wikipedia\/commons\/thumb\/a\/af\/Kit_shorts.svg\/150px-Kit_shorts.svg.png 1.5x, \/\/upload.wikimedia.org\/wikipedia\/commons\/thumb\/a\/af\/Kit_shorts.svg\/200px-Kit_shorts.svg.png 2x\"><a href=\"https:\/\/fr.wikipedia.org\/wiki\/Fichier:Kit_socks_3_stripes_white.png\"><\/a><img loading=\"lazy\" decoding=\"async\" alt=\"\" src=\"https:\/\/upload.wikimedia.org\/wikipedia\/commons\/thumb\/9\/9b\/Kit_socks_long.svg\/100px-Kit_socks_long.svg.png\" width=\"100\" height=\"40\" srcset=\"\/\/upload.wikimedia.org\/wikipedia\/commons\/thumb\/9\/9b\/Kit_socks_long.svg\/150px-Kit_socks_long.svg.png 1.5x, \/\/upload.wikimedia.org\/wikipedia\/commons\/thumb\/9\/9b\/Kit_socks_long.svg\/200px-Kit_socks_long.svg.png 2x\"><strong>2012-2013<\/strong><\/td><td><a href=\"https:\/\/fr.wikipedia.org\/wiki\/Fichier:Kit_left_arm_adidasaltwhite.png\"><\/a><img loading=\"lazy\" decoding=\"async\" alt=\"\" src=\"https:\/\/upload.wikimedia.org\/wikipedia\/commons\/thumb\/7\/7f\/Kit_left_arm.svg\/31px-Kit_left_arm.svg.png\" width=\"31\" height=\"59\" srcset=\"\/\/upload.wikimedia.org\/wikipedia\/commons\/thumb\/7\/7f\/Kit_left_arm.svg\/47px-Kit_left_arm.svg.png 1.5x, \/\/upload.wikimedia.org\/wikipedia\/commons\/thumb\/7\/7f\/Kit_left_arm.svg\/62px-Kit_left_arm.svg.png 2x\"><a href=\"https:\/\/fr.wikipedia.org\/wiki\/Fichier:Kit_body_IMPACT_14h.png\"><\/a><img loading=\"lazy\" decoding=\"async\" alt=\"\" src=\"https:\/\/upload.wikimedia.org\/wikipedia\/commons\/thumb\/8\/83\/Kit_body.svg\/38px-Kit_body.svg.png\" width=\"38\" height=\"59\" srcset=\"\/\/upload.wikimedia.org\/wikipedia\/commons\/thumb\/8\/83\/Kit_body.svg\/57px-Kit_body.svg.png 1.5x, \/\/upload.wikimedia.org\/wikipedia\/commons\/thumb\/8\/83\/Kit_body.svg\/76px-Kit_body.svg.png 2x\"><a href=\"https:\/\/fr.wikipedia.org\/wiki\/Fichier:Kit_right_arm_adidasaltwhite.png\"><\/a><img loading=\"lazy\" decoding=\"async\" alt=\"\" src=\"https:\/\/upload.wikimedia.org\/wikipedia\/commons\/thumb\/c\/cd\/Kit_right_arm.svg\/31px-Kit_right_arm.svg.png\" width=\"31\" height=\"59\" srcset=\"\/\/upload.wikimedia.org\/wikipedia\/commons\/thumb\/c\/cd\/Kit_right_arm.svg\/47px-Kit_right_arm.svg.png 1.5x, \/\/upload.wikimedia.org\/wikipedia\/commons\/thumb\/c\/cd\/Kit_right_arm.svg\/62px-Kit_right_arm.svg.png 2x\"><a href=\"https:\/\/fr.wikipedia.org\/wiki\/Fichier:Kit_shorts_adidaswhite.png\"><\/a><img loading=\"lazy\" decoding=\"async\" alt=\"\" src=\"https:\/\/upload.wikimedia.org\/wikipedia\/commons\/thumb\/a\/af\/Kit_shorts.svg\/100px-Kit_shorts.svg.png\" width=\"100\" height=\"36\" srcset=\"\/\/upload.wikimedia.org\/wikipedia\/commons\/thumb\/a\/af\/Kit_shorts.svg\/150px-Kit_shorts.svg.png 1.5x, \/\/upload.wikimedia.org\/wikipedia\/commons\/thumb\/a\/af\/Kit_shorts.svg\/200px-Kit_shorts.svg.png 2x\"><a href=\"https:\/\/fr.wikipedia.org\/wiki\/Fichier:Kit_socks_SCHALKE04_1213h.png\"><\/a><img loading=\"lazy\" decoding=\"async\" alt=\"\" src=\"https:\/\/upload.wikimedia.org\/wikipedia\/commons\/thumb\/9\/9b\/Kit_socks_long.svg\/100px-Kit_socks_long.svg.png\" width=\"100\" height=\"40\" srcset=\"\/\/upload.wikimedia.org\/wikipedia\/commons\/thumb\/9\/9b\/Kit_socks_long.svg\/150px-Kit_socks_long.svg.png 1.5x, \/\/upload.wikimedia.org\/wikipedia\/commons\/thumb\/9\/9b\/Kit_socks_long.svg\/200px-Kit_socks_long.svg.png 2x\"><strong>2014-2015<\/strong><\/td><td><a href=\"https:\/\/fr.wikipedia.org\/wiki\/Fichier:Kit_left_arm.png\"><\/a><img loading=\"lazy\" decoding=\"async\" alt=\"\" src=\"https:\/\/upload.wikimedia.org\/wikipedia\/commons\/thumb\/7\/7f\/Kit_left_arm.svg\/31px-Kit_left_arm.svg.png\" width=\"31\" height=\"59\" srcset=\"\/\/upload.wikimedia.org\/wikipedia\/commons\/thumb\/7\/7f\/Kit_left_arm.svg\/47px-Kit_left_arm.svg.png 1.5x, \/\/upload.wikimedia.org\/wikipedia\/commons\/thumb\/7\/7f\/Kit_left_arm.svg\/62px-Kit_left_arm.svg.png 2x\"><a href=\"https:\/\/fr.wikipedia.org\/wiki\/Fichier:Kit_body_IMPACT_16h.png\"><\/a><img loading=\"lazy\" decoding=\"async\" alt=\"\" src=\"https:\/\/upload.wikimedia.org\/wikipedia\/commons\/thumb\/8\/83\/Kit_body.svg\/38px-Kit_body.svg.png\" width=\"38\" height=\"59\" srcset=\"\/\/upload.wikimedia.org\/wikipedia\/commons\/thumb\/8\/83\/Kit_body.svg\/57px-Kit_body.svg.png 1.5x, \/\/upload.wikimedia.org\/wikipedia\/commons\/thumb\/8\/83\/Kit_body.svg\/76px-Kit_body.svg.png 2x\"><a href=\"https:\/\/fr.wikipedia.org\/wiki\/Fichier:Kit_right_arm.png\"><\/a><img loading=\"lazy\" decoding=\"async\" alt=\"\" src=\"https:\/\/upload.wikimedia.org\/wikipedia\/commons\/thumb\/c\/cd\/Kit_right_arm.svg\/31px-Kit_right_arm.svg.png\" width=\"31\" height=\"59\" srcset=\"\/\/upload.wikimedia.org\/wikipedia\/commons\/thumb\/c\/cd\/Kit_right_arm.svg\/47px-Kit_right_arm.svg.png 1.5x, \/\/upload.wikimedia.org\/wikipedia\/commons\/thumb\/c\/cd\/Kit_right_arm.svg\/62px-Kit_right_arm.svg.png 2x\"><a href=\"https:\/\/fr.wikipedia.org\/wiki\/Fichier:Kit_shorts_black_thinstripe_color.png\"><\/a><img loading=\"lazy\" decoding=\"async\" alt=\"\" src=\"https:\/\/upload.wikimedia.org\/wikipedia\/commons\/thumb\/a\/af\/Kit_shorts.svg\/100px-Kit_shorts.svg.png\" width=\"100\" height=\"36\" srcset=\"\/\/upload.wikimedia.org\/wikipedia\/commons\/thumb\/a\/af\/Kit_shorts.svg\/150px-Kit_shorts.svg.png 1.5x, \/\/upload.wikimedia.org\/wikipedia\/commons\/thumb\/a\/af\/Kit_shorts.svg\/200px-Kit_shorts.svg.png 2x\"><a href=\"https:\/\/fr.wikipedia.org\/wiki\/Fichier:Kit_socks_IMPACT_16h.png\"><\/a><img loading=\"lazy\" decoding=\"async\" alt=\"\" src=\"https:\/\/upload.wikimedia.org\/wikipedia\/commons\/thumb\/9\/9b\/Kit_socks_long.svg\/100px-Kit_socks_long.svg.png\" width=\"100\" height=\"40\" srcset=\"\/\/upload.wikimedia.org\/wikipedia\/commons\/thumb\/9\/9b\/Kit_socks_long.svg\/150px-Kit_socks_long.svg.png 1.5x, \/\/upload.wikimedia.org\/wikipedia\/commons\/thumb\/9\/9b\/Kit_socks_long.svg\/200px-Kit_socks_long.svg.png 2x\"><strong>2016-2018<\/strong><\/td><td><a href=\"https:\/\/fr.wikipedia.org\/wiki\/Fichier:Kit_left_arm_borderonblack.png\"><\/a><img loading=\"lazy\" decoding=\"async\" alt=\"\" src=\"https:\/\/upload.wikimedia.org\/wikipedia\/commons\/thumb\/7\/7f\/Kit_left_arm.svg\/31px-Kit_left_arm.svg.png\" width=\"31\" height=\"59\" srcset=\"\/\/upload.wikimedia.org\/wikipedia\/commons\/thumb\/7\/7f\/Kit_left_arm.svg\/47px-Kit_left_arm.svg.png 1.5x, \/\/upload.wikimedia.org\/wikipedia\/commons\/thumb\/7\/7f\/Kit_left_arm.svg\/62px-Kit_left_arm.svg.png 2x\"><a href=\"https:\/\/fr.wikipedia.org\/wiki\/Fichier:Kit_body_mtl2019h.png\"><\/a><img loading=\"lazy\" decoding=\"async\" alt=\"\" src=\"https:\/\/upload.wikimedia.org\/wikipedia\/commons\/thumb\/8\/83\/Kit_body.svg\/38px-Kit_body.svg.png\" width=\"38\" height=\"59\" srcset=\"\/\/upload.wikimedia.org\/wikipedia\/commons\/thumb\/8\/83\/Kit_body.svg\/57px-Kit_body.svg.png 1.5x, \/\/upload.wikimedia.org\/wikipedia\/commons\/thumb\/8\/83\/Kit_body.svg\/76px-Kit_body.svg.png 2x\"><a href=\"https:\/\/fr.wikipedia.org\/wiki\/Fichier:Kit_right_arm_borderonblack.png\"><\/a><img loading=\"lazy\" decoding=\"async\" alt=\"\" src=\"https:\/\/upload.wikimedia.org\/wikipedia\/commons\/thumb\/c\/cd\/Kit_right_arm.svg\/31px-Kit_right_arm.svg.png\" width=\"31\" height=\"59\" srcset=\"\/\/upload.wikimedia.org\/wikipedia\/commons\/thumb\/c\/cd\/Kit_right_arm.svg\/47px-Kit_right_arm.svg.png 1.5x, \/\/upload.wikimedia.org\/wikipedia\/commons\/thumb\/c\/cd\/Kit_right_arm.svg\/62px-Kit_right_arm.svg.png 2x\"><a href=\"https:\/\/fr.wikipedia.org\/wiki\/Fichier:Kit_shorts_adidasshortonblack.png\"><\/a><img loading=\"lazy\" decoding=\"async\" alt=\"\" src=\"https:\/\/upload.wikimedia.org\/wikipedia\/commons\/thumb\/a\/af\/Kit_shorts.svg\/100px-Kit_shorts.svg.png\" width=\"100\" height=\"36\" srcset=\"\/\/upload.wikimedia.org\/wikipedia\/commons\/thumb\/a\/af\/Kit_shorts.svg\/150px-Kit_shorts.svg.png 1.5x, \/\/upload.wikimedia.org\/wikipedia\/commons\/thumb\/a\/af\/Kit_shorts.svg\/200px-Kit_shorts.svg.png 2x\"><a href=\"https:\/\/fr.wikipedia.org\/wiki\/Fichier:Kit_socks_color_3_stripes_on_black.png\"><\/a><img loading=\"lazy\" decoding=\"async\" alt=\"\" src=\"https:\/\/upload.wikimedia.org\/wikipedia\/commons\/thumb\/9\/9b\/Kit_socks_long.svg\/100px-Kit_socks_long.svg.png\" width=\"100\" height=\"40\" srcset=\"\/\/upload.wikimedia.org\/wikipedia\/commons\/thumb\/9\/9b\/Kit_socks_long.svg\/150px-Kit_socks_long.svg.png 1.5x, \/\/upload.wikimedia.org\/wikipedia\/commons\/thumb\/9\/9b\/Kit_socks_long.svg\/200px-Kit_socks_long.svg.png 2x\"><strong>2019-<\/strong><\/td><\/tr><\/tbody><\/table><\/figure>\n\n\n\n<ul class=\"wp-block-list\"><li><strong>Ext\u00e9rieur<\/strong><\/li><\/ul>\n\n\n\n<figure class=\"wp-block-table\"><table><tbody><tr><td><a href=\"https:\/\/fr.wikipedia.org\/wiki\/Fichier:Kit_left_arm_IMPACT_12a.png\"><\/a><img loading=\"lazy\" decoding=\"async\" alt=\"\" src=\"https:\/\/upload.wikimedia.org\/wikipedia\/commons\/thumb\/7\/7f\/Kit_left_arm.svg\/31px-Kit_left_arm.svg.png\" width=\"31\" height=\"59\" srcset=\"\/\/upload.wikimedia.org\/wikipedia\/commons\/thumb\/7\/7f\/Kit_left_arm.svg\/47px-Kit_left_arm.svg.png 1.5x, \/\/upload.wikimedia.org\/wikipedia\/commons\/thumb\/7\/7f\/Kit_left_arm.svg\/62px-Kit_left_arm.svg.png 2x\"><a href=\"https:\/\/fr.wikipedia.org\/wiki\/Fichier:Kit_body_IMPACT_12a.png\"><\/a><img loading=\"lazy\" decoding=\"async\" alt=\"\" src=\"https:\/\/upload.wikimedia.org\/wikipedia\/commons\/thumb\/8\/83\/Kit_body.svg\/38px-Kit_body.svg.png\" width=\"38\" height=\"59\" srcset=\"\/\/upload.wikimedia.org\/wikipedia\/commons\/thumb\/8\/83\/Kit_body.svg\/57px-Kit_body.svg.png 1.5x, \/\/upload.wikimedia.org\/wikipedia\/commons\/thumb\/8\/83\/Kit_body.svg\/76px-Kit_body.svg.png 2x\"><a href=\"https:\/\/fr.wikipedia.org\/wiki\/Fichier:Kit_right_arm_IMPACT_12a.png\"><\/a><img loading=\"lazy\" decoding=\"async\" alt=\"\" src=\"https:\/\/upload.wikimedia.org\/wikipedia\/commons\/thumb\/c\/cd\/Kit_right_arm.svg\/31px-Kit_right_arm.svg.png\" width=\"31\" height=\"59\" srcset=\"\/\/upload.wikimedia.org\/wikipedia\/commons\/thumb\/c\/cd\/Kit_right_arm.svg\/47px-Kit_right_arm.svg.png 1.5x, \/\/upload.wikimedia.org\/wikipedia\/commons\/thumb\/c\/cd\/Kit_right_arm.svg\/62px-Kit_right_arm.svg.png 2x\"><a href=\"https:\/\/fr.wikipedia.org\/wiki\/Fichier:Kit_shorts_IMPACT_12h.png\"><\/a><img loading=\"lazy\" decoding=\"async\" alt=\"\" src=\"https:\/\/upload.wikimedia.org\/wikipedia\/commons\/thumb\/a\/af\/Kit_shorts.svg\/100px-Kit_shorts.svg.png\" width=\"100\" height=\"36\" srcset=\"\/\/upload.wikimedia.org\/wikipedia\/commons\/thumb\/a\/af\/Kit_shorts.svg\/150px-Kit_shorts.svg.png 1.5x, \/\/upload.wikimedia.org\/wikipedia\/commons\/thumb\/a\/af\/Kit_shorts.svg\/200px-Kit_shorts.svg.png 2x\"><a href=\"https:\/\/fr.wikipedia.org\/wiki\/Fichier:Kit_socks_3_stripes_blue.png\"><\/a><img loading=\"lazy\" decoding=\"async\" alt=\"\" src=\"https:\/\/upload.wikimedia.org\/wikipedia\/commons\/thumb\/9\/9b\/Kit_socks_long.svg\/100px-Kit_socks_long.svg.png\" width=\"100\" height=\"40\" srcset=\"\/\/upload.wikimedia.org\/wikipedia\/commons\/thumb\/9\/9b\/Kit_socks_long.svg\/150px-Kit_socks_long.svg.png 1.5x, \/\/upload.wikimedia.org\/wikipedia\/commons\/thumb\/9\/9b\/Kit_socks_long.svg\/200px-Kit_socks_long.svg.png 2x\"><strong>2012-2014<\/strong><\/td><td><a href=\"https:\/\/fr.wikipedia.org\/wiki\/Fichier:Kit_left_arm_IMPACT_15a.png\"><\/a><img loading=\"lazy\" decoding=\"async\" alt=\"\" src=\"https:\/\/upload.wikimedia.org\/wikipedia\/commons\/thumb\/7\/7f\/Kit_left_arm.svg\/31px-Kit_left_arm.svg.png\" width=\"31\" height=\"59\" srcset=\"\/\/upload.wikimedia.org\/wikipedia\/commons\/thumb\/7\/7f\/Kit_left_arm.svg\/47px-Kit_left_arm.svg.png 1.5x, \/\/upload.wikimedia.org\/wikipedia\/commons\/thumb\/7\/7f\/Kit_left_arm.svg\/62px-Kit_left_arm.svg.png 2x\"><a href=\"https:\/\/fr.wikipedia.org\/wiki\/Fichier:Kit_body_IMPACT_15a.png\"><\/a><img loading=\"lazy\" decoding=\"async\" alt=\"\" src=\"https:\/\/upload.wikimedia.org\/wikipedia\/commons\/thumb\/8\/83\/Kit_body.svg\/38px-Kit_body.svg.png\" width=\"38\" height=\"59\" srcset=\"\/\/upload.wikimedia.org\/wikipedia\/commons\/thumb\/8\/83\/Kit_body.svg\/57px-Kit_body.svg.png 1.5x, \/\/upload.wikimedia.org\/wikipedia\/commons\/thumb\/8\/83\/Kit_body.svg\/76px-Kit_body.svg.png 2x\"><a href=\"https:\/\/fr.wikipedia.org\/wiki\/Fichier:Kit_right_arm_IMPACT_15a.png\"><\/a><img loading=\"lazy\" decoding=\"async\" alt=\"\" src=\"https:\/\/upload.wikimedia.org\/wikipedia\/commons\/thumb\/c\/cd\/Kit_right_arm.svg\/31px-Kit_right_arm.svg.png\" width=\"31\" height=\"59\" srcset=\"\/\/upload.wikimedia.org\/wikipedia\/commons\/thumb\/c\/cd\/Kit_right_arm.svg\/47px-Kit_right_arm.svg.png 1.5x, \/\/upload.wikimedia.org\/wikipedia\/commons\/thumb\/c\/cd\/Kit_right_arm.svg\/62px-Kit_right_arm.svg.png 2x\"><a href=\"https:\/\/fr.wikipedia.org\/wiki\/Fichier:Kit_shorts_adidasblue.png\"><\/a><img loading=\"lazy\" decoding=\"async\" alt=\"\" src=\"https:\/\/upload.wikimedia.org\/wikipedia\/commons\/thumb\/a\/af\/Kit_shorts.svg\/100px-Kit_shorts.svg.png\" width=\"100\" height=\"36\" srcset=\"\/\/upload.wikimedia.org\/wikipedia\/commons\/thumb\/a\/af\/Kit_shorts.svg\/150px-Kit_shorts.svg.png 1.5x, \/\/upload.wikimedia.org\/wikipedia\/commons\/thumb\/a\/af\/Kit_shorts.svg\/200px-Kit_shorts.svg.png 2x\"><a href=\"https:\/\/fr.wikipedia.org\/wiki\/Fichier:Kit_socks_3_stripes_blue.png\"><\/a><img loading=\"lazy\" decoding=\"async\" alt=\"\" src=\"https:\/\/upload.wikimedia.org\/wikipedia\/commons\/thumb\/9\/9b\/Kit_socks_long.svg\/100px-Kit_socks_long.svg.png\" width=\"100\" height=\"40\" srcset=\"\/\/upload.wikimedia.org\/wikipedia\/commons\/thumb\/9\/9b\/Kit_socks_long.svg\/150px-Kit_socks_long.svg.png 1.5x, \/\/upload.wikimedia.org\/wikipedia\/commons\/thumb\/9\/9b\/Kit_socks_long.svg\/200px-Kit_socks_long.svg.png 2x\"><strong>2015-2016<\/strong><\/td><td><a href=\"https:\/\/fr.wikipedia.org\/wiki\/Fichier:Kit_left_arm_impact17a.png\"><\/a><img loading=\"lazy\" decoding=\"async\" alt=\"\" src=\"https:\/\/upload.wikimedia.org\/wikipedia\/commons\/thumb\/7\/7f\/Kit_left_arm.svg\/31px-Kit_left_arm.svg.png\" width=\"31\" height=\"59\" srcset=\"\/\/upload.wikimedia.org\/wikipedia\/commons\/thumb\/7\/7f\/Kit_left_arm.svg\/47px-Kit_left_arm.svg.png 1.5x, \/\/upload.wikimedia.org\/wikipedia\/commons\/thumb\/7\/7f\/Kit_left_arm.svg\/62px-Kit_left_arm.svg.png 2x\"><a href=\"https:\/\/fr.wikipedia.org\/wiki\/Fichier:Kit_body_impact17a.png\"><\/a><img loading=\"lazy\" decoding=\"async\" alt=\"\" src=\"https:\/\/upload.wikimedia.org\/wikipedia\/commons\/thumb\/8\/83\/Kit_body.svg\/38px-Kit_body.svg.png\" width=\"38\" height=\"59\" srcset=\"\/\/upload.wikimedia.org\/wikipedia\/commons\/thumb\/8\/83\/Kit_body.svg\/57px-Kit_body.svg.png 1.5x, \/\/upload.wikimedia.org\/wikipedia\/commons\/thumb\/8\/83\/Kit_body.svg\/76px-Kit_body.svg.png 2x\"><a href=\"https:\/\/fr.wikipedia.org\/wiki\/Fichier:Kit_right_arm_impact17a.png\"><\/a><img loading=\"lazy\" decoding=\"async\" alt=\"\" src=\"https:\/\/upload.wikimedia.org\/wikipedia\/commons\/thumb\/c\/cd\/Kit_right_arm.svg\/31px-Kit_right_arm.svg.png\" width=\"31\" height=\"59\" srcset=\"\/\/upload.wikimedia.org\/wikipedia\/commons\/thumb\/c\/cd\/Kit_right_arm.svg\/47px-Kit_right_arm.svg.png 1.5x, \/\/upload.wikimedia.org\/wikipedia\/commons\/thumb\/c\/cd\/Kit_right_arm.svg\/62px-Kit_right_arm.svg.png 2x\"><a href=\"https:\/\/fr.wikipedia.org\/wiki\/Fichier:Kit_shorts_impact17a.png\"><\/a><img loading=\"lazy\" decoding=\"async\" alt=\"\" src=\"https:\/\/upload.wikimedia.org\/wikipedia\/commons\/thumb\/a\/af\/Kit_shorts.svg\/100px-Kit_shorts.svg.png\" width=\"100\" height=\"36\" srcset=\"\/\/upload.wikimedia.org\/wikipedia\/commons\/thumb\/a\/af\/Kit_shorts.svg\/150px-Kit_shorts.svg.png 1.5x, \/\/upload.wikimedia.org\/wikipedia\/commons\/thumb\/a\/af\/Kit_shorts.svg\/200px-Kit_shorts.svg.png 2x\"><a href=\"https:\/\/fr.wikipedia.org\/wiki\/Fichier:Kit_socks_impact17a.png\"><\/a><img loading=\"lazy\" decoding=\"async\" alt=\"\" src=\"https:\/\/upload.wikimedia.org\/wikipedia\/commons\/thumb\/9\/9b\/Kit_socks_long.svg\/100px-Kit_socks_long.svg.png\" width=\"100\" height=\"40\" srcset=\"\/\/upload.wikimedia.org\/wikipedia\/commons\/thumb\/9\/9b\/Kit_socks_long.svg\/150px-Kit_socks_long.svg.png 1.5x, \/\/upload.wikimedia.org\/wikipedia\/commons\/thumb\/9\/9b\/Kit_socks_long.svg\/200px-Kit_socks_long.svg.png 2x\"><strong>2017-2019<\/strong><\/td><td><a href=\"https:\/\/fr.wikipedia.org\/wiki\/Fichier:Kit_left_arm_impact20a.png\"><\/a><img loading=\"lazy\" decoding=\"async\" alt=\"\" src=\"https:\/\/upload.wikimedia.org\/wikipedia\/commons\/thumb\/7\/7f\/Kit_left_arm.svg\/31px-Kit_left_arm.svg.png\" width=\"31\" height=\"59\" srcset=\"\/\/upload.wikimedia.org\/wikipedia\/commons\/thumb\/7\/7f\/Kit_left_arm.svg\/47px-Kit_left_arm.svg.png 1.5x, \/\/upload.wikimedia.org\/wikipedia\/commons\/thumb\/7\/7f\/Kit_left_arm.svg\/62px-Kit_left_arm.svg.png 2x\"><a href=\"https:\/\/fr.wikipedia.org\/wiki\/Fichier:Kit_body_impact20a.png\"><\/a><img loading=\"lazy\" decoding=\"async\" alt=\"\" src=\"https:\/\/upload.wikimedia.org\/wikipedia\/commons\/thumb\/8\/83\/Kit_body.svg\/38px-Kit_body.svg.png\" width=\"38\" height=\"59\" srcset=\"\/\/upload.wikimedia.org\/wikipedia\/commons\/thumb\/8\/83\/Kit_body.svg\/57px-Kit_body.svg.png 1.5x, \/\/upload.wikimedia.org\/wikipedia\/commons\/thumb\/8\/83\/Kit_body.svg\/76px-Kit_body.svg.png 2x\"><a href=\"https:\/\/fr.wikipedia.org\/wiki\/Fichier:Kit_right_arm_impact20a.png\"><\/a><img loading=\"lazy\" decoding=\"async\" alt=\"\" src=\"https:\/\/upload.wikimedia.org\/wikipedia\/commons\/thumb\/c\/cd\/Kit_right_arm.svg\/31px-Kit_right_arm.svg.png\" width=\"31\" height=\"59\" srcset=\"\/\/upload.wikimedia.org\/wikipedia\/commons\/thumb\/c\/cd\/Kit_right_arm.svg\/47px-Kit_right_arm.svg.png 1.5x, \/\/upload.wikimedia.org\/wikipedia\/commons\/thumb\/c\/cd\/Kit_right_arm.svg\/62px-Kit_right_arm.svg.png 2x\"><a href=\"https:\/\/fr.wikipedia.org\/wiki\/Fichier:Kit_shorts.png\"><\/a><img loading=\"lazy\" decoding=\"async\" alt=\"\" src=\"https:\/\/upload.wikimedia.org\/wikipedia\/commons\/thumb\/a\/af\/Kit_shorts.svg\/100px-Kit_shorts.svg.png\" width=\"100\" height=\"36\" srcset=\"\/\/upload.wikimedia.org\/wikipedia\/commons\/thumb\/a\/af\/Kit_shorts.svg\/150px-Kit_shorts.svg.png 1.5x, \/\/upload.wikimedia.org\/wikipedia\/commons\/thumb\/a\/af\/Kit_shorts.svg\/200px-Kit_shorts.svg.png 2x\"><a href=\"https:\/\/fr.wikipedia.org\/wiki\/Fichier:Kit_socks_impact20a.png\"><\/a><img loading=\"lazy\" decoding=\"async\" alt=\"\" src=\"https:\/\/upload.wikimedia.org\/wikipedia\/commons\/thumb\/9\/9b\/Kit_socks_long.svg\/100px-Kit_socks_long.svg.png\" width=\"100\" height=\"40\" srcset=\"\/\/upload.wikimedia.org\/wikipedia\/commons\/thumb\/9\/9b\/Kit_socks_long.svg\/150px-Kit_socks_long.svg.png 1.5x, \/\/upload.wikimedia.org\/wikipedia\/commons\/thumb\/9\/9b\/Kit_socks_long.svg\/200px-Kit_socks_long.svg.png 2x\"><strong>2020-<\/strong><\/td><\/tr><\/tbody><\/table><\/figure>\n\n\n\n<ul class=\"wp-block-list\"><li><strong>Alternatif<\/strong><\/li><\/ul>\n\n\n\n<figure class=\"wp-block-table\"><table><tbody><tr><td><a href=\"https:\/\/fr.wikipedia.org\/wiki\/Fichier:Kit_left_arm_IMPACT_13t.png\"><\/a><img loading=\"lazy\" decoding=\"async\" alt=\"\" src=\"https:\/\/upload.wikimedia.org\/wikipedia\/commons\/thumb\/7\/7f\/Kit_left_arm.svg\/31px-Kit_left_arm.svg.png\" width=\"31\" height=\"59\" srcset=\"\/\/upload.wikimedia.org\/wikipedia\/commons\/thumb\/7\/7f\/Kit_left_arm.svg\/47px-Kit_left_arm.svg.png 1.5x, \/\/upload.wikimedia.org\/wikipedia\/commons\/thumb\/7\/7f\/Kit_left_arm.svg\/62px-Kit_left_arm.svg.png 2x\"><a href=\"https:\/\/fr.wikipedia.org\/wiki\/Fichier:Kit_body_IMPACT_13t.png\"><\/a><img loading=\"lazy\" decoding=\"async\" alt=\"\" src=\"https:\/\/upload.wikimedia.org\/wikipedia\/commons\/thumb\/8\/83\/Kit_body.svg\/38px-Kit_body.svg.png\" width=\"38\" height=\"59\" srcset=\"\/\/upload.wikimedia.org\/wikipedia\/commons\/thumb\/8\/83\/Kit_body.svg\/57px-Kit_body.svg.png 1.5x, \/\/upload.wikimedia.org\/wikipedia\/commons\/thumb\/8\/83\/Kit_body.svg\/76px-Kit_body.svg.png 2x\"><a href=\"https:\/\/fr.wikipedia.org\/wiki\/Fichier:Kit_right_arm_IMPACT_13t.png\"><\/a><img loading=\"lazy\" decoding=\"async\" alt=\"\" src=\"https:\/\/upload.wikimedia.org\/wikipedia\/commons\/thumb\/c\/cd\/Kit_right_arm.svg\/31px-Kit_right_arm.svg.png\" width=\"31\" height=\"59\" srcset=\"\/\/upload.wikimedia.org\/wikipedia\/commons\/thumb\/c\/cd\/Kit_right_arm.svg\/47px-Kit_right_arm.svg.png 1.5x, \/\/upload.wikimedia.org\/wikipedia\/commons\/thumb\/c\/cd\/Kit_right_arm.svg\/62px-Kit_right_arm.svg.png 2x\"><a href=\"https:\/\/fr.wikipedia.org\/wiki\/Fichier:Kit_shorts_black_3_stripes_color.png\"><\/a><img loading=\"lazy\" decoding=\"async\" alt=\"\" src=\"https:\/\/upload.wikimedia.org\/wikipedia\/commons\/thumb\/a\/af\/Kit_shorts.svg\/100px-Kit_shorts.svg.png\" width=\"100\" height=\"36\" srcset=\"\/\/upload.wikimedia.org\/wikipedia\/commons\/thumb\/a\/af\/Kit_shorts.svg\/150px-Kit_shorts.svg.png 1.5x, \/\/upload.wikimedia.org\/wikipedia\/commons\/thumb\/a\/af\/Kit_shorts.svg\/200px-Kit_shorts.svg.png 2x\"><a href=\"https:\/\/fr.wikipedia.org\/wiki\/Fichier:Kit_socks_3_stripes_black.png\"><\/a><img loading=\"lazy\" decoding=\"async\" alt=\"\" src=\"https:\/\/upload.wikimedia.org\/wikipedia\/commons\/thumb\/9\/9b\/Kit_socks_long.svg\/100px-Kit_socks_long.svg.png\" width=\"100\" height=\"40\" srcset=\"\/\/upload.wikimedia.org\/wikipedia\/commons\/thumb\/9\/9b\/Kit_socks_long.svg\/150px-Kit_socks_long.svg.png 1.5x, \/\/upload.wikimedia.org\/wikipedia\/commons\/thumb\/9\/9b\/Kit_socks_long.svg\/200px-Kit_socks_long.svg.png 2x\"><strong>2013-2014<\/strong><\/td><td><\/td><\/tr><\/tbody><\/table><\/figure>\n\n\n\n<h3 class=\"wp-block-heading\">Logos[<a href=\"https:\/\/fr.wikipedia.org\/w\/index.php?title=Club_de_Foot_Montr%C3%A9al&amp;veaction=edit&amp;section=24\">modifier<\/a>&nbsp;|&nbsp;<a href=\"https:\/\/fr.wikipedia.org\/w\/index.php?title=Club_de_Foot_Montr%C3%A9al&amp;action=edit&amp;section=24\">modifier le code<\/a>]<\/h3>\n\n\n\n<p class=\"wp-block-paragraph\">Huit \u00e9l\u00e9ments composent le logo de l\u2019Impact de Montr\u00e9al de 2012 \u00e0 2020<sup><a href=\"https:\/\/fr.wikipedia.org\/wiki\/Club_de_Foot_Montr%C3%A9al#cite_note-61\">55<\/a><\/sup>&nbsp;:<\/p>\n\n\n\n<ul class=\"wp-block-list\"><li>Le bleu&nbsp;: c&#8217;est la couleur du club depuis ses d\u00e9buts en 1993. Elle fait r\u00e9f\u00e9rence \u00e0 la couleur du&nbsp;<a href=\"https:\/\/fr.wikipedia.org\/wiki\/Drapeau_du_Qu%C3%A9bec\">drapeau national qu\u00e9b\u00e9cois<\/a>&nbsp;et au&nbsp;<a href=\"https:\/\/fr.wikipedia.org\/wiki\/Fleuve_Saint-Laurent\">fleuve St-Laurent<\/a>&nbsp;qui borde l\u2019<a href=\"https:\/\/fr.wikipedia.org\/wiki\/%C3%8Ele_de_Montr%C3%A9al\">\u00cele de Montr\u00e9al<\/a>.<\/li><li>Les quatre \u00e9toiles&nbsp;: elles repr\u00e9sentent le peuple fondateur de Montr\u00e9al (les&nbsp;<a href=\"https:\/\/fr.wikipedia.org\/wiki\/Fran%C3%A7ais_(peuple)\">Fran\u00e7ais<\/a>) et les trois autres peuples venus s&#8217;y installer: les&nbsp;<a href=\"https:\/\/fr.wikipedia.org\/wiki\/Anglais_(peuple)\">Anglais<\/a>, les&nbsp;<a href=\"https:\/\/fr.wikipedia.org\/wiki\/Irlandais_(peuple)\">Irlandais<\/a>&nbsp;et les&nbsp;<a href=\"https:\/\/fr.wikipedia.org\/wiki\/%C3%89cossais_(peuple)\">\u00c9cossais<\/a>.<\/li><li>La&nbsp;<a href=\"https:\/\/fr.wikipedia.org\/wiki\/Fleur_de_lys\">fleur de lys<\/a>&nbsp;: c&#8217;est l&#8217;embl\u00e8me officiel du&nbsp;<a href=\"https:\/\/fr.wikipedia.org\/wiki\/Qu%C3%A9bec\">Qu\u00e9bec<\/a>, symbole historique de la&nbsp;<a href=\"https:\/\/fr.wikipedia.org\/wiki\/Monarchie_fran%C3%A7aise\">monarchie fran\u00e7aise<\/a>. C\u2019est aussi le symbole utilis\u00e9 par&nbsp;<a href=\"https:\/\/fr.wikipedia.org\/wiki\/Jacques_Cartier\">Jacques Cartier<\/a>&nbsp;lors de son arriv\u00e9e en Am\u00e9rique en 1534. La fleur de lys repr\u00e9sente le fait francophone unique et distinct en&nbsp;<a href=\"https:\/\/fr.wikipedia.org\/wiki\/Am%C3%A9rique\">Am\u00e9rique<\/a>. L&#8217;ajout de la fleur de lys sur le logo \u00e9tait un v\u0153u de&nbsp;<a href=\"https:\/\/fr.wikipedia.org\/wiki\/Bernard_Landry\">Bernard Landry<\/a>,&nbsp;<a href=\"https:\/\/fr.wikipedia.org\/wiki\/Premier_ministre_du_Qu%C3%A9bec\">Premier ministre du Qu\u00e9bec<\/a>&nbsp;\u00e0 l&#8217;\u00e9poque de la conception du troisi\u00e8me logo.<\/li><li>Les rayures noires et bleues&nbsp;: elles font r\u00e9f\u00e9rence aux premi\u00e8res ann\u00e9es du club, en particulier \u00e0 1994, ann\u00e9e o\u00f9 le club a remport\u00e9 son premier championnat.<\/li><li>Le foulard et l&#8217;angle dans le nom de l\u2019\u00e9quipe&nbsp;: le foulard repr\u00e9sente les supporters. L\u2019angle du foulard quant \u00e0 elle symbolise la croissance constante et la progression du club \u00e0 travers les ann\u00e9es. C\u2019est \u00e9galement un symbole de continuit\u00e9, en r\u00e9f\u00e9rence au logo de la saison inaugurale de l\u2019Impact de Montr\u00e9al en 1993, de m\u00eame que la version de 2002, sur lesquelles \u00e9tait inscrit le nom du club dans un angle similaire.<\/li><li>Tous pour gagner&nbsp;: c&#8217;est la devise du club qui marque l\u2019importance de l\u2019unit\u00e9 dans la victoire.<\/li><li>L\u2019\u00e9cusson&nbsp;: l&#8217;\u00e9cusson est inspir\u00e9 de l\u2019\u00e9cu des armoiries de la Ville de Montr\u00e9al.<\/li><li>La couleur argent&nbsp;: elle fait r\u00e9f\u00e9rence \u00e0 la couleur argent utilis\u00e9e dans les armoiries de la Ville de Montr\u00e9al.<\/li><\/ul>\n\n\n\n<ul class=\"wp-block-list\"><li><a href=\"https:\/\/fr.wikipedia.org\/wiki\/Fichier:Logo_Impact_de_Montr%C3%A9al_(1993-1995).png\"><\/a>1993-1995.<\/li><li><a href=\"https:\/\/fr.wikipedia.org\/wiki\/Fichier:Logo_Impact_de_Montr%C3%A9al_(1996-2001).png\"><\/a>1996-2001.<\/li><li><a href=\"https:\/\/fr.wikipedia.org\/wiki\/Fichier:Logo_Impact_Montr%C3%A9al.svg\"><\/a>2002-2011.<\/li><li><a href=\"https:\/\/fr.wikipedia.org\/wiki\/Fichier:Logo_Impact_de_Montr%C3%A9al_(MLS).svg\"><\/a>2012-2020.<\/li><li><a href=\"https:\/\/fr.wikipedia.org\/wiki\/Fichier:800px-CFMontreal.svg.png\"><\/a>Depuis 2021.<\/li><\/ul>\n\n\n\n<h2 class=\"wp-block-heading\">Infrastructures[<a href=\"https:\/\/fr.wikipedia.org\/w\/index.php?title=Club_de_Foot_Montr%C3%A9al&amp;veaction=edit&amp;section=25\">modifier<\/a>&nbsp;|&nbsp;<a href=\"https:\/\/fr.wikipedia.org\/w\/index.php?title=Club_de_Foot_Montr%C3%A9al&amp;action=edit&amp;section=25\">modifier le code<\/a>]<\/h2>\n\n\n\n<p class=\"wp-block-paragraph\"><a href=\"https:\/\/commons.wikimedia.org\/wiki\/File:2012_Impact_de_Montr%C3%A9al_au_stade_Saputo.jpg?uselang=fr\"><\/a><a href=\"https:\/\/fr.wikipedia.org\/wiki\/Fichier:2012_Impact_de_Montr%C3%A9al_au_stade_Saputo.jpg\"><\/a>Match de l&#8217;Impact de Montr\u00e9al au&nbsp;<a href=\"https:\/\/fr.wikipedia.org\/wiki\/Stade_Saputo\">Stade Saputo<\/a>&nbsp;contre&nbsp;<a href=\"https:\/\/fr.wikipedia.org\/wiki\/Red_Bulls_de_New_York\">New York<\/a>&nbsp;le 28 juillet 2012.<\/p>\n\n\n\n<h3 class=\"wp-block-heading\">Stades[<a href=\"https:\/\/fr.wikipedia.org\/w\/index.php?title=Club_de_Foot_Montr%C3%A9al&amp;veaction=edit&amp;section=26\">modifier<\/a>&nbsp;|&nbsp;<a href=\"https:\/\/fr.wikipedia.org\/w\/index.php?title=Club_de_Foot_Montr%C3%A9al&amp;action=edit&amp;section=26\">modifier le code<\/a>]<\/h3>\n\n\n\n<p class=\"wp-block-paragraph\">Depuis&nbsp;<a href=\"https:\/\/fr.wikipedia.org\/wiki\/2008_au_Qu%C3%A9bec\">2008<\/a>, l&#8217;\u00e9quipe dispute l&#8217;essentiel de ses matchs \u00e0 domicile au&nbsp;<a href=\"https:\/\/fr.wikipedia.org\/wiki\/Stade_Saputo\">Stade Saputo<\/a>. Les matchs hivernaux et certaines grandes rencontres se disputent au&nbsp;<a href=\"https:\/\/fr.wikipedia.org\/wiki\/Stade_olympique_de_Montr%C3%A9al\">Stade olympique de Montr\u00e9al<\/a><sup><a href=\"https:\/\/fr.wikipedia.org\/wiki\/Club_de_Foot_Montr%C3%A9al#cite_note-62\">56<\/a><\/sup>, une enceinte couverte de 65&nbsp;000&nbsp;places situ\u00e9e \u00e0 quelques centaines de m\u00e8tres du Stade Saputo.<\/p>\n\n\n\n<p class=\"wp-block-paragraph\">Situ\u00e9 dans le&nbsp;<a href=\"https:\/\/fr.wikipedia.org\/wiki\/Parc_olympique_de_Montr%C3%A9al\">Parc olympique<\/a>, le&nbsp;<a href=\"https:\/\/fr.wikipedia.org\/wiki\/Stade_Saputo\">Stade Saputo<\/a>&nbsp;est un stade construit sp\u00e9cifiquement pour le&nbsp;<a href=\"https:\/\/fr.wikipedia.org\/wiki\/Football\">soccer<\/a>&nbsp;et l&#8217;Impact de Montr\u00e9al inaugur\u00e9 en&nbsp;<a href=\"https:\/\/fr.wikipedia.org\/wiki\/2008_au_Qu%C3%A9bec\">2008<\/a>. Depuis 2012, il peut accueillir 20&nbsp;521&nbsp;spectateurs.<\/p>\n\n\n\n<p class=\"wp-block-paragraph\">Avant 2008, les parties locales \u00e9taient jou\u00e9es au&nbsp;<a href=\"https:\/\/fr.wikipedia.org\/wiki\/Complexe_sportif_Claude-Robillard\">Complexe sportif Claude-Robillard<\/a>.<\/p>\n\n\n\n<h3 class=\"wp-block-heading\">Centre d&#8217;entrainement[<a href=\"https:\/\/fr.wikipedia.org\/w\/index.php?title=Club_de_Foot_Montr%C3%A9al&amp;veaction=edit&amp;section=27\">modifier<\/a>&nbsp;|&nbsp;<a href=\"https:\/\/fr.wikipedia.org\/w\/index.php?title=Club_de_Foot_Montr%C3%A9al&amp;action=edit&amp;section=27\">modifier le code<\/a>]<\/h3>\n\n\n\n<p class=\"wp-block-paragraph\">Depuis mai&nbsp;<a href=\"https:\/\/fr.wikipedia.org\/wiki\/2015_en_football\">2015<\/a>, l&#8217;Impact de Montr\u00e9al s&#8217;entra\u00eene \u00e0 la&nbsp;<a href=\"https:\/\/fr.wikipedia.org\/wiki\/Caserne_Letourneux\">Caserne Letourneux<\/a>, o\u00f9 se trouve leur centre d&#8217;entra\u00eenement. Le&nbsp;<a href=\"https:\/\/fr.wikipedia.org\/wiki\/5_septembre\">5<\/a>&nbsp;<a href=\"https:\/\/fr.wikipedia.org\/wiki\/Septembre_2014\">septembre<\/a>&nbsp;<a href=\"https:\/\/fr.wikipedia.org\/wiki\/2014\">2014<\/a>, le club avait annonc\u00e9 avoir fait l&#8217;acquisition de la Caserne Letourneux pour en faire son nouveau centre d&#8217;entrainement<sup><a href=\"https:\/\/fr.wikipedia.org\/wiki\/Club_de_Foot_Montr%C3%A9al#cite_note-63\">57<\/a><\/sup>. Anciennement, l&#8217;Impact s&#8217;entra\u00eenait au&nbsp;<a href=\"https:\/\/fr.wikipedia.org\/wiki\/Complexe_sportif_Claude-Robillard\">Complexe sportif Claude-Robillard<\/a>. Le centre d&#8217;entrainement est officiellement inaugur\u00e9 pour la saison 2016 et se nomme le Centre Nutrilait.<\/p>\n\n\n\n<h3 class=\"wp-block-heading\">Acad\u00e9mie de soccer[<a href=\"https:\/\/fr.wikipedia.org\/w\/index.php?title=Club_de_Foot_Montr%C3%A9al&amp;veaction=edit&amp;section=28\">modifier<\/a>&nbsp;|&nbsp;<a href=\"https:\/\/fr.wikipedia.org\/w\/index.php?title=Club_de_Foot_Montr%C3%A9al&amp;action=edit&amp;section=28\">modifier le code<\/a>]<\/h3>\n\n\n\n<p class=\"wp-block-paragraph\">En plus de l&#8217;\u00e9quipe premi\u00e8re qui \u00e9volue dans la MLS depuis la saison 2012, l&#8217;Impact compte les sections suivantes&nbsp;:<\/p>\n\n\n\n<ul class=\"wp-block-list\"><li>une&nbsp;<a href=\"https:\/\/fr.wikipedia.org\/wiki\/%C3%89quipe_r%C3%A9serve\">\u00e9quipe r\u00e9serve<\/a>&nbsp;cr\u00e9\u00e9e en 2012 et qui a \u00e9volu\u00e9 en&nbsp;<a href=\"https:\/\/fr.wikipedia.org\/wiki\/MLS_Reserve_Division\">MLS Reserve Division<\/a>&nbsp;de 2012 \u00e0 2014. Pour la saison 2015, elle est rebaptis\u00e9e FC Montr\u00e9al et rejoint la&nbsp;<a href=\"https:\/\/fr.wikipedia.org\/wiki\/United_Soccer_League\">USL<\/a>.<\/li><li>une&nbsp;<a href=\"https:\/\/fr.wikipedia.org\/wiki\/Acad%C3%A9mie_de_l%27Impact_de_Montr%C3%A9al\">acad\u00e9mie de soccer<\/a>&nbsp;qui regroupe plusieurs \u00e9quipes selon les classes d&#8217;\u00e2ge&nbsp;:<ul><li>une&nbsp;<a href=\"https:\/\/fr.wikipedia.org\/w\/index.php?title=Impact_de_Montr%C3%A9al_U18&amp;action=edit&amp;redlink=1\">\u00e9quipe U18<\/a>&nbsp;compos\u00e9e de jeunes des cat\u00e9gories U17 et U18 et qui \u00e9volue dans la&nbsp;<a href=\"https:\/\/fr.wikipedia.org\/w\/index.php?title=U.S._Soccer_Development_Academy&amp;action=edit&amp;redlink=1\">U.S. Soccer Development Academy<\/a>&nbsp;<a href=\"https:\/\/en.wikipedia.org\/wiki\/U.S._Soccer_Development_Academy\"><strong>(en)<\/strong><\/a>&nbsp;depuis la saison 2012-2013<\/li><li>une&nbsp;<a href=\"https:\/\/fr.wikipedia.org\/w\/index.php?title=Impact_de_Montr%C3%A9al_U16&amp;action=edit&amp;redlink=1\">\u00e9quipe U16<\/a>&nbsp;compos\u00e9e de jeunes des cat\u00e9gories U15 et U16 et qui \u00e9volue dans la&nbsp;<a href=\"https:\/\/fr.wikipedia.org\/w\/index.php?title=U.S._Soccer_Development_Academy&amp;action=edit&amp;redlink=1\">U.S. Soccer Development Academy<\/a>&nbsp;<a href=\"https:\/\/en.wikipedia.org\/wiki\/U.S._Soccer_Development_Academy\"><strong>(en)<\/strong><\/a>&nbsp;depuis la saison 2012-2013<\/li><li>une \u00e9quipe espoirs B U14<\/li><li>une \u00e9quipe espoirs A U13<\/li><li>une&nbsp;<a href=\"https:\/\/fr.wikipedia.org\/wiki\/Impact_de_Montr%C3%A9al_U21\">\u00e9quipe U21<\/a>&nbsp;qui a \u00e9volu\u00e9 en&nbsp;<a href=\"https:\/\/fr.wikipedia.org\/wiki\/Ligue_canadienne_de_soccer\">Ligue canadienne de soccer<\/a>&nbsp;de 2010 \u00e0 2012.<\/li><li>une&nbsp;<a href=\"https:\/\/fr.wikipedia.org\/wiki\/Impact_de_Montr%C3%A9al_U23\">\u00e9quipe U23<\/a>&nbsp;qui a \u00e9volu\u00e9 en&nbsp;<a href=\"https:\/\/fr.wikipedia.org\/wiki\/Premier_Development_League\">PDL<\/a><\/li><\/ul><\/li><\/ul>\n\n\n\n<h2 class=\"wp-block-heading\">Personnalit\u00e9s historiques du club[<a href=\"https:\/\/fr.wikipedia.org\/w\/index.php?title=Club_de_Foot_Montr%C3%A9al&amp;veaction=edit&amp;section=29\">modifier<\/a>&nbsp;|&nbsp;<a href=\"https:\/\/fr.wikipedia.org\/w\/index.php?title=Club_de_Foot_Montr%C3%A9al&amp;action=edit&amp;section=29\">modifier le code<\/a>]<\/h2>\n\n\n\n<h3 class=\"wp-block-heading\">Dirigeants[<a href=\"https:\/\/fr.wikipedia.org\/w\/index.php?title=Club_de_Foot_Montr%C3%A9al&amp;veaction=edit&amp;section=30\">modifier<\/a>&nbsp;|&nbsp;<a href=\"https:\/\/fr.wikipedia.org\/w\/index.php?title=Club_de_Foot_Montr%C3%A9al&amp;action=edit&amp;section=30\">modifier le code<\/a>]<\/h3>\n\n\n\n<figure class=\"wp-block-table\"><table><tbody><tr><th>Nom<\/th><th>R\u00f4le<\/th><th>P\u00e9riode<\/th><\/tr><tr><td><a href=\"https:\/\/commons.wikimedia.org\/wiki\/File:Flag_of_Canada.svg?uselang=fr\"><\/a>&nbsp;<a href=\"https:\/\/fr.wikipedia.org\/wiki\/Joey_Saputo\">Joey Saputo<\/a><\/td><td>Propri\u00e9taire<\/td><td>1992-1999 \/ 2002 &#8211; Aujourd\u2019hui<\/td><\/tr><tr><td><a href=\"https:\/\/commons.wikimedia.org\/wiki\/File:Flag_of_Canada.svg?uselang=fr\"><\/a>&nbsp;Kevin Gilmore<\/td><td>Pr\u00e9sident<\/td><td>depuis 2019<\/td><\/tr><tr><td><a href=\"https:\/\/commons.wikimedia.org\/wiki\/File:Flag_of_Belgium_(civil).svg?uselang=fr\"><\/a>&nbsp;<a href=\"https:\/\/fr.wikipedia.org\/wiki\/Olivier_Renard\">Olivier Renard<\/a><\/td><td>Directeur sportif<\/td><td>depuis 2019<\/td><\/tr><tr><td><a href=\"https:\/\/commons.wikimedia.org\/wiki\/File:Flag_of_Canada.svg?uselang=fr\"><\/a>&nbsp;Vassili Cremanzidis<\/td><td>Directeur sportif adjoint<\/td><td>depuis 2020<\/td><\/tr><tr><td><a href=\"https:\/\/commons.wikimedia.org\/wiki\/File:Flag_of_Italy.svg?uselang=fr\"><\/a>&nbsp;Walter Sabatini<\/td><td>Directeur sportif global (poste partag\u00e9 avec le&nbsp;<a href=\"https:\/\/fr.wikipedia.org\/wiki\/Bologne_FC\">Bologne FC<\/a>)<\/td><td>depuis 2019<\/td><\/tr><tr><td><a href=\"https:\/\/commons.wikimedia.org\/wiki\/File:Flag_of_Canada.svg?uselang=fr\"><\/a>&nbsp;<a href=\"https:\/\/fr.wikipedia.org\/wiki\/Patrick_Leduc\">Patrick Leduc<\/a><\/td><td>Directeur de l&#8217;acad\u00e9mie<\/td><td>depuis 2020<\/td><\/tr><\/tbody><\/table><\/figure>\n\n\n\n<p class=\"wp-block-paragraph\">La direction de l&#8217;Impact est remani\u00e9e d\u00e9but 2011 en vue de pr\u00e9parer de l&#8217;accession \u00e0 la&nbsp;<a href=\"https:\/\/fr.wikipedia.org\/wiki\/Major_League_Soccer\">MLS<\/a>&nbsp;un an plus tard.&nbsp;<a href=\"https:\/\/fr.wikipedia.org\/wiki\/Nick_De_Santis\">Nick De Santis<\/a>&nbsp;est nomm\u00e9 directeur sportif et travaille depuis en bin\u00f4me avec le pr\u00e9sident&nbsp;<a href=\"https:\/\/fr.wikipedia.org\/wiki\/Joey_Saputo\">Joey Saputo<\/a>&nbsp;\u00e0 la direction du club.&nbsp;<a href=\"https:\/\/fr.wikipedia.org\/wiki\/Matt_Jordan\">Matt Jordan<\/a>&nbsp;est dans le m\u00eame temps nomm\u00e9 au poste de directeur des op\u00e9rations soccer pour les seconder. Ils s&#8217;occupent entre autres de la supervision du championnat universitaire am\u00e9ricain, la&nbsp;<a href=\"https:\/\/fr.wikipedia.org\/wiki\/NCAA\">NCAA<\/a>, et du rep\u00eachage lors du&nbsp;<a href=\"https:\/\/fr.wikipedia.org\/wiki\/MLS_SuperDraft\">MLS SuperDraft<\/a>.<\/p>\n\n\n\n<h3 class=\"wp-block-heading\">Entra\u00eeneurs[<a href=\"https:\/\/fr.wikipedia.org\/w\/index.php?title=Club_de_Foot_Montr%C3%A9al&amp;veaction=edit&amp;section=31\">modifier<\/a>&nbsp;|&nbsp;<a href=\"https:\/\/fr.wikipedia.org\/w\/index.php?title=Club_de_Foot_Montr%C3%A9al&amp;action=edit&amp;section=31\">modifier le code<\/a>]<\/h3>\n\n\n\n<p class=\"wp-block-paragraph\">Le tableau suivant pr\u00e9sente la liste des entra\u00eeneurs du club depuis 1993.<\/p>\n\n\n\n<figure class=\"wp-block-table\"><table><tbody><tr><th scope=\"col\">Rang<\/th><th scope=\"col\">Entra\u00eeneur<\/th><th scope=\"col\">Nationalit\u00e9<\/th><th scope=\"col\">D\u00e9but<\/th><th scope=\"col\">Fin<\/th><th scope=\"col\">Ligue<\/th><th scope=\"col\">Matchs<\/th><th scope=\"col\">Victoires<\/th><th scope=\"col\">Nuls<\/th><th scope=\"col\">D\u00e9faites<\/th><th scope=\"col\">% victoires<\/th><th scope=\"col\">Palmar\u00e8s<\/th><\/tr><tr><td>1<\/td><td><a href=\"https:\/\/fr.wikipedia.org\/wiki\/Eddie_Firmani\">Eddie Firmani<\/a><\/td><td><a href=\"https:\/\/commons.wikimedia.org\/wiki\/File:Flag_of_Italy.svg?uselang=fr\"><\/a>&nbsp;<a href=\"https:\/\/fr.wikipedia.org\/wiki\/Italie\">Italie<\/a><\/td><td>2 f\u00e9vrier 1993<sup><a href=\"https:\/\/fr.wikipedia.org\/wiki\/Club_de_Foot_Montr%C3%A9al#cite_note-Firmani_entra%C3%AEneur-6\">6<\/a><\/sup><sup>,<\/sup><sup><a href=\"https:\/\/fr.wikipedia.org\/wiki\/Club_de_Foot_Montr%C3%A9al#cite_note-66\">60<\/a><\/sup><\/td><td>29 juin 1994<sup><a href=\"https:\/\/fr.wikipedia.org\/wiki\/Club_de_Foot_Montr%C3%A9al#cite_note-Firmani_%C3%A0_Gazzola-13\">13<\/a><\/sup><\/td><td><a href=\"https:\/\/fr.wikipedia.org\/wiki\/American_Professional_Soccer_League\">APSL<\/a><\/td><td><strong>24<\/strong><\/td><td>11<\/td><td>&#8211;<\/td><td>13<\/td><td>45.83%<\/td><td><\/td><\/tr><tr><td>2<\/td><td>Valerio Gazzola<\/td><td><a href=\"https:\/\/commons.wikimedia.org\/wiki\/File:Flag_of_Canada.svg?uselang=fr\"><\/a>&nbsp;<a href=\"https:\/\/fr.wikipedia.org\/wiki\/Canada\">Canada<\/a><\/td><td>29 juin 1994<sup><a href=\"https:\/\/fr.wikipedia.org\/wiki\/Club_de_Foot_Montr%C3%A9al#cite_note-Firmani_%C3%A0_Gazzola-13\">13<\/a><\/sup><\/td><td>17 septembre 1997<sup><a href=\"https:\/\/fr.wikipedia.org\/wiki\/Club_de_Foot_Montr%C3%A9al#cite_note-67\">61<\/a><\/sup><\/td><td><a href=\"https:\/\/fr.wikipedia.org\/wiki\/American_Professional_Soccer_League\">APSL<\/a><br><a href=\"https:\/\/fr.wikipedia.org\/wiki\/A-League_(1995-2004)\">A-League<\/a><\/td><td><strong>114<\/strong><\/td><td>79<\/td><td>&#8211;<\/td><td>35<\/td><td>69.3%<\/td><td><strong>1x&nbsp;<a href=\"https:\/\/fr.wikipedia.org\/wiki\/American_Professional_Soccer_League\">APSL<\/a>&nbsp;(<a href=\"https:\/\/fr.wikipedia.org\/wiki\/Saison_1994_de_l%27American_Professional_Soccer_League\">1994<\/a>)<\/strong><\/td><\/tr><tr><td>&#8211;<\/td><td>Johan Aarnio<sup><a href=\"https:\/\/fr.wikipedia.org\/wiki\/Club_de_Foot_Montr%C3%A9al#cite_note-68\">Note 7<\/a><\/sup><\/td><td><a href=\"https:\/\/commons.wikimedia.org\/wiki\/File:Flag_of_Chile.svg?uselang=fr\"><\/a>&nbsp;<a href=\"https:\/\/fr.wikipedia.org\/wiki\/Chili\">Chili<\/a><\/td><td>21 octobre 1997<sup><a href=\"https:\/\/fr.wikipedia.org\/wiki\/Club_de_Foot_Montr%C3%A9al#cite_note-69\">62<\/a><\/sup><\/td><td>10 f\u00e9vrier 1998<sup><a href=\"https:\/\/fr.wikipedia.org\/wiki\/Club_de_Foot_Montr%C3%A9al#cite_note-Aarnio_%C3%A0_Kitson-70\">63<\/a><\/sup><\/td><td>NPSL<\/td><td>Entra\u00eeneur pour le soccer int\u00e9rieur (1997-1998)<\/td><\/tr><tr><td>3<\/td><td>Paul Kitson<sup><a href=\"https:\/\/fr.wikipedia.org\/wiki\/Club_de_Foot_Montr%C3%A9al#cite_note-71\">Note 8<\/a><\/sup><\/td><td><a href=\"https:\/\/commons.wikimedia.org\/wiki\/File:Flag_of_England.svg?uselang=fr\"><\/a>&nbsp;<a href=\"https:\/\/fr.wikipedia.org\/wiki\/Angleterre\">Angleterre<\/a><\/td><td>10 f\u00e9vrier 1998<sup><a href=\"https:\/\/fr.wikipedia.org\/wiki\/Club_de_Foot_Montr%C3%A9al#cite_note-Aarnio_%C3%A0_Kitson-70\">63<\/a><\/sup><\/td><td>Printemps 1999<\/td><td><a href=\"https:\/\/fr.wikipedia.org\/wiki\/A-League_(1995-2004)\">A-League<\/a><\/td><td><strong>31<\/strong><\/td><td>22<\/td><td>&#8211;<\/td><td>9<\/td><td>70.97%<\/td><td><\/td><\/tr><tr><td>&#8211;<\/td><td>Tasso Koutsoukos<\/td><td><a href=\"https:\/\/commons.wikimedia.org\/wiki\/File:Flag_of_Canada.svg?uselang=fr\"><\/a>&nbsp;<a href=\"https:\/\/fr.wikipedia.org\/wiki\/Canada\">Canada<\/a><\/td><td>11 ao\u00fbt 1999<sup><a href=\"https:\/\/fr.wikipedia.org\/wiki\/Club_de_Foot_Montr%C3%A9al#cite_note-72\">64<\/a><\/sup><\/td><td>15 mars 2000<sup><a href=\"https:\/\/fr.wikipedia.org\/wiki\/Club_de_Foot_Montr%C3%A9al#cite_note-73\">65<\/a><\/sup><\/td><td>NPSL<\/td><td>Entra\u00eeneur pour le soccer int\u00e9rieur (1999-2000)<\/td><\/tr><tr><td>&#8211;<\/td><td><a href=\"https:\/\/fr.wikipedia.org\/wiki\/John_Limniatis\">John Limniatis<\/a><\/td><td><a href=\"https:\/\/commons.wikimedia.org\/wiki\/File:Flag_of_Canada.svg?uselang=fr\"><\/a>&nbsp;<a href=\"https:\/\/fr.wikipedia.org\/wiki\/Canada\">Canada<\/a><\/td><td>15 mars 2000<sup><a href=\"https:\/\/fr.wikipedia.org\/wiki\/Club_de_Foot_Montr%C3%A9al#cite_note-74\">66<\/a><\/sup><\/td><td>18 avril 2000<\/td><td>NPSL<\/td><td>Entra\u00eeneur pour le soccer int\u00e9rieur (2000)<\/td><\/tr><tr><td>4<\/td><td>Zoran Jankovic<\/td><td><a href=\"https:\/\/commons.wikimedia.org\/wiki\/File:Flag_of_Yugoslavia_(1946-1992).svg?uselang=fr\"><\/a>&nbsp;<a href=\"https:\/\/fr.wikipedia.org\/wiki\/R%C3%A9publique_f%C3%A9d%C3%A9rative_socialiste_de_Yougoslavie\">Yougoslavie<\/a><\/td><td>18 avril 2000<sup><a href=\"https:\/\/fr.wikipedia.org\/wiki\/Club_de_Foot_Montr%C3%A9al#cite_note-75\">67<\/a><\/sup><\/td><td>8 juin 2000<sup><a href=\"https:\/\/fr.wikipedia.org\/wiki\/Club_de_Foot_Montr%C3%A9al#cite_note-76\">68<\/a><\/sup><\/td><td><a href=\"https:\/\/fr.wikipedia.org\/wiki\/A-League_(1995-2004)\">A-League<\/a><\/td><td><strong>4<\/strong><\/td><td>1<\/td><td>0<\/td><td>3<\/td><td>25%<\/td><td><\/td><\/tr><tr><td>5<\/td><td>Valerio Gazzola<\/td><td><a href=\"https:\/\/commons.wikimedia.org\/wiki\/File:Flag_of_Canada.svg?uselang=fr\"><\/a>&nbsp;<a href=\"https:\/\/fr.wikipedia.org\/wiki\/Canada\">Canada<\/a><\/td><td>9 juin 2000<sup><a href=\"https:\/\/fr.wikipedia.org\/wiki\/Club_de_Foot_Montr%C3%A9al#cite_note-77\">69<\/a><\/sup><\/td><td>24 juillet 2001<sup><a href=\"https:\/\/fr.wikipedia.org\/wiki\/Club_de_Foot_Montr%C3%A9al#cite_note-Gazzola_%C3%A0_De_Santis-78\">70<\/a><\/sup><\/td><td><a href=\"https:\/\/fr.wikipedia.org\/wiki\/A-League_(1995-2004)\">A-League<\/a><\/td><td><strong>40<\/strong><\/td><td>16<\/td><td>4<\/td><td>20<\/td><td>40%<\/td><td><\/td><\/tr><tr><td>6<\/td><td><a href=\"https:\/\/fr.wikipedia.org\/wiki\/Nick_De_Santis\">Nick De Santis<\/a>&nbsp;<small>(<em>int\u00e9rim<\/em>)<\/small><\/td><td><a href=\"https:\/\/commons.wikimedia.org\/wiki\/File:Flag_of_Canada.svg?uselang=fr\"><\/a>&nbsp;<a href=\"https:\/\/fr.wikipedia.org\/wiki\/Canada\">Canada<\/a><\/td><td>24 juillet 2001<sup><a href=\"https:\/\/fr.wikipedia.org\/wiki\/Club_de_Foot_Montr%C3%A9al#cite_note-Gazzola_%C3%A0_De_Santis-78\">70<\/a><\/sup><\/td><td>23 janvier 2002<sup><a href=\"https:\/\/fr.wikipedia.org\/wiki\/Club_de_Foot_Montr%C3%A9al#cite_note-De_Santis_%C3%A0_Lilley-79\">71<\/a><\/sup><\/td><td><a href=\"https:\/\/fr.wikipedia.org\/wiki\/A-League_(1995-2004)\">A-League<\/a><\/td><td><strong>10<\/strong><\/td><td>5<\/td><td>1<\/td><td>4<\/td><td>50%<\/td><td><\/td><\/tr><tr><td>7<\/td><td>Bob Lilley<\/td><td><a href=\"https:\/\/commons.wikimedia.org\/wiki\/File:Flag_of_the_United_States.svg?uselang=fr\"><\/a>&nbsp;<a href=\"https:\/\/fr.wikipedia.org\/wiki\/%C3%89tats-Unis\">\u00c9tats-Unis<\/a><\/td><td>23 janvier 2002<sup><a href=\"https:\/\/fr.wikipedia.org\/wiki\/Club_de_Foot_Montr%C3%A9al#cite_note-De_Santis_%C3%A0_Lilley-79\">71<\/a><\/sup><\/td><td>7 octobre 2003<sup><a href=\"https:\/\/fr.wikipedia.org\/wiki\/Club_de_Foot_Montr%C3%A9al#cite_note-80\">72<\/a><\/sup><\/td><td><a href=\"https:\/\/fr.wikipedia.org\/wiki\/A-League_(1995-2004)\">A-League<\/a><\/td><td><strong>62<\/strong><\/td><td>33<\/td><td>11<\/td><td>18<\/td><td>53.23%<\/td><td><strong>2x&nbsp;<a href=\"https:\/\/fr.wikipedia.org\/wiki\/Coupe_des_Voyageurs\">Coupe des Voyageurs<\/a>&nbsp;(2002, 2003)<\/strong><\/td><\/tr><tr><td>8<\/td><td><a href=\"https:\/\/fr.wikipedia.org\/wiki\/Nick_De_Santis\">Nick De Santis<\/a><\/td><td><a href=\"https:\/\/commons.wikimedia.org\/wiki\/File:Flag_of_Canada.svg?uselang=fr\"><\/a>&nbsp;<a href=\"https:\/\/fr.wikipedia.org\/wiki\/Canada\">Canada<\/a><\/td><td>20 novembre 2003<sup><a href=\"https:\/\/fr.wikipedia.org\/wiki\/Club_de_Foot_Montr%C3%A9al#cite_note-81\">73<\/a><\/sup><\/td><td>10 juin 2008<sup><a href=\"https:\/\/fr.wikipedia.org\/wiki\/Club_de_Foot_Montr%C3%A9al#cite_note-De_Santis_%C3%A0_Limniatis-82\">74<\/a><\/sup><\/td><td><a href=\"https:\/\/fr.wikipedia.org\/wiki\/A-League_(1995-2004)\">A-League<\/a><\/td><td><strong>134<\/strong><\/td><td>70<\/td><td>34<\/td><td>30<\/td><td>52.24%<\/td><td><strong>2x&nbsp;<a href=\"https:\/\/fr.wikipedia.org\/wiki\/Premi%C3%A8re_division_des_United_Soccer_Leagues\">USL-1<\/a>&nbsp;(<a href=\"https:\/\/fr.wikipedia.org\/wiki\/A-League_2004\">2004<\/a>,&nbsp;<a href=\"https:\/\/fr.wikipedia.org\/wiki\/Premi%C3%A8re_division_des_USL_2009\">2009<\/a>)<br>4x&nbsp;<a href=\"https:\/\/fr.wikipedia.org\/wiki\/Coupe_des_Voyageurs\">Coupe des Voyageurs<\/a><br>(2004, 2005, 2006, 2007)<\/strong><\/td><\/tr><tr><td>9<\/td><td><a href=\"https:\/\/fr.wikipedia.org\/wiki\/John_Limniatis\">John Limniatis<\/a><\/td><td><a href=\"https:\/\/commons.wikimedia.org\/wiki\/File:Flag_of_Canada.svg?uselang=fr\"><\/a>&nbsp;<a href=\"https:\/\/fr.wikipedia.org\/wiki\/Canada\">Canada<\/a><\/td><td>10 juin 2008<sup><a href=\"https:\/\/fr.wikipedia.org\/wiki\/Club_de_Foot_Montr%C3%A9al#cite_note-De_Santis_%C3%A0_Limniatis-82\">74<\/a><\/sup><\/td><td>14 mai 2009<sup><a href=\"https:\/\/fr.wikipedia.org\/wiki\/Club_de_Foot_Montr%C3%A9al#cite_note-Limniatis_%C3%A0_Dos_Santos-83\">75<\/a><\/sup><\/td><td><a href=\"https:\/\/fr.wikipedia.org\/wiki\/Premi%C3%A8re_division_des_United_Soccer_Leagues\">USL-1<\/a><\/td><td><strong>42<\/strong><\/td><td>19<\/td><td>9<\/td><td>14<\/td><td>45.24%<\/td><td><strong>1x&nbsp;<a href=\"https:\/\/fr.wikipedia.org\/wiki\/Championnat_canadien_de_soccer\">Championnat canadien<\/a>&nbsp;(<a href=\"https:\/\/fr.wikipedia.org\/wiki\/Championnat_canadien_de_soccer_2008\">2008<\/a>)<\/strong><\/td><\/tr><tr><td>10<\/td><td><a href=\"https:\/\/fr.wikipedia.org\/wiki\/Marc_Dos_Santos\">Marc Dos Santos<\/a><\/td><td><a href=\"https:\/\/commons.wikimedia.org\/wiki\/File:Flag_of_Canada.svg?uselang=fr\"><\/a>&nbsp;<a href=\"https:\/\/fr.wikipedia.org\/wiki\/Canada\">Canada<\/a><\/td><td>14 mai 2009<sup><a href=\"https:\/\/fr.wikipedia.org\/wiki\/Club_de_Foot_Montr%C3%A9al#cite_note-Limniatis_%C3%A0_Dos_Santos-83\">75<\/a><\/sup><\/td><td>28 juin 2011<sup><a href=\"https:\/\/fr.wikipedia.org\/wiki\/Club_de_Foot_Montr%C3%A9al#cite_note-Dos_Santos_%C3%A0_De_Santis-84\">76<\/a><\/sup><\/td><td><a href=\"https:\/\/fr.wikipedia.org\/wiki\/Premi%C3%A8re_division_des_United_Soccer_Leagues\">USL-1<\/a><br><a href=\"https:\/\/fr.wikipedia.org\/wiki\/USSF_Division_2_Professional_League\">USSF D2<\/a><\/td><td><strong>87<\/strong><\/td><td>35<\/td><td>19<\/td><td>33<\/td><td>40.23%<\/td><td><\/td><\/tr><tr><td>11<\/td><td><a href=\"https:\/\/fr.wikipedia.org\/wiki\/Nick_De_Santis\">Nick De Santis<\/a>&nbsp;<small>(<em>int\u00e9rim<\/em>)<\/small><\/td><td><a href=\"https:\/\/commons.wikimedia.org\/wiki\/File:Flag_of_Canada.svg?uselang=fr\"><\/a>&nbsp;<a href=\"https:\/\/fr.wikipedia.org\/wiki\/Canada\">Canada<\/a><\/td><td>28 juin 2011<sup><a href=\"https:\/\/fr.wikipedia.org\/wiki\/Club_de_Foot_Montr%C3%A9al#cite_note-Dos_Santos_%C3%A0_De_Santis-84\">76<\/a><\/sup><\/td><td>1<sup>er<\/sup>&nbsp;octobre 2011<sup><a href=\"https:\/\/fr.wikipedia.org\/wiki\/Club_de_Foot_Montr%C3%A9al#cite_note-De_Santis_%C3%A0_Marsch-85\">77<\/a><\/sup><\/td><td><a href=\"https:\/\/fr.wikipedia.org\/wiki\/North_American_Soccer_League_(2011)\">NASL<\/a><\/td><td><strong>16<\/strong><\/td><td>7<\/td><td>5<\/td><td>4<\/td><td>43,75%<\/td><td><\/td><\/tr><tr><td>12<\/td><td><a href=\"https:\/\/fr.wikipedia.org\/wiki\/Jesse_Marsch\">Jesse Marsch<\/a><\/td><td><a href=\"https:\/\/commons.wikimedia.org\/wiki\/File:Flag_of_the_United_States.svg?uselang=fr\"><\/a>&nbsp;<a href=\"https:\/\/fr.wikipedia.org\/wiki\/%C3%89tats-Unis\">\u00c9tats-Unis<\/a><\/td><td>1<sup>er<\/sup>&nbsp;octobre 2011<sup><a href=\"https:\/\/fr.wikipedia.org\/wiki\/Club_de_Foot_Montr%C3%A9al#cite_note-De_Santis_%C3%A0_Marsch-85\">77<\/a><\/sup><\/td><td>3 novembre 2012<sup><a href=\"https:\/\/fr.wikipedia.org\/wiki\/Club_de_Foot_Montr%C3%A9al#cite_note-86\">78<\/a><\/sup><\/td><td><a href=\"https:\/\/fr.wikipedia.org\/wiki\/Major_League_Soccer\">MLS<\/a><\/td><td><strong>36<\/strong><\/td><td>12<\/td><td>7<\/td><td>17<\/td><td>33.33%<\/td><td><\/td><\/tr><tr><td>&#8211;<\/td><td><a href=\"https:\/\/fr.wikipedia.org\/wiki\/Mauro_Biello\">Mauro Biello<\/a>&nbsp;<small>(<em>int\u00e9rim<\/em>)<\/small><\/td><td><a href=\"https:\/\/commons.wikimedia.org\/wiki\/File:Flag_of_Canada.svg?uselang=fr\"><\/a>&nbsp;<a href=\"https:\/\/fr.wikipedia.org\/wiki\/Canada\">Canada<\/a><\/td><td>5 novembre 2012<sup><a href=\"https:\/\/fr.wikipedia.org\/wiki\/Club_de_Foot_Montr%C3%A9al#cite_note-87\">79<\/a><\/sup><\/td><td>6 janvier 2013<sup><a href=\"https:\/\/fr.wikipedia.org\/wiki\/Club_de_Foot_Montr%C3%A9al#cite_note-Biello_%C3%A0_Sch%C3%A4llibaum-88\">80<\/a><\/sup><\/td><td>Tourn\u00e9e d&#8217;apr\u00e8s-saison<\/td><\/tr><tr><td>13<\/td><td><a href=\"https:\/\/fr.wikipedia.org\/wiki\/Marco_Sch%C3%A4llibaum\">Marco Sch\u00e4llibaum<\/a><\/td><td><a href=\"https:\/\/commons.wikimedia.org\/wiki\/File:Flag_of_Switzerland.svg?uselang=fr\"><\/a>&nbsp;<a href=\"https:\/\/fr.wikipedia.org\/wiki\/Suisse\">Suisse<\/a><\/td><td>6 janvier 2013<sup><a href=\"https:\/\/fr.wikipedia.org\/wiki\/Club_de_Foot_Montr%C3%A9al#cite_note-Biello_%C3%A0_Sch%C3%A4llibaum-88\">80<\/a><\/sup><\/td><td>18 d\u00e9cembre 2013<sup><a href=\"https:\/\/fr.wikipedia.org\/wiki\/Club_de_Foot_Montr%C3%A9al#cite_note-Sch%C3%A4llibaum_%C3%A0_Klopas-89\">81<\/a><\/sup><\/td><td><a href=\"https:\/\/fr.wikipedia.org\/wiki\/Major_League_Soccer\">MLS<\/a><\/td><td><strong>43<\/strong><\/td><td>17<\/td><td>9<\/td><td>17<\/td><td>39.53%<\/td><td><strong>1x&nbsp;<a href=\"https:\/\/fr.wikipedia.org\/wiki\/Championnat_canadien_de_soccer\">Championnat canadien<\/a>&nbsp;(<a href=\"https:\/\/fr.wikipedia.org\/wiki\/Championnat_canadien_de_soccer_2013\">2013<\/a>)<\/strong><\/td><\/tr><tr><td>14<\/td><td><a href=\"https:\/\/fr.wikipedia.org\/wiki\/Frank_Klopas\">Frank Klopas<\/a><\/td><td><a href=\"https:\/\/commons.wikimedia.org\/wiki\/File:Flag_of_the_United_States.svg?uselang=fr\"><\/a>&nbsp;<a href=\"https:\/\/fr.wikipedia.org\/wiki\/%C3%89tats-Unis\">\u00c9tats-Unis<\/a><\/td><td>18 d\u00e9cembre 2013<sup><a href=\"https:\/\/fr.wikipedia.org\/wiki\/Club_de_Foot_Montr%C3%A9al#cite_note-Sch%C3%A4llibaum_%C3%A0_Klopas-89\">81<\/a><\/sup><\/td><td>30 ao\u00fbt 2015<sup><a href=\"https:\/\/fr.wikipedia.org\/wiki\/Club_de_Foot_Montr%C3%A9al#cite_note-Klopas_%C3%A0_Biello-90\">82<\/a><\/sup><\/td><td><a href=\"https:\/\/fr.wikipedia.org\/wiki\/Major_League_Soccer\">MLS<\/a><\/td><td><strong>75<\/strong><\/td><td>21<\/td><td>20<\/td><td>34<\/td><td>28%<\/td><td><strong>1x&nbsp;<a href=\"https:\/\/fr.wikipedia.org\/wiki\/Championnat_canadien_de_soccer\">Championnat canadien<\/a>&nbsp;(<a href=\"https:\/\/fr.wikipedia.org\/wiki\/Championnat_canadien_de_soccer_2014\">2014<\/a>)<\/strong><\/td><\/tr><tr><td>15<\/td><td><a href=\"https:\/\/fr.wikipedia.org\/wiki\/Mauro_Biello\">Mauro Biello<\/a><\/td><td><a href=\"https:\/\/commons.wikimedia.org\/wiki\/File:Flag_of_Canada.svg?uselang=fr\"><\/a>&nbsp;<a href=\"https:\/\/fr.wikipedia.org\/wiki\/Canada\">Canada<\/a><\/td><td>30 ao\u00fbt 2015<sup><a href=\"https:\/\/fr.wikipedia.org\/wiki\/Club_de_Foot_Montr%C3%A9al#cite_note-Klopas_%C3%A0_Biello-90\">82<\/a><\/sup><sup>,<\/sup><sup><a href=\"https:\/\/fr.wikipedia.org\/wiki\/Club_de_Foot_Montr%C3%A9al#cite_note-91\">83<\/a><\/sup><\/td><td>23 octobre 2017<sup><a href=\"https:\/\/fr.wikipedia.org\/wiki\/Club_de_Foot_Montr%C3%A9al#cite_note-92\">84<\/a><\/sup><\/td><td><a href=\"https:\/\/fr.wikipedia.org\/wiki\/Major_League_Soccer\">MLS<\/a><\/td><td><strong>93<\/strong><\/td><td>36<\/td><td>22<\/td><td>35<\/td><td>38.71%<\/td><td><\/td><\/tr><tr><td>16<\/td><td><a href=\"https:\/\/fr.wikipedia.org\/wiki\/R%C3%A9mi_Garde\">R\u00e9mi Garde<\/a><\/td><td><a href=\"https:\/\/commons.wikimedia.org\/wiki\/File:Flag_of_France.svg?uselang=fr\"><\/a>&nbsp;<a href=\"https:\/\/fr.wikipedia.org\/wiki\/France\">France<\/a><\/td><td>8 novembre 2017<sup><a href=\"https:\/\/fr.wikipedia.org\/wiki\/Club_de_Foot_Montr%C3%A9al#cite_note-93\">85<\/a><\/sup><\/td><td>21 ao\u00fbt 2019<sup><a href=\"https:\/\/fr.wikipedia.org\/wiki\/Club_de_Foot_Montr%C3%A9al#cite_note-Garde_%C3%A0_Cabrera-94\">86<\/a><\/sup><\/td><td><a href=\"https:\/\/fr.wikipedia.org\/wiki\/Major_League_Soccer\">MLS<\/a><\/td><td><strong>67<\/strong><\/td><td>28<\/td><td>9<\/td><td>30<\/td><td>41.79%<\/td><td><\/td><\/tr><tr><td>17<\/td><td><a href=\"https:\/\/fr.wikipedia.org\/wiki\/Wilmer_Cabrera\">Wilmer Cabrera<\/a><\/td><td><a href=\"https:\/\/commons.wikimedia.org\/wiki\/File:Flag_of_Colombia.svg?uselang=fr\"><\/a>&nbsp;<a href=\"https:\/\/fr.wikipedia.org\/wiki\/Colombie\">Colombie<\/a><\/td><td>21 ao\u00fbt 2019<sup><a href=\"https:\/\/fr.wikipedia.org\/wiki\/Club_de_Foot_Montr%C3%A9al#cite_note-Garde_%C3%A0_Cabrera-94\">86<\/a><\/sup><\/td><td>24 octobre 2019<sup><a href=\"https:\/\/fr.wikipedia.org\/wiki\/Club_de_Foot_Montr%C3%A9al#cite_note-95\">87<\/a><\/sup><\/td><td><a href=\"https:\/\/fr.wikipedia.org\/wiki\/Major_League_Soccer\">MLS<\/a><\/td><td><strong>9<\/strong><\/td><td>3<\/td><td>1<\/td><td>5<\/td><td>33.33%<\/td><td><strong>1x&nbsp;<a href=\"https:\/\/fr.wikipedia.org\/wiki\/Championnat_canadien_de_soccer\">Championnat canadien<\/a>&nbsp;(<a href=\"https:\/\/fr.wikipedia.org\/wiki\/Championnat_canadien_de_soccer_2019\">2019<\/a>)<\/strong><\/td><\/tr><tr><td>18<\/td><td><a href=\"https:\/\/fr.wikipedia.org\/wiki\/Thierry_Henry\">Thierry Henry<\/a><\/td><td><a href=\"https:\/\/commons.wikimedia.org\/wiki\/File:Flag_of_France.svg?uselang=fr\"><\/a>&nbsp;<a href=\"https:\/\/fr.wikipedia.org\/wiki\/France\">France<\/a><\/td><td>14 novembre 2019<sup><a href=\"https:\/\/fr.wikipedia.org\/wiki\/Club_de_Foot_Montr%C3%A9al#cite_note-96\">88<\/a><\/sup><\/td><td>25 f\u00e9vrier 2021<sup><a href=\"https:\/\/fr.wikipedia.org\/wiki\/Club_de_Foot_Montr%C3%A9al#cite_note-Henry_quitte-49\">49<\/a><\/sup><\/td><td><a href=\"https:\/\/fr.wikipedia.org\/wiki\/Major_League_Soccer\">MLS<\/a><\/td><td><strong>28<\/strong><\/td><td>8<\/td><td>4<\/td><td>16<\/td><td>28.57%<\/td><td><\/td><\/tr><tr><td>19<\/td><td><a href=\"https:\/\/fr.wikipedia.org\/wiki\/Wilfried_Nancy\">Wilfried Nancy<\/a><\/td><td><a href=\"https:\/\/commons.wikimedia.org\/wiki\/File:Flag_of_France.svg?uselang=fr\"><\/a>&nbsp;<a href=\"https:\/\/fr.wikipedia.org\/wiki\/France\">France<\/a><\/td><td>8 mars 2021<sup><a href=\"https:\/\/fr.wikipedia.org\/wiki\/Club_de_Foot_Montr%C3%A9al#cite_note-Nancy_arrive-50\">50<\/a><\/sup><\/td><td><em>En poste<\/em><\/td><td><a href=\"https:\/\/fr.wikipedia.org\/wiki\/Major_League_Soccer\">MLS<\/a><\/td><td><strong>0<\/strong><\/td><td>0<\/td><td>0<\/td><td>0<\/td><td><\/td><td><\/td><\/tr><\/tbody><\/table><\/figure>\n\n\n\n<h3 class=\"wp-block-heading\">Joueurs embl\u00e9matiques[<a href=\"https:\/\/fr.wikipedia.org\/w\/index.php?title=Club_de_Foot_Montr%C3%A9al&amp;veaction=edit&amp;section=32\">modifier<\/a>&nbsp;|&nbsp;<a href=\"https:\/\/fr.wikipedia.org\/w\/index.php?title=Club_de_Foot_Montr%C3%A9al&amp;action=edit&amp;section=32\">modifier le code<\/a>]<\/h3>\n\n\n\n<p class=\"wp-block-paragraph\">Article d\u00e9taill\u00e9&nbsp;:&nbsp;<a href=\"https:\/\/fr.wikipedia.org\/w\/index.php?title=Liste_des_joueurs_du_CF_Montr%C3%A9al&amp;action=edit&amp;redlink=1\">Liste des joueurs du CF Montr\u00e9al<\/a>.<\/p>\n\n\n\n<figure class=\"wp-block-table\"><table><tbody><tr><td><\/td><\/tr><tr><td>RangNomP\u00e9riode1<a href=\"https:\/\/commons.wikimedia.org\/wiki\/File:Flag_of_Canada.svg?uselang=fr\"><\/a>&nbsp;Marco Rizi19932<a href=\"https:\/\/commons.wikimedia.org\/wiki\/File:Flag_of_France.svg?uselang=fr\"><\/a>&nbsp;<a href=\"https:\/\/fr.wikipedia.org\/wiki\/Patrice_Ferri\">Patrice Ferri<\/a>1993-19943<a href=\"https:\/\/commons.wikimedia.org\/wiki\/File:Flag_of_Canada.svg?uselang=fr\"><\/a>&nbsp;<a href=\"https:\/\/fr.wikipedia.org\/wiki\/Nick_De_Santis\">Nick De Santis<\/a>1995-20014<a href=\"https:\/\/commons.wikimedia.org\/wiki\/File:Flag_of_Canada.svg?uselang=fr\"><\/a>&nbsp;<a href=\"https:\/\/fr.wikipedia.org\/wiki\/Mauro_Biello\">Mauro Biello<\/a>2002-20095<a href=\"https:\/\/commons.wikimedia.org\/wiki\/File:Flag_of_Canada.svg?uselang=fr\"><\/a>&nbsp;<a href=\"https:\/\/fr.wikipedia.org\/wiki\/Nevio_Pizzolitto\">Nevio Pizzolitto<\/a>2010-20116<a href=\"https:\/\/commons.wikimedia.org\/wiki\/File:Flag_of_the_United_States.svg?uselang=fr\"><\/a>&nbsp;<a href=\"https:\/\/fr.wikipedia.org\/wiki\/Davy_Arnaud\">Davy Arnaud<\/a>2012-20137<a href=\"https:\/\/commons.wikimedia.org\/wiki\/File:Flag_of_Canada.svg?uselang=fr\"><\/a>&nbsp;<a href=\"https:\/\/fr.wikipedia.org\/wiki\/Patrice_Bernier\">Patrice Bernier<\/a>2014-20178<a href=\"https:\/\/commons.wikimedia.org\/wiki\/File:Flag_of_Argentina.svg?uselang=fr\"><\/a>&nbsp;<a href=\"https:\/\/fr.wikipedia.org\/wiki\/Ignacio_Piatti\">Ignacio Piatti<\/a>2018-20199<a href=\"https:\/\/commons.wikimedia.org\/wiki\/File:Flag_of_Finland.svg?uselang=fr\"><\/a>&nbsp;<a href=\"https:\/\/fr.wikipedia.org\/wiki\/Jukka_Raitala\">Jukka Raitala<\/a>202010<a href=\"https:\/\/commons.wikimedia.org\/wiki\/File:Flag_of_Canada.svg?uselang=fr\"><\/a>&nbsp;<a href=\"https:\/\/fr.wikipedia.org\/wiki\/Samuel_Piette\">Samuel Piette<\/a><br><a href=\"https:\/\/commons.wikimedia.org\/wiki\/File:Flag_of_Canada.svg?uselang=fr\"><\/a>&nbsp;<a href=\"https:\/\/fr.wikipedia.org\/wiki\/Kamal_Miller\">Kamal Miller<\/a><br><a href=\"https:\/\/commons.wikimedia.org\/wiki\/File:Flag_of_Kenya.svg?uselang=fr\"><\/a>&nbsp;<a href=\"https:\/\/fr.wikipedia.org\/wiki\/Victor_Wanyama\">Victor Wanyama<\/a>Depuis 2021<\/td><\/tr><\/tbody><\/table><\/figure>\n\n\n\n<h4 class=\"wp-block-heading\">Mur de la renomm\u00e9e[<a href=\"https:\/\/fr.wikipedia.org\/w\/index.php?title=Club_de_Foot_Montr%C3%A9al&amp;veaction=edit&amp;section=33\">modifier<\/a>&nbsp;|&nbsp;<a href=\"https:\/\/fr.wikipedia.org\/w\/index.php?title=Club_de_Foot_Montr%C3%A9al&amp;action=edit&amp;section=33\">modifier le code<\/a>]<\/h4>\n\n\n\n<p class=\"wp-block-paragraph\">Le mur de la renomm\u00e9e est instaur\u00e9 en 2018 pour le 25e anniversaire du club et permet au club d&#8217;honorer les joueurs marquant de son histoire qu&#8217;il choisit en fonction de certains crit\u00e8res<sup><a href=\"https:\/\/fr.wikipedia.org\/wiki\/Club_de_Foot_Montr%C3%A9al#cite_note-97\">89<\/a><\/sup><sup>,<\/sup><sup><a href=\"https:\/\/fr.wikipedia.org\/wiki\/Club_de_Foot_Montr%C3%A9al#cite_note-98\">90<\/a><\/sup>.<\/p>\n\n\n\n<ul class=\"wp-block-list\"><li><a href=\"https:\/\/commons.wikimedia.org\/wiki\/File:Flag_of_Canada.svg?uselang=fr\"><\/a>&nbsp;<a href=\"https:\/\/fr.wikipedia.org\/wiki\/Gabriel_Gervais\">Gabriel Gervais<\/a><\/li><li><a href=\"https:\/\/commons.wikimedia.org\/wiki\/File:Flag_of_Canada.svg?uselang=fr\"><\/a>&nbsp;<a href=\"https:\/\/fr.wikipedia.org\/wiki\/Nevio_Pizzolitto\">Nevio Pizzolitto<\/a><\/li><li><a href=\"https:\/\/commons.wikimedia.org\/wiki\/File:Flag_of_Canada.svg?uselang=fr\"><\/a>&nbsp;<a href=\"https:\/\/fr.wikipedia.org\/wiki\/Greg_Sutton\">Greg Sutton<\/a><\/li><\/ul>\n\n\n\n<h4 class=\"wp-block-heading\">Pr\u00e9-MLS (1993-2011)[<a href=\"https:\/\/fr.wikipedia.org\/w\/index.php?title=Club_de_Foot_Montr%C3%A9al&amp;veaction=edit&amp;section=34\">modifier<\/a>&nbsp;|&nbsp;<a href=\"https:\/\/fr.wikipedia.org\/w\/index.php?title=Club_de_Foot_Montr%C3%A9al&amp;action=edit&amp;section=34\">modifier le code<\/a>]<\/h4>\n\n\n\n<ul class=\"wp-block-list\"><li><a href=\"https:\/\/commons.wikimedia.org\/wiki\/File:Flag_of_Jamaica.svg?uselang=fr\"><\/a>&nbsp;<a href=\"https:\/\/fr.wikipedia.org\/wiki\/Lloyd_Barker\">Lloyd Barker<\/a><\/li><li><a href=\"https:\/\/commons.wikimedia.org\/wiki\/File:Flag_of_Canada.svg?uselang=fr\"><\/a>&nbsp;<a href=\"https:\/\/fr.wikipedia.org\/wiki\/Mauro_Biello\">Mauro Biello<\/a><\/li><li><a href=\"https:\/\/commons.wikimedia.org\/wiki\/File:Flag_of_France.svg?uselang=fr\"><\/a>&nbsp;<a href=\"https:\/\/fr.wikipedia.org\/wiki\/Philippe_Billy_(football)\">Philippe Billy<\/a><\/li><li><a href=\"https:\/\/commons.wikimedia.org\/wiki\/File:Flag_of_Canada.svg?uselang=fr\"><\/a>&nbsp;<a href=\"https:\/\/fr.wikipedia.org\/wiki\/Adam_Braz\">Adam Braz<\/a><\/li><li><a href=\"https:\/\/commons.wikimedia.org\/wiki\/File:Flag_of_Canada.svg?uselang=fr\"><\/a>&nbsp;<a href=\"https:\/\/fr.wikipedia.org\/wiki\/Nick_De_Santis\">Nick De Santis<\/a><\/li><li><a href=\"https:\/\/commons.wikimedia.org\/wiki\/File:Flag_of_Argentina.svg?uselang=fr\"><\/a>&nbsp;<a href=\"https:\/\/fr.wikipedia.org\/wiki\/Leonardo_Di_Lorenzo\">Leonardo Di Lorenzo<\/a><\/li><li><a href=\"https:\/\/commons.wikimedia.org\/wiki\/File:Flag_of_Canada.svg?uselang=fr\"><\/a>&nbsp;<a href=\"https:\/\/fr.wikipedia.org\/wiki\/Patrick_Diotte\">Patrick Diotte<\/a><\/li><li><a href=\"https:\/\/commons.wikimedia.org\/wiki\/File:Flag_of_France.svg?uselang=fr\"><\/a>&nbsp;<a href=\"https:\/\/fr.wikipedia.org\/wiki\/Patrice_Ferri\">Patrice Ferri<\/a><\/li><li><a href=\"https:\/\/commons.wikimedia.org\/wiki\/File:Flag_of_Canada.svg?uselang=fr\"><\/a>&nbsp;<a href=\"https:\/\/fr.wikipedia.org\/wiki\/Patrick_Leduc\">Patrick Leduc<\/a><\/li><li><a href=\"https:\/\/commons.wikimedia.org\/wiki\/File:Flag_of_Canada.svg?uselang=fr\"><\/a>&nbsp;<a href=\"https:\/\/fr.wikipedia.org\/wiki\/John_Limniatis\">John Limniatis<\/a><\/li><li><a href=\"https:\/\/commons.wikimedia.org\/wiki\/File:Flag_of_Canada.svg?uselang=fr\"><\/a>&nbsp;<a href=\"https:\/\/fr.wikipedia.org\/wiki\/Antonio_Ribeiro\">Antonio Ribeiro<\/a><\/li><li><a href=\"https:\/\/commons.wikimedia.org\/wiki\/File:Flag_of_Cuba.svg?uselang=fr\"><\/a>&nbsp;<a href=\"https:\/\/fr.wikipedia.org\/wiki\/Eduardo_Sebrango\">Eduardo Sebrango<\/a><\/li><li><a href=\"https:\/\/commons.wikimedia.org\/wiki\/File:Flag_of_the_United_States.svg?uselang=fr\"><\/a>&nbsp;<a href=\"https:\/\/fr.wikipedia.org\/wiki\/David_Testo\">David Testo<\/a><\/li><\/ul>\n\n\n\n<h4 class=\"wp-block-heading\">Dans la MLS (depuis 2012)[<a href=\"https:\/\/fr.wikipedia.org\/w\/index.php?title=Club_de_Foot_Montr%C3%A9al&amp;veaction=edit&amp;section=35\">modifier<\/a>&nbsp;|&nbsp;<a href=\"https:\/\/fr.wikipedia.org\/w\/index.php?title=Club_de_Foot_Montr%C3%A9al&amp;action=edit&amp;section=35\">modifier le code<\/a>]<\/h4>\n\n\n\n<ul class=\"wp-block-list\"><li><a href=\"https:\/\/commons.wikimedia.org\/wiki\/File:Flag_of_Canada.svg?uselang=fr\"><\/a>&nbsp;<a href=\"https:\/\/fr.wikipedia.org\/wiki\/Patrice_Bernier\">Patrice Bernier<\/a><\/li><li><a href=\"https:\/\/commons.wikimedia.org\/wiki\/File:Flag_of_the_United_States.svg?uselang=fr\"><\/a>&nbsp;<a href=\"https:\/\/fr.wikipedia.org\/wiki\/Evan_Bush\">Evan Bush<\/a><\/li><li><a href=\"https:\/\/commons.wikimedia.org\/wiki\/File:Flag_of_France.svg?uselang=fr\"><\/a>&nbsp;<a href=\"https:\/\/fr.wikipedia.org\/wiki\/Hassoun_Camara\">Hassoun Camara<\/a><\/li><li><a href=\"https:\/\/commons.wikimedia.org\/wiki\/File:Flag_of_Belgium_(civil).svg?uselang=fr\"><\/a>&nbsp;<a href=\"https:\/\/fr.wikipedia.org\/wiki\/Laurent_Ciman\">Laurent Ciman<\/a><\/li><li><a href=\"https:\/\/commons.wikimedia.org\/wiki\/File:Flag_of_Italy.svg?uselang=fr\"><\/a>&nbsp;<a href=\"https:\/\/fr.wikipedia.org\/wiki\/Marco_Di_Vaio\">Marco Di Vaio<\/a><\/li><li><a href=\"https:\/\/commons.wikimedia.org\/wiki\/File:Flag_of_Italy.svg?uselang=fr\"><\/a>&nbsp;<a href=\"https:\/\/fr.wikipedia.org\/wiki\/Marco_Donadel\">Marco Donadel<\/a><\/li><li><a href=\"https:\/\/commons.wikimedia.org\/wiki\/File:Flag_of_C%C3%B4te_d%27Ivoire.svg?uselang=fr\"><\/a>&nbsp;<a href=\"https:\/\/fr.wikipedia.org\/wiki\/Didier_Drogba\">Didier Drogba<\/a><\/li><li><a href=\"https:\/\/commons.wikimedia.org\/wiki\/File:Flag_of_France.svg?uselang=fr\"><\/a>&nbsp;<a href=\"https:\/\/fr.wikipedia.org\/wiki\/Rod_Fanni\">Rod Fanni<\/a><\/li><li><a href=\"https:\/\/commons.wikimedia.org\/wiki\/File:Flag_of_Brazil.svg?uselang=fr\"><\/a>&nbsp;<a href=\"https:\/\/fr.wikipedia.org\/wiki\/Felipe_Campanholi_Martins\">Felipe<\/a><\/li><li><a href=\"https:\/\/commons.wikimedia.org\/wiki\/File:Flag_of_Italy.svg?uselang=fr\"><\/a>&nbsp;<a href=\"https:\/\/fr.wikipedia.org\/wiki\/Matteo_Ferrari\">Matteo Ferrari<\/a><\/li><li><a href=\"https:\/\/commons.wikimedia.org\/wiki\/File:Flag_of_Spain.svg?uselang=fr\"><\/a>&nbsp;<a href=\"https:\/\/fr.wikipedia.org\/wiki\/Bojan_Krki%C4%87\">Bojan Krki\u0107<\/a><\/li><li><a href=\"https:\/\/commons.wikimedia.org\/wiki\/File:Flag_of_the_United_States.svg?uselang=fr\"><\/a>&nbsp;<a href=\"https:\/\/fr.wikipedia.org\/wiki\/Justin_Mapp\">Justin Mapp<\/a><\/li><li><a href=\"https:\/\/commons.wikimedia.org\/wiki\/File:Flag_of_Italy.svg?uselang=fr\"><\/a>&nbsp;<a href=\"https:\/\/fr.wikipedia.org\/wiki\/Alessandro_Nesta\">Alessandro Nesta<\/a><\/li><li><a href=\"https:\/\/commons.wikimedia.org\/wiki\/File:Flag_of_Argentina.svg?uselang=fr\"><\/a>&nbsp;<a href=\"https:\/\/fr.wikipedia.org\/wiki\/Ignacio_Piatti\">Ignacio Piatti<\/a><\/li><li><a href=\"https:\/\/commons.wikimedia.org\/wiki\/File:Flag_of_Canada.svg?uselang=fr\"><\/a>&nbsp;<a href=\"https:\/\/fr.wikipedia.org\/wiki\/Samuel_Piette\">Samuel Piette<\/a><\/li><li><a href=\"https:\/\/commons.wikimedia.org\/wiki\/File:Flag_of_Argentina.svg?uselang=fr\"><\/a>&nbsp;<a href=\"https:\/\/fr.wikipedia.org\/wiki\/Andr%C3%A9s_Romero_(football)\">Andr\u00e9s Romero<\/a><\/li><li><a href=\"https:\/\/commons.wikimedia.org\/wiki\/File:Flag_of_France.svg?uselang=fr\"><\/a>&nbsp;<a href=\"https:\/\/fr.wikipedia.org\/wiki\/Bacary_Sagna\">Bacary Sagna<\/a><\/li><li><a href=\"https:\/\/commons.wikimedia.org\/wiki\/File:Flag_of_Kenya.svg?uselang=fr\"><\/a>&nbsp;<a href=\"https:\/\/fr.wikipedia.org\/wiki\/Victor_Wanyama\">Victor Wanyama<\/a><\/li><li><a href=\"https:\/\/commons.wikimedia.org\/wiki\/File:Flag_of_Algeria.svg?uselang=fr\"><\/a>&nbsp;<a href=\"https:\/\/fr.wikipedia.org\/wiki\/Saphir_Ta%C3%AFder\">Saphir Ta\u00efder<\/a><\/li><\/ul>\n\n\n\n<h4 class=\"wp-block-heading\">Joueurs d\u00e9sign\u00e9s[<a href=\"https:\/\/fr.wikipedia.org\/w\/index.php?title=Club_de_Foot_Montr%C3%A9al&amp;veaction=edit&amp;section=36\">modifier<\/a>&nbsp;|&nbsp;<a href=\"https:\/\/fr.wikipedia.org\/w\/index.php?title=Club_de_Foot_Montr%C3%A9al&amp;action=edit&amp;section=36\">modifier le code<\/a>]<\/h4>\n\n\n\n<figure class=\"wp-block-table\"><table><tbody><tr><td>RangNomP\u00e9riode1<a href=\"https:\/\/commons.wikimedia.org\/wiki\/File:Flag_of_Italy.svg?uselang=fr\"><\/a>&nbsp;<a href=\"https:\/\/fr.wikipedia.org\/wiki\/Marco_Di_Vaio\">Marco Di Vaio<\/a>2012-20142<a href=\"https:\/\/commons.wikimedia.org\/wiki\/File:Flag_of_Argentina.svg?uselang=fr\"><\/a>&nbsp;<a href=\"https:\/\/fr.wikipedia.org\/wiki\/Hern%C3%A1n_Bernardello\">Hern\u00e1n Bernardello<\/a>2013-20143<a href=\"https:\/\/commons.wikimedia.org\/wiki\/File:Flag_of_Argentina.svg?uselang=fr\"><\/a>&nbsp;<a href=\"https:\/\/fr.wikipedia.org\/wiki\/Ignacio_Piatti\">Ignacio Piatti<\/a>2014-20194<a href=\"https:\/\/commons.wikimedia.org\/wiki\/File:Flag_of_C%C3%B4te_d%27Ivoire.svg?uselang=fr\"><\/a>&nbsp;<a href=\"https:\/\/fr.wikipedia.org\/wiki\/Didier_Drogba\">Didier Drogba<\/a>2015-20165<a href=\"https:\/\/commons.wikimedia.org\/wiki\/File:Flag_of_Switzerland.svg?uselang=fr\"><\/a>&nbsp;<a href=\"https:\/\/fr.wikipedia.org\/wiki\/Blerim_D%C5%BEemaili\">Blerim D\u017eemaili<\/a>20176<a href=\"https:\/\/commons.wikimedia.org\/wiki\/File:Flag_of_Algeria.svg?uselang=fr\"><\/a>&nbsp;<a href=\"https:\/\/fr.wikipedia.org\/wiki\/Saphir_Ta%C3%AFder\">Saphir Ta\u00efder<\/a>2018-20207<a href=\"https:\/\/commons.wikimedia.org\/wiki\/File:Flag_of_Kenya.svg?uselang=fr\"><\/a>&nbsp;<a href=\"https:\/\/fr.wikipedia.org\/wiki\/Victor_Wanyama\">Victor Wanyama<\/a>2020-<\/td><\/tr><\/tbody><\/table><\/figure>\n\n\n\n<p class=\"wp-block-paragraph\">La&nbsp;<a href=\"https:\/\/fr.wikipedia.org\/wiki\/R%C3%A8gle_du_joueur_d%C3%A9sign%C3%A9\">r\u00e8gle du joueur d\u00e9sign\u00e9<\/a>&nbsp;est une r\u00e8gle d&#8217;exception au plafond salarial de la Major League Soccer nord-am\u00e9ricaine.<\/p>\n\n\n\n<h3 class=\"wp-block-heading\">Effectif et encadrement[<a href=\"https:\/\/fr.wikipedia.org\/w\/index.php?title=Club_de_Foot_Montr%C3%A9al&amp;veaction=edit&amp;section=37\">modifier<\/a>&nbsp;|&nbsp;<a href=\"https:\/\/fr.wikipedia.org\/w\/index.php?title=Club_de_Foot_Montr%C3%A9al&amp;action=edit&amp;section=37\">modifier le code<\/a>]<\/h3>\n\n\n\n<figure class=\"wp-block-table\"><table><tbody><tr><th scope=\"col\">Joueurs<\/th><td><\/td><td><\/td><th scope=\"col\">Encadrement technique<\/th><\/tr><tr><td>N<sup>o<\/sup>&nbsp;P.Nat.<sup><a href=\"https:\/\/fr.wikipedia.org\/wiki\/Club_de_Foot_Montr%C3%A9al#cite_note-Feff_nat_joueur-99\">Note 9<\/a><\/sup>NomDate de naissanceS\u00e9lection<sup><a href=\"https:\/\/fr.wikipedia.org\/wiki\/Club_de_Foot_Montr%C3%A9al#cite_note-Feff_sel-100\">Note 10<\/a><\/sup>Club pr\u00e9c\u00e9dent1G<a href=\"https:\/\/commons.wikimedia.org\/wiki\/File:Flag_of_Canada.svg?uselang=fr\"><\/a><img loading=\"lazy\" decoding=\"async\" alt=\"fl\u00e8che vers la droite\" src=\"https:\/\/upload.wikimedia.org\/wikipedia\/commons\/thumb\/8\/83\/Go-next.svg\/11px-Go-next.svg.png\" width=\"11\" height=\"11\" srcset=\"\/\/upload.wikimedia.org\/wikipedia\/commons\/thumb\/8\/83\/Go-next.svg\/17px-Go-next.svg.png 1.5x, \/\/upload.wikimedia.org\/wikipedia\/commons\/thumb\/8\/83\/Go-next.svg\/22px-Go-next.svg.png 2x\">&nbsp;Sebastian Breza15\/03\/1998&nbsp;(23 ans)\u2013<a href=\"https:\/\/fr.wikipedia.org\/wiki\/Bologna_Football_Club_1909\">Bologne FC<\/a>40G<a href=\"https:\/\/commons.wikimedia.org\/wiki\/File:Flag_of_Canada.svg?uselang=fr\"><\/a>Jonathan Sirois&nbsp;<strong>(<a href=\"https:\/\/fr.wikipedia.org\/wiki\/Homegrown_Player\">HGP<\/a>)<\/strong>27\/06\/2001&nbsp;(20 ans)\u2013\u2192&nbsp;<a href=\"https:\/\/fr.wikipedia.org\/wiki\/Valour_Football_Club\">Valour FC<\/a>41G<a href=\"https:\/\/commons.wikimedia.org\/wiki\/File:Flag_of_Canada.svg?uselang=fr\"><\/a>James Pantemis&nbsp;<strong>(<a href=\"https:\/\/fr.wikipedia.org\/wiki\/Homegrown_Player\">HGP<\/a>)<\/strong>21\/02\/1997&nbsp;(24 ans)\u2013\u2192&nbsp;<a href=\"https:\/\/fr.wikipedia.org\/wiki\/Valour_Football_Club\">Valour FC<\/a>3D<a href=\"https:\/\/commons.wikimedia.org\/wiki\/File:Flag_of_Canada.svg?uselang=fr\"><\/a><a href=\"https:\/\/fr.wikipedia.org\/wiki\/Kamal_Miller\">Kamal Miller<\/a>16\/05\/1997&nbsp;(24 ans)<a href=\"https:\/\/fr.wikipedia.org\/wiki\/%C3%89quipe_du_Canada_de_soccer\">Canada<\/a><a href=\"https:\/\/fr.wikipedia.org\/wiki\/Orlando_City_Soccer_Club\">Orlando City SC<\/a>4D<a href=\"https:\/\/commons.wikimedia.org\/wiki\/File:Flag_of_France.svg?uselang=fr\"><\/a><a href=\"https:\/\/fr.wikipedia.org\/wiki\/Rudy_Camacho\">Rudy Camacho<\/a>05\/03\/1991&nbsp;(30 ans)\u2013<a href=\"https:\/\/fr.wikipedia.org\/wiki\/Waasland-Beveren\">Waasland-Beveren<\/a>12D<a href=\"https:\/\/commons.wikimedia.org\/wiki\/File:Flag_of_Uganda.svg?uselang=fr\"><\/a><a href=\"https:\/\/fr.wikipedia.org\/wiki\/Mustafa_Kizza\">Mustafa Kizza<\/a>03\/10\/1999&nbsp;(21 ans)<a href=\"https:\/\/fr.wikipedia.org\/wiki\/%C3%89quipe_d%27Ouganda_de_football\">Ouganda<\/a><a href=\"https:\/\/fr.wikipedia.org\/wiki\/Kampala_Capital_City_Authority_Football_Club\">KCCA FC<\/a>15D<a href=\"https:\/\/commons.wikimedia.org\/wiki\/File:Flag_of_Canada.svg?uselang=fr\"><\/a><a href=\"https:\/\/fr.wikipedia.org\/wiki\/Zachary_Brault-Guillard\">Zachary Brault-Guillard<\/a>30\/12\/1998&nbsp;(22 ans)<a href=\"https:\/\/fr.wikipedia.org\/wiki\/%C3%89quipe_du_Canada_de_soccer\">Canada<\/a><a href=\"https:\/\/fr.wikipedia.org\/wiki\/Olympique_lyonnais\">Olympique lyonnais<\/a>16D<a href=\"https:\/\/commons.wikimedia.org\/wiki\/File:Flag_of_Canada.svg?uselang=fr\"><\/a>Joel Waterman24\/01\/1996&nbsp;(25 ans)\u2013<a href=\"https:\/\/fr.wikipedia.org\/wiki\/Cavalry_Football_Club\">Cavalry FC<\/a>19D<a href=\"https:\/\/commons.wikimedia.org\/wiki\/File:Flag_of_Canada.svg?uselang=fr\"><\/a><a href=\"https:\/\/fr.wikipedia.org\/wiki\/Zorhan_Bassong\">Zorhan Bassong<\/a>07\/05\/1999&nbsp;(22 ans)<a href=\"https:\/\/fr.wikipedia.org\/wiki\/%C3%89quipe_du_Canada_de_soccer\">Canada<\/a><a href=\"https:\/\/fr.wikipedia.org\/wiki\/Cercle_Bruges_KSV\">Cercle Bruges<\/a>24D<a href=\"https:\/\/commons.wikimedia.org\/wiki\/File:Flag_of_Slovenia.svg?uselang=fr\"><\/a><a href=\"https:\/\/fr.wikipedia.org\/wiki\/Alja%C5%BE_Struna\">Alja\u017e Struna<\/a>04\/08\/1990&nbsp;(31 ans)<a href=\"https:\/\/fr.wikipedia.org\/wiki\/%C3%89quipe_de_Slov%C3%A9nie_de_football\">Slov\u00e9nie<\/a><a href=\"https:\/\/fr.wikipedia.org\/wiki\/Dynamo_de_Houston\">Houston Dynamo<\/a>26D<a href=\"https:\/\/commons.wikimedia.org\/wiki\/File:Flag_of_Iceland.svg?uselang=fr\"><\/a>R\u00f3bert Thorkelsson03\/04\/2002&nbsp;(19 ans)\u2013<a href=\"https:\/\/fr.wikipedia.org\/wiki\/Brei%C3%B0ablik_K%C3%B3pavogur\">Brei\u00f0ablik<\/a>2M<a href=\"https:\/\/commons.wikimedia.org\/wiki\/File:Flag_of_Kenya.svg?uselang=fr\"><\/a><a href=\"https:\/\/fr.wikipedia.org\/wiki\/Victor_Wanyama\">Victor Wanyama<\/a>&nbsp;<strong>(<a href=\"https:\/\/fr.wikipedia.org\/wiki\/R%C3%A8gle_du_joueur_d%C3%A9sign%C3%A9\">JD<\/a>)<\/strong>25\/06\/1991&nbsp;(30 ans)<a href=\"https:\/\/fr.wikipedia.org\/wiki\/%C3%89quipe_du_Kenya_de_football\">Kenya<\/a><a href=\"https:\/\/fr.wikipedia.org\/wiki\/Tottenham_Hotspur_Football_Club\">Tottenham Hotspur<\/a>6M<a href=\"https:\/\/commons.wikimedia.org\/wiki\/File:Flag_of_Canada.svg?uselang=fr\"><\/a><a href=\"https:\/\/fr.wikipedia.org\/wiki\/Samuel_Piette\">Samuel Piette<\/a>12\/11\/1994&nbsp;(26 ans)<a href=\"https:\/\/fr.wikipedia.org\/wiki\/%C3%89quipe_du_Canada_de_soccer\">Canada<\/a><a href=\"https:\/\/fr.wikipedia.org\/wiki\/Club_Deportivo_Izarra\">CD Izarra<\/a>7M<a href=\"https:\/\/commons.wikimedia.org\/wiki\/File:Flag_of_Egypt.svg?uselang=fr\"><\/a><a href=\"https:\/\/fr.wikipedia.org\/wiki\/Ahmed_Hamdi\">Ahmed Hamdi<\/a>10\/02\/1998&nbsp;(23 ans)\u2013<a href=\"https:\/\/fr.wikipedia.org\/wiki\/El_Gouna_FC\">El Gouna FC<\/a>8M<a href=\"https:\/\/commons.wikimedia.org\/wiki\/File:Flag_of_the_United_States.svg?uselang=fr\"><\/a><a href=\"https:\/\/fr.wikipedia.org\/wiki\/Djordje_Mihailovic\">Djordje Mihailovic<\/a>10\/11\/1998&nbsp;(22 ans)<a href=\"https:\/\/fr.wikipedia.org\/wiki\/%C3%89quipe_des_%C3%89tats-Unis_de_soccer\">\u00c9tats-Unis<\/a><a href=\"https:\/\/fr.wikipedia.org\/wiki\/Fire_de_Chicago\">Chicago Fire<\/a>17M<a href=\"https:\/\/commons.wikimedia.org\/wiki\/File:Flag_of_Canada.svg?uselang=fr\"><\/a><a href=\"https:\/\/fr.wikipedia.org\/wiki\/Ballou_Tabla\">Ballou Tabla<\/a>31\/03\/1999&nbsp;(22 ans)<a href=\"https:\/\/fr.wikipedia.org\/wiki\/%C3%89quipe_du_Canada_de_soccer\">Canada<\/a><a href=\"https:\/\/fr.wikipedia.org\/wiki\/FC_Barcelone_B\">FC Barcelone B<\/a>18M<a href=\"https:\/\/commons.wikimedia.org\/wiki\/File:Flag_of_Argentina.svg?uselang=fr\"><\/a><img loading=\"lazy\" decoding=\"async\" alt=\"fl\u00e8che vers la droite\" src=\"https:\/\/upload.wikimedia.org\/wikipedia\/commons\/thumb\/8\/83\/Go-next.svg\/11px-Go-next.svg.png\" width=\"11\" height=\"11\" srcset=\"\/\/upload.wikimedia.org\/wikipedia\/commons\/thumb\/8\/83\/Go-next.svg\/17px-Go-next.svg.png 1.5x, \/\/upload.wikimedia.org\/wikipedia\/commons\/thumb\/8\/83\/Go-next.svg\/22px-Go-next.svg.png 2x\">&nbsp;<a href=\"https:\/\/fr.wikipedia.org\/wiki\/Joaqu%C3%ADn_Torres\">Joaqu\u00edn Torres<\/a>28\/01\/1997&nbsp;(24 ans)\u2013<a href=\"https:\/\/fr.wikipedia.org\/wiki\/Newell%27s_Old_Boys\">Newell&#8217;s Old Boys<\/a>21M<a href=\"https:\/\/commons.wikimedia.org\/wiki\/File:Flag_of_Finland.svg?uselang=fr\"><\/a><img loading=\"lazy\" decoding=\"async\" alt=\"fl\u00e8che vers la droite\" src=\"https:\/\/upload.wikimedia.org\/wikipedia\/commons\/thumb\/8\/83\/Go-next.svg\/11px-Go-next.svg.png\" width=\"11\" height=\"11\" srcset=\"\/\/upload.wikimedia.org\/wikipedia\/commons\/thumb\/8\/83\/Go-next.svg\/17px-Go-next.svg.png 1.5x, \/\/upload.wikimedia.org\/wikipedia\/commons\/thumb\/8\/83\/Go-next.svg\/22px-Go-next.svg.png 2x\">&nbsp;<a href=\"https:\/\/fr.wikipedia.org\/wiki\/Lassi_Lappalainen\">Lassi Lappalainen<\/a>24\/08\/1998&nbsp;(23 ans)<a href=\"https:\/\/fr.wikipedia.org\/wiki\/%C3%89quipe_de_Finlande_de_football\">Finlande<\/a><a href=\"https:\/\/fr.wikipedia.org\/wiki\/Bologna_Football_Club_1909\">Bologne FC<\/a>25M<a href=\"https:\/\/commons.wikimedia.org\/wiki\/File:Flag_of_Argentina.svg?uselang=fr\"><\/a>Emanuel Maciel28\/03\/1997&nbsp;(24 ans)\u2013<a href=\"https:\/\/fr.wikipedia.org\/wiki\/Club_Atl%C3%A9tico_San_Lorenzo_de_Almagro\">San Lorenzo<\/a>27M<a href=\"https:\/\/commons.wikimedia.org\/wiki\/File:Flag_of_Canada.svg?uselang=fr\"><\/a>Cl\u00e9ment Bayiha&nbsp;<strong>(<a href=\"https:\/\/fr.wikipedia.org\/wiki\/Homegrown_Player\">HGP<\/a>)<\/strong>08\/03\/1999&nbsp;(22 ans)\u2013<em>Form\u00e9 au club<\/em>29M<a href=\"https:\/\/commons.wikimedia.org\/wiki\/File:Flag_of_Canada.svg?uselang=fr\"><\/a>Mathieu Choini\u00e8re&nbsp;<strong>(<a href=\"https:\/\/fr.wikipedia.org\/wiki\/Homegrown_Player\">HGP<\/a>)<\/strong>07\/02\/1999&nbsp;(22 ans)\u2013<em>Form\u00e9 au club<\/em>30M<a href=\"https:\/\/commons.wikimedia.org\/wiki\/File:Flag_of_Honduras.svg?uselang=fr\"><\/a><a href=\"https:\/\/fr.wikipedia.org\/wiki\/Romell_Quioto\">Romell Quioto<\/a>09\/08\/1991&nbsp;(30 ans)<a href=\"https:\/\/fr.wikipedia.org\/wiki\/%C3%89quipe_du_Honduras_de_football\">Honduras<\/a><a href=\"https:\/\/fr.wikipedia.org\/wiki\/Dynamo_de_Houston\">Houston Dynamo<\/a>35M<a href=\"https:\/\/commons.wikimedia.org\/wiki\/File:Flag_of_Canada.svg?uselang=fr\"><\/a>Jean-Aniel Assi&nbsp;<strong>(<a href=\"https:\/\/fr.wikipedia.org\/wiki\/Homegrown_Player\">HGP<\/a>)<\/strong>12\/08\/2004&nbsp;(17 ans)\u2013<em>Form\u00e9 au club<\/em>36M<a href=\"https:\/\/commons.wikimedia.org\/wiki\/File:Flag_of_Canada.svg?uselang=fr\"><\/a>Nathan-Dylan Saliba&nbsp;<strong>(<a href=\"https:\/\/fr.wikipedia.org\/wiki\/Homegrown_Player\">HGP<\/a>)<\/strong>07\/02\/2004&nbsp;(17 ans)\u2013<em>Form\u00e9 au club<\/em>38M<a href=\"https:\/\/commons.wikimedia.org\/wiki\/File:Flag_of_Canada.svg?uselang=fr\"><\/a>Rida Zouhir&nbsp;<strong>(<a href=\"https:\/\/fr.wikipedia.org\/wiki\/Homegrown_Player\">HGP<\/a>)<\/strong>23\/11\/2003&nbsp;(17 ans)\u2013<em>Form\u00e9 au club<\/em><s><\/s>M<a href=\"https:\/\/commons.wikimedia.org\/wiki\/File:Flag_of_the_United_States.svg?uselang=fr\"><\/a>Matko Miljevic09\/05\/2001&nbsp;(20 ans)<a href=\"https:\/\/fr.wikipedia.org\/wiki\/%C3%89quipe_des_%C3%89tats-Unis_des_moins_de_20_ans_de_soccer\">\u00c9tats-Unis -20 ans<\/a><a href=\"https:\/\/fr.wikipedia.org\/wiki\/Asociaci%C3%B3n_Atl%C3%A9tica_Argentinos_Juniors\">Argentinos Juniors<\/a>9A<a href=\"https:\/\/commons.wikimedia.org\/wiki\/File:Flag_of_Norway.svg?uselang=fr\"><\/a><a href=\"https:\/\/fr.wikipedia.org\/wiki\/Bj%C3%B8rn_Johnsen\">Bj\u00f8rn Johnsen<\/a>06\/11\/1991&nbsp;(29 ans)<a href=\"https:\/\/fr.wikipedia.org\/wiki\/%C3%89quipe_de_Norv%C3%A8ge_de_football\">Norv\u00e8ge<\/a><a href=\"https:\/\/fr.wikipedia.org\/wiki\/Ulsan_Hyundai_Football_Club\">Ulsan Hyundai<\/a>13A<a href=\"https:\/\/commons.wikimedia.org\/wiki\/File:Flag_of_the_United_States.svg?uselang=fr\"><\/a><a href=\"https:\/\/fr.wikipedia.org\/wiki\/Mason_Toye\">Mason Toye<\/a>&nbsp;<strong>(<a href=\"https:\/\/fr.wikipedia.org\/wiki\/G%C3%A9n%C3%A9ration_Adidas\">GA<\/a>)<\/strong>16\/10\/1998&nbsp;(22 ans)\u2013<a href=\"https:\/\/fr.wikipedia.org\/wiki\/Minnesota_United_Football_Club\">Minnesota United<\/a>22A<a href=\"https:\/\/commons.wikimedia.org\/wiki\/File:Flag_of_Nigeria.svg?uselang=fr\"><\/a>Sunusi Ibrahim01\/10\/2002&nbsp;(18 ans)\u201336 Lion FC<\/td><td><\/td><td><\/td><td>Entra\u00eeneur(s)<a href=\"https:\/\/commons.wikimedia.org\/wiki\/File:Flag_of_France.svg?uselang=fr\"><\/a>&nbsp;<a href=\"https:\/\/fr.wikipedia.org\/wiki\/Wilfried_Nancy\">Wilfried Nancy<\/a>Entra\u00eeneur(s) adjoint(s)<a href=\"https:\/\/commons.wikimedia.org\/wiki\/File:Flag_of_Belgium_(civil).svg?uselang=fr\"><\/a>&nbsp;<a href=\"https:\/\/fr.wikipedia.org\/wiki\/Laurent_Ciman\">Laurent Ciman<\/a><a href=\"https:\/\/commons.wikimedia.org\/wiki\/File:Flag_of_Ireland.svg?uselang=fr\"><\/a>&nbsp;<a href=\"https:\/\/fr.wikipedia.org\/wiki\/Kwame_Ampadu\">Kwame Ampadu<\/a><a href=\"https:\/\/commons.wikimedia.org\/wiki\/File:Flag_of_Canada.svg?uselang=fr\"><\/a>&nbsp;Jason DiTullioPr\u00e9parateur(s) physique(s)<a href=\"https:\/\/commons.wikimedia.org\/wiki\/File:Flag_of_Canada.svg?uselang=fr\"><\/a>&nbsp;Jules GueguenEntra\u00eeneur(s) des gardiens<a href=\"https:\/\/commons.wikimedia.org\/wiki\/File:Flag_of_France.svg?uselang=fr\"><\/a>&nbsp;<a href=\"https:\/\/fr.wikipedia.org\/wiki\/Romuald_Peiser\">Romuald Peiser<\/a><br>L\u00e9gende<strong>P.<\/strong>&nbsp;: Poste<strong>Nat.<\/strong>&nbsp;: Nationalit\u00e9<img loading=\"lazy\" decoding=\"async\" alt=\"Capitaine\" src=\"https:\/\/upload.wikimedia.org\/wikipedia\/commons\/thumb\/7\/76\/Captain_sports.svg\/12px-Captain_sports.svg.png\" width=\"12\" height=\"12\" srcset=\"\/\/upload.wikimedia.org\/wikipedia\/commons\/thumb\/7\/76\/Captain_sports.svg\/18px-Captain_sports.svg.png 1.5x, \/\/upload.wikimedia.org\/wikipedia\/commons\/thumb\/7\/76\/Captain_sports.svg\/24px-Captain_sports.svg.png 2x\">&nbsp;:&nbsp;<a href=\"https:\/\/fr.wikipedia.org\/wiki\/Capitaine_(sport)\">Capitaine<\/a><img loading=\"lazy\" decoding=\"async\" alt=\"Joueur en pr\u00eat entrant\" src=\"https:\/\/upload.wikimedia.org\/wikipedia\/commons\/thumb\/8\/83\/Go-next.svg\/12px-Go-next.svg.png\" width=\"12\" height=\"12\" srcset=\"\/\/upload.wikimedia.org\/wikipedia\/commons\/thumb\/8\/83\/Go-next.svg\/18px-Go-next.svg.png 1.5x, \/\/upload.wikimedia.org\/wikipedia\/commons\/thumb\/8\/83\/Go-next.svg\/24px-Go-next.svg.png 2x\">&nbsp;: Joueur pr\u00eat\u00e9 par un autre club<strong>G<\/strong>&nbsp;:&nbsp;<a href=\"https:\/\/fr.wikipedia.org\/wiki\/Gardien_de_but_(football)\">Gardien de but<\/a><strong>D<\/strong>&nbsp;:&nbsp;<a href=\"https:\/\/fr.wikipedia.org\/wiki\/D%C3%A9fenseur_(football)\">D\u00e9fenseur<\/a><strong>M<\/strong>&nbsp;:&nbsp;<a href=\"https:\/\/fr.wikipedia.org\/wiki\/Milieu_de_terrain\">Milieu de terrain<\/a><strong>A<\/strong>&nbsp;:&nbsp;<a href=\"https:\/\/fr.wikipedia.org\/wiki\/Attaquant_(football)\">Attaquant<\/a><a href=\"https:\/\/fr.wikipedia.org\/wiki\/Mod%C3%A8le:Feff_joueur\"><\/a><\/td><\/tr><\/tbody><\/table><\/figure>\n\n\n\n<p class=\"wp-block-paragraph\">Le tableau suivant liste les joueurs en pr\u00eat pour la saison 2021.<\/p>\n\n\n\n<figure class=\"wp-block-table\"><table><tbody><tr><td>Joueurs pr\u00eat\u00e9sN\u00b0P.Nat.NomDate de naissanceS\u00e9lectionClub en pr\u00eat24D<a href=\"https:\/\/commons.wikimedia.org\/wiki\/File:Flag_of_Canada.svg?uselang=fr\"><\/a>Karifa Yao&nbsp;<strong>(<a href=\"https:\/\/fr.wikipedia.org\/wiki\/Homegrown_Player\">HGP<\/a>)<\/strong>28\/09\/2000&nbsp;(20 ans)\u2013<a href=\"https:\/\/fr.wikipedia.org\/wiki\/Cavalry_Football_Club\">Cavalry FC<\/a>33D<a href=\"https:\/\/commons.wikimedia.org\/wiki\/File:Flag_of_Canada.svg?uselang=fr\"><\/a>Keesean Ferdinand&nbsp;<strong>(<a href=\"https:\/\/fr.wikipedia.org\/wiki\/Homegrown_Player\">HGP<\/a>)<\/strong>17\/08\/2003&nbsp;(18 ans)\u2013<a href=\"https:\/\/fr.wikipedia.org\/wiki\/Atl%C3%A9tico_Ottawa\">Atl\u00e9tico Ottawa<\/a>34M<a href=\"https:\/\/commons.wikimedia.org\/wiki\/File:Flag_of_Canada.svg?uselang=fr\"><\/a>Tomas Giraldo&nbsp;<strong>(<a href=\"https:\/\/fr.wikipedia.org\/wiki\/Homegrown_Player\">HGP<\/a>)<\/strong>08\/03\/2003&nbsp;(18 ans)\u2013<a href=\"https:\/\/fr.wikipedia.org\/wiki\/FC_Edmonton\">FC Edmonton<\/a>39M<a href=\"https:\/\/commons.wikimedia.org\/wiki\/File:Flag_of_Canada.svg?uselang=fr\"><\/a>Sean Rea&nbsp;<strong>(<a href=\"https:\/\/fr.wikipedia.org\/wiki\/Homegrown_Player\">HGP<\/a>)<\/strong>15\/05\/2002&nbsp;(19 ans)\u2013<a href=\"https:\/\/fr.wikipedia.org\/wiki\/Valour_Football_Club\">Valour FC<\/a><\/td><\/tr><\/tbody><\/table><\/figure>\n\n\n\n<h2 class=\"wp-block-heading\">\u00c9quipe r\u00e9serve&nbsp;: le FC Montr\u00e9al[<a href=\"https:\/\/fr.wikipedia.org\/w\/index.php?title=Club_de_Foot_Montr%C3%A9al&amp;veaction=edit&amp;section=38\">modifier<\/a>&nbsp;|&nbsp;<a href=\"https:\/\/fr.wikipedia.org\/w\/index.php?title=Club_de_Foot_Montr%C3%A9al&amp;action=edit&amp;section=38\">modifier le code<\/a>]<\/h2>\n\n\n\n<p class=\"wp-block-paragraph\">FC Montr\u00e9al<\/p>\n\n\n\n<figure class=\"wp-block-image\"><a href=\"https:\/\/fr.wikipedia.org\/wiki\/Fichier:FC_Montr%C3%A9al.png\"><img decoding=\"async\" src=\"https:\/\/upload.wikimedia.org\/wikipedia\/fr\/thumb\/3\/3a\/FC_Montr%C3%A9al.png\/130px-FC_Montr%C3%A9al.png\" alt=\"Logo du FC Montr\u00e9al\"\/><\/a><\/figure>\n\n\n\n<figure class=\"wp-block-table\"><table><tbody><tr><th scope=\"row\">Fondation<\/th><td><a href=\"https:\/\/fr.wikipedia.org\/wiki\/14_octobre_en_sport\">14<\/a>&nbsp;<a href=\"https:\/\/fr.wikipedia.org\/wiki\/Octobre_2014_en_sport\">octobre<\/a>&nbsp;<a href=\"https:\/\/fr.wikipedia.org\/wiki\/2014_en_football\">2014<\/a><br><small>(6&nbsp;ans, 10&nbsp;mois et 21&nbsp;jours)<\/small><\/td><\/tr><tr><th scope=\"row\">Disparition<\/th><td><a href=\"https:\/\/fr.wikipedia.org\/wiki\/9_d%C3%A9cembre_en_sport\">9<\/a>&nbsp;<a href=\"https:\/\/fr.wikipedia.org\/wiki\/D%C3%A9cembre_2016_en_sport\">d\u00e9cembre<\/a>&nbsp;<a href=\"https:\/\/fr.wikipedia.org\/wiki\/2016_en_football\">2016<\/a><br><small>(4&nbsp;ans, 8&nbsp;mois et 26&nbsp;jours)<\/small><\/td><\/tr><tr><th scope=\"row\"><a href=\"https:\/\/fr.wikipedia.org\/wiki\/Sport_professionnel\">Statut professionnel<\/a><\/th><td><a href=\"https:\/\/fr.wikipedia.org\/wiki\/2015_en_football\">2015<\/a>&#8211;<a href=\"https:\/\/fr.wikipedia.org\/wiki\/2016_en_football\">2016<\/a><\/td><\/tr><tr><th scope=\"row\">Couleurs<\/th><td><a href=\"https:\/\/fr.wikipedia.org\/wiki\/Bleu\">Bleu<\/a>,&nbsp;<a href=\"https:\/\/fr.wikipedia.org\/wiki\/Blanc\">blanc<\/a>&nbsp;et&nbsp;<a href=\"https:\/\/fr.wikipedia.org\/wiki\/Noir\">noir<\/a><\/td><\/tr><tr><th scope=\"row\"><a href=\"https:\/\/fr.wikipedia.org\/wiki\/Stade_de_football\">Stade<\/a><\/th><td><a href=\"https:\/\/fr.wikipedia.org\/wiki\/Complexe_sportif_Claude-Robillard\">Complexe sportif Claude-Robillard<\/a><br>(9&nbsp;500 places)<\/td><\/tr><tr><th scope=\"row\">Si\u00e8ge<\/th><td>4750, rue Sherbrooke Est,&nbsp;<a href=\"https:\/\/fr.wikipedia.org\/wiki\/Montr%C3%A9al\">Montr\u00e9al<\/a>,&nbsp;<a href=\"https:\/\/fr.wikipedia.org\/wiki\/Qu%C3%A9bec\">Qu\u00e9bec<\/a><\/td><\/tr><tr><th scope=\"row\">Pr\u00e9sident<\/th><td><a href=\"https:\/\/commons.wikimedia.org\/wiki\/File:Flag_of_Canada.svg?uselang=fr\"><\/a>&nbsp;<a href=\"https:\/\/fr.wikipedia.org\/wiki\/Joey_Saputo\">Joey Saputo<\/a><\/td><\/tr><tr><th scope=\"row\">Meilleur buteur<\/th><td><a href=\"https:\/\/commons.wikimedia.org\/wiki\/File:Flag_of_Canada.svg?uselang=fr\"><\/a>&nbsp;Alessandro Riggi (15)<\/td><\/tr><\/tbody><\/table><\/figure>\n\n\n\n\n\n<p class=\"wp-block-paragraph\"><a href=\"https:\/\/fr.wikipedia.org\/w\/index.php?title=Club_de_Foot_Montr%C3%A9al&amp;action=edit\">modifier<\/a><a href=\"https:\/\/fr.wikipedia.org\/wiki\/Mod%C3%A8le:Infobox_Club_de_football\"><\/a><\/p>\n\n\n\n<h3 class=\"wp-block-heading\">Histoire[<a href=\"https:\/\/fr.wikipedia.org\/w\/index.php?title=Club_de_Foot_Montr%C3%A9al&amp;veaction=edit&amp;section=39\">modifier<\/a>&nbsp;|&nbsp;<a href=\"https:\/\/fr.wikipedia.org\/w\/index.php?title=Club_de_Foot_Montr%C3%A9al&amp;action=edit&amp;section=39\">modifier le code<\/a>]<\/h3>\n\n\n\n<p class=\"wp-block-paragraph\">En 2012, l&#8217;organisation de l&#8217;Impact de Montr\u00e9al d\u00e9cide de la cr\u00e9ation d&#8217;une \u00e9quipe r\u00e9serve, int\u00e9grant alors la&nbsp;<a href=\"https:\/\/fr.wikipedia.org\/wiki\/MLS_Reserve_Division\">MLS Reserve Division<\/a>. Mais lorsque cette ligue r\u00e9serv\u00e9e aux \u00e9quipes de d\u00e9veloppement des franchises de MLS dispara\u00eet en 2014, l&#8217;Impact annonce la cr\u00e9ation d&#8217;une nouvelle \u00e9quipe en&nbsp;<a href=\"https:\/\/fr.wikipedia.org\/wiki\/United_Soccer_League\">United Soccer League<\/a>, la troisi\u00e8me division nord-am\u00e9ricaine, le&nbsp;4 septembre 2014<sup><a href=\"https:\/\/fr.wikipedia.org\/wiki\/Club_de_Foot_Montr%C3%A9al#cite_note-101\">91<\/a><\/sup>.<\/p>\n\n\n\n<p class=\"wp-block-paragraph\">Le&nbsp;9 d\u00e9cembre 2016, et apr\u00e8s deux saisons difficiles dans la USL, l&#8217;Impact de Montr\u00e9al annonce que son club-\u00e9cole du FC Montr\u00e9al ne sera pas de retour sur les terrains en 2017, pr\u00e9f\u00e9rant un partenariat avec le&nbsp;<a href=\"https:\/\/fr.wikipedia.org\/wiki\/Fury_d%27Ottawa\">Fury d&#8217;Ottawa<\/a>&nbsp;qui rejoint la USL cette m\u00eame ann\u00e9e<sup><a href=\"https:\/\/fr.wikipedia.org\/wiki\/Club_de_Foot_Montr%C3%A9al#cite_note-Fin_FCM-102\">92<\/a><\/sup>. Par cette mesure, l&#8217;Impact accro\u00eet alors sa pr\u00e9sence dans la r\u00e9gion de l&#8217;Outaouais tout en affirmant que les joueurs \u00e9voluant dans l&#8217;\u00e9quipe U18 continueront \u00e0 acc\u00e9der \u00e0 l&#8217;\u00e9quipe premi\u00e8re. Trois saisons plus tard, c&#8217;est au tour du&nbsp;<a href=\"https:\/\/fr.wikipedia.org\/wiki\/Fury_d%27Ottawa\">Fury d&#8217;Ottawa<\/a>&nbsp;d&#8217;annoncer l&#8217;arr\u00eat de ses activit\u00e9s<sup><a href=\"https:\/\/fr.wikipedia.org\/wiki\/Club_de_Foot_Montr%C3%A9al#cite_note-103\">93<\/a><\/sup>.<\/p>\n\n\n\n<h3 class=\"wp-block-heading\">Stade[<a href=\"https:\/\/fr.wikipedia.org\/w\/index.php?title=Club_de_Foot_Montr%C3%A9al&amp;veaction=edit&amp;section=40\">modifier<\/a>&nbsp;|&nbsp;<a href=\"https:\/\/fr.wikipedia.org\/w\/index.php?title=Club_de_Foot_Montr%C3%A9al&amp;action=edit&amp;section=40\">modifier le code<\/a>]<\/h3>\n\n\n\n<p class=\"wp-block-paragraph\"><a href=\"https:\/\/commons.wikimedia.org\/wiki\/File:Complexe_sportif_Claude-Robillard.jpg?uselang=fr\"><\/a><a href=\"https:\/\/fr.wikipedia.org\/wiki\/Fichier:Complexe_sportif_Claude-Robillard.jpg\"><\/a>L&#8217;entr\u00e9e du&nbsp;<a href=\"https:\/\/fr.wikipedia.org\/wiki\/Complexe_sportif_Claude-Robillard\">Complexe sportif Claude-Robillard<\/a>.<\/p>\n\n\n\n<p class=\"wp-block-paragraph\">Durant la saison 2015, le FC Montr\u00e9al \u00e9volue sur le terrain annexe au&nbsp;<a href=\"https:\/\/fr.wikipedia.org\/wiki\/Stade_Saputo\">Stade Saputo<\/a>&nbsp;en attendant la fin des r\u00e9novations du&nbsp;<a href=\"https:\/\/fr.wikipedia.org\/wiki\/Complexe_sportif_Claude-Robillard\">Complexe sportif Claude-Robillard<\/a><sup><a href=\"https:\/\/fr.wikipedia.org\/wiki\/Club_de_Foot_Montr%C3%A9al#cite_note-104\">94<\/a><\/sup>.<\/p>\n\n\n\n<h3 class=\"wp-block-heading\">Bilan par saison[<a href=\"https:\/\/fr.wikipedia.org\/w\/index.php?title=Club_de_Foot_Montr%C3%A9al&amp;veaction=edit&amp;section=41\">modifier<\/a>&nbsp;|&nbsp;<a href=\"https:\/\/fr.wikipedia.org\/w\/index.php?title=Club_de_Foot_Montr%C3%A9al&amp;action=edit&amp;section=41\">modifier le code<\/a>]<\/h3>\n\n\n\n<figure class=\"wp-block-table\"><table><thead><tr><th scope=\"col\">Saison<\/th><th scope=\"col\">Niv.<\/th><th scope=\"col\">Ligue<\/th><th>Saison r\u00e9guli\u00e8re<\/th><th>Position<\/th><th scope=\"col\">S\u00e9ries<\/th><th scope=\"col\">Affl. moy.<br>saison r\u00e9guli\u00e8re<\/th><th scope=\"col\">Affl. moy.<br>s\u00e9ries \u00e9liminat.<\/th><\/tr><tr><th>M<\/th><th>V<\/th><th>N<\/th><th>D<\/th><th>BP<\/th><th>BC<\/th><th>Pts<\/th><th>Conf.<\/th><th>Ligue<\/th><\/tr><\/thead><tbody><tr><td><strong>2012<\/strong><\/td><td><strong>&#8211;<\/strong><\/td><td><a href=\"https:\/\/fr.wikipedia.org\/wiki\/MLS_Reserve_Division\">MLS Reserve Division<\/a><\/td><td>10<\/td><td>7<\/td><td>1<\/td><td>2<\/td><td>19<\/td><td>10<\/td><td><strong>22<\/strong><\/td><td>2<sup>e<\/sup>\/7<\/td><td>2<sup>e<\/sup>\/19<\/td><td><em>Pas de s\u00e9ries<\/em><\/td><td><em>N\/C<\/em><\/td><td><em>N\/A<\/em><\/td><\/tr><tr><td><strong>2013<\/strong><\/td><td><strong>&#8211;<\/strong><\/td><td><a href=\"https:\/\/fr.wikipedia.org\/wiki\/MLS_Reserve_Division\">MLS Reserve Division<\/a><\/td><td>11<\/td><td>4<\/td><td>3<\/td><td>4<\/td><td>16<\/td><td>13<\/td><td><strong>15<\/strong><sup><a href=\"https:\/\/fr.wikipedia.org\/wiki\/Club_de_Foot_Montr%C3%A9al#cite_note-MLS_Reserve_Division-105\">Note 11<\/a><\/sup><\/td><td>4<sup>e<\/sup>\/7<\/td><td>7<sup>e<\/sup>\/15<\/td><td><em>Pas de s\u00e9ries<\/em><\/td><td><em>N\/C<\/em><\/td><td><em>N\/A<\/em><\/td><\/tr><tr><td><strong>2014<\/strong><\/td><td><strong>&#8211;<\/strong><\/td><td><a href=\"https:\/\/fr.wikipedia.org\/wiki\/MLS_Reserve_Division\">MLS Reserve Division<\/a><\/td><td>8<\/td><td>3<\/td><td>1<\/td><td>4<\/td><td>8<\/td><td>8<\/td><td><strong>10<\/strong><sup><a href=\"https:\/\/fr.wikipedia.org\/wiki\/Club_de_Foot_Montr%C3%A9al#cite_note-MLS_Reserve_Division-105\">Note 11<\/a><\/sup><\/td><td>&#8211;<\/td><td>4<sup>e<\/sup>\/8<\/td><td><em>Pas de s\u00e9ries<\/em><\/td><td><em>N\/C<\/em><\/td><td><em>N\/A<\/em><\/td><\/tr><tr><td><strong><a href=\"https:\/\/fr.wikipedia.org\/wiki\/United_Soccer_League_2015\">2015<\/a><\/strong><\/td><td><strong>3<\/strong><\/td><td><a href=\"https:\/\/fr.wikipedia.org\/wiki\/United_Soccer_League\">USL<\/a><\/td><td>28<\/td><td>8<\/td><td>4<\/td><td>16<\/td><td>32<\/td><td>46<\/td><td><strong>28<\/strong><\/td><td>10<sup>e<\/sup>\/12<\/td><td>22<sup>e<\/sup>\/24<\/td><td><em>Non qualifi\u00e9<\/em><\/td><td><strong>313<\/strong><\/td><td><em>N\/Q<\/em><\/td><\/tr><tr><td><strong><a href=\"https:\/\/fr.wikipedia.org\/wiki\/United_Soccer_League_2016\">2016<\/a><\/strong><\/td><td><strong>3<\/strong><\/td><td><a href=\"https:\/\/fr.wikipedia.org\/wiki\/United_Soccer_League\">USL<\/a><\/td><td>30<\/td><td>7<\/td><td>2<\/td><td>21<\/td><td>35<\/td><td>57<\/td><td><strong>23<\/strong><\/td><td>14<sup>e<\/sup>\/14<\/td><td>28<sup>e<\/sup>\/29<\/td><td><em>Non qualifi\u00e9<\/em><\/td><td>243<\/td><td><em>N\/Q<\/em><\/td><\/tr><\/tbody><\/table><\/figure>\n\n\n\n<h3 class=\"wp-block-heading\">Meilleurs buteurs par saison[<a href=\"https:\/\/fr.wikipedia.org\/w\/index.php?title=Club_de_Foot_Montr%C3%A9al&amp;veaction=edit&amp;section=42\">modifier<\/a>&nbsp;|&nbsp;<a href=\"https:\/\/fr.wikipedia.org\/w\/index.php?title=Club_de_Foot_Montr%C3%A9al&amp;action=edit&amp;section=42\">modifier le code<\/a>]<\/h3>\n\n\n\n<figure class=\"wp-block-table\"><table><thead><tr><th scope=\"col\">Saison<\/th><th>Meilleurs buteurs<\/th><\/tr><tr><th>Joueurs<\/th><th>Buts<\/th><\/tr><\/thead><tbody><tr><td><strong>2012<\/strong><\/td><td><a href=\"https:\/\/commons.wikimedia.org\/wiki\/File:Flag_of_The_Gambia.svg?uselang=fr\"><\/a>&nbsp;<a href=\"https:\/\/fr.wikipedia.org\/wiki\/Sanna_Nyassi\">Sanna Nyassi<\/a><\/td><td>3<\/td><\/tr><tr><td><strong>2013<\/strong><\/td><td><a href=\"https:\/\/commons.wikimedia.org\/wiki\/File:Flag_of_the_United_States.svg?uselang=fr\"><\/a>&nbsp;<a href=\"https:\/\/fr.wikipedia.org\/wiki\/Blake_Smith\">Blake Smith<\/a><\/td><td>5<\/td><\/tr><tr><td><strong>2014<\/strong><\/td><td><a href=\"https:\/\/commons.wikimedia.org\/wiki\/File:Flag_of_Canada.svg?uselang=fr\"><\/a>&nbsp;<a href=\"https:\/\/fr.wikipedia.org\/wiki\/Anthony_Jackson-Hamel\">Anthony Jackson-Hamel<\/a><\/td><td>3<\/td><\/tr><tr><td><strong>2015<\/strong><\/td><td><a href=\"https:\/\/commons.wikimedia.org\/wiki\/File:Flag_of_Canada.svg?uselang=fr\"><\/a>&nbsp;Alessandro Riggi<\/td><td>9<\/td><\/tr><tr><td><strong>2016<\/strong><\/td><td><a href=\"https:\/\/commons.wikimedia.org\/wiki\/File:Flag_of_Canada.svg?uselang=fr\"><\/a>&nbsp;<a href=\"https:\/\/fr.wikipedia.org\/wiki\/Anthony_Jackson-Hamel\">Anthony Jackson-Hamel<\/a><\/td><td>9<\/td><\/tr><\/tbody><\/table><\/figure>\n\n\n\n<h3 class=\"wp-block-heading\">Entra\u00eeneurs[<a href=\"https:\/\/fr.wikipedia.org\/w\/index.php?title=Club_de_Foot_Montr%C3%A9al&amp;veaction=edit&amp;section=43\">modifier<\/a>&nbsp;|&nbsp;<a href=\"https:\/\/fr.wikipedia.org\/w\/index.php?title=Club_de_Foot_Montr%C3%A9al&amp;action=edit&amp;section=43\">modifier le code<\/a>]<\/h3>\n\n\n\n<p class=\"wp-block-paragraph\">Le tableau suivant pr\u00e9sente la liste des entra\u00eeneurs du club de 2015 \u00e0 2016.<\/p>\n\n\n\n<figure class=\"wp-block-table\"><table><tbody><tr><th scope=\"col\">Rang<\/th><th scope=\"col\">Entra\u00eeneur<\/th><th scope=\"col\">Nationalit\u00e9<\/th><th scope=\"col\">D\u00e9but<\/th><th scope=\"col\">Fin<\/th><th scope=\"col\">Matchs<\/th><th scope=\"col\">Victoires<\/th><th scope=\"col\">Nuls<\/th><th scope=\"col\">D\u00e9faites<\/th><th scope=\"col\">% victoires<\/th><th scope=\"col\">Palmar\u00e8s<\/th><\/tr><tr><td>1<\/td><td>Philippe Eullaffroy<\/td><td><a href=\"https:\/\/commons.wikimedia.org\/wiki\/File:Flag_of_France.svg?uselang=fr\"><\/a>&nbsp;<a href=\"https:\/\/fr.wikipedia.org\/wiki\/France\">France<\/a><\/td><td>17 novembre 2014<sup><a href=\"https:\/\/fr.wikipedia.org\/wiki\/Club_de_Foot_Montr%C3%A9al#cite_note-107\">96<\/a><\/sup><\/td><td>9 d\u00e9cembre 2016<sup><a href=\"https:\/\/fr.wikipedia.org\/wiki\/Club_de_Foot_Montr%C3%A9al#cite_note-Fin_FCM-102\">92<\/a><\/sup><\/td><td><strong>58<\/strong><\/td><td>15<\/td><td>6<\/td><td>37<\/td><td>25.86%<\/td><td><\/td><\/tr><\/tbody><\/table><\/figure>\n\n\n\n<h2 class=\"wp-block-heading\">Diffuseurs[<a href=\"https:\/\/fr.wikipedia.org\/w\/index.php?title=Club_de_Foot_Montr%C3%A9al&amp;veaction=edit&amp;section=44\">modifier<\/a>&nbsp;|&nbsp;<a href=\"https:\/\/fr.wikipedia.org\/w\/index.php?title=Club_de_Foot_Montr%C3%A9al&amp;action=edit&amp;section=44\">modifier le code<\/a>]<\/h2>\n\n\n\n<p class=\"wp-block-paragraph\">Le diffuseur officiel de l&#8217;Impact de Montr\u00e9al est&nbsp;<a href=\"https:\/\/fr.wikipedia.org\/wiki\/TVA_Sports\">TVA Sports<\/a>. La cha\u00eene sportive pr\u00e9sente les parties de l&#8217;Impact en MLS. Les rencontres du championnat canadien sont quant \u00e0 elles diffus\u00e9es sur&nbsp;<a href=\"https:\/\/fr.wikipedia.org\/wiki\/R%C3%A9seau_des_sports\">RDS<\/a>. Au niveau radiophonique, toutes les parties de l&#8217;Impact sont retransmises sur les ondes de la radio anglophone&nbsp;<a href=\"https:\/\/fr.wikipedia.org\/wiki\/CKGM\">TSN Radio 690<\/a><sup><a href=\"https:\/\/fr.wikipedia.org\/wiki\/Club_de_Foot_Montr%C3%A9al#cite_note-108\">97<\/a><\/sup>, ainsi qu&#8217;une majorit\u00e9 des rencontres sur la radio francophone&nbsp;<a href=\"https:\/\/fr.wikipedia.org\/wiki\/CHMP-FM\">98,5 FM<\/a><sup><a href=\"https:\/\/fr.wikipedia.org\/wiki\/Club_de_Foot_Montr%C3%A9al#cite_note-109\">98<\/a><\/sup>.<\/p>\n\n\n\n<h2 class=\"wp-block-heading\">Couverture m\u00e9diatique de l&#8217;Impact[<a href=\"https:\/\/fr.wikipedia.org\/w\/index.php?title=Club_de_Foot_Montr%C3%A9al&amp;veaction=edit&amp;section=45\">modifier<\/a>&nbsp;|&nbsp;<a href=\"https:\/\/fr.wikipedia.org\/w\/index.php?title=Club_de_Foot_Montr%C3%A9al&amp;action=edit&amp;section=45\">modifier le code<\/a>]<\/h2>\n\n\n\n<p class=\"wp-block-paragraph\">En plus des traditionnelles m\u00e9dias num\u00e9riques tel que leur propre diffuseur&nbsp;<a href=\"https:\/\/fr.wikipedia.org\/wiki\/TVA_Sports\">TVA Sports<\/a>&nbsp;et&nbsp;<a href=\"https:\/\/fr.wikipedia.org\/wiki\/R%C3%A9seau_des_sports\">RDS<\/a>&nbsp;lors des comp\u00e9titions hors MLS, l&#8217;Impact profite d&#8217;un choix de plateformes alternatives couvrant le club. Effectivement, plusieurs balados et autre m\u00e9dias moins traditionnels se d\u00e9marquent sur la couverture sur et hors terrain de l&#8217;Impact. Parmi ceux-ci, nous pouvons voir le KAN FC, IMFC Radio, le Podcast BBN ou encore le Couscous PiriPiri (CCPP) et en espagnol, Radio Sports MTL. De plus, TVA Sports et RDS ont aussi d\u00e9velopp\u00e9 leurs propres \u00e9missions en balado avec respectivement XI MTL et Loin de s&#8217;en Foot.<\/p>\n\n\n\n<h2 class=\"wp-block-heading\">Rentabilit\u00e9 et revenus[<a href=\"https:\/\/fr.wikipedia.org\/w\/index.php?title=Club_de_Foot_Montr%C3%A9al&amp;veaction=edit&amp;section=46\">modifier<\/a>&nbsp;|&nbsp;<a href=\"https:\/\/fr.wikipedia.org\/w\/index.php?title=Club_de_Foot_Montr%C3%A9al&amp;action=edit&amp;section=46\">modifier le code<\/a>]<\/h2>\n\n\n\n<p class=\"wp-block-paragraph\">En&nbsp;<a href=\"https:\/\/fr.wikipedia.org\/wiki\/2012_en_football\">2012<\/a>, selon une \u00e9tude du magazine \u00e9conomique&nbsp;<a href=\"https:\/\/fr.wikipedia.org\/wiki\/Forbes_(magazine)\">Forbes<\/a>, l&#8217;Impact de Montr\u00e9al valait 96 millions de dollars am\u00e9ricains \u00e0 sa premi\u00e8re ann\u00e9e en&nbsp;<a href=\"https:\/\/fr.wikipedia.org\/wiki\/Major_League_Soccer\">MLS<\/a>. L&#8217;Impact a g\u00e9n\u00e9r\u00e9 des profits de 3,4 millions de dollars am\u00e9ricains sur des revenus de 26,2 millions<sup><a href=\"https:\/\/fr.wikipedia.org\/wiki\/Club_de_Foot_Montr%C3%A9al#cite_note-110\">99<\/a><\/sup>. En&nbsp;<a href=\"https:\/\/fr.wikipedia.org\/wiki\/2015_en_football\">2015<\/a>, selon une \u00e9tude du magazine \u00e9conomique&nbsp;<a href=\"https:\/\/fr.wikipedia.org\/wiki\/Forbes_(magazine)\">Forbes<\/a>, l&#8217;Impact de Montr\u00e9al valait 128 millions de dollars am\u00e9ricains au&nbsp;14<sup>e<\/sup>&nbsp;rang de la MLS<sup><a href=\"https:\/\/fr.wikipedia.org\/wiki\/Club_de_Foot_Montr%C3%A9al#cite_note-111\">100<\/a><\/sup>. L&#8217;Impact a subi un d\u00e9ficit d&#8217;exploitation de 3 millions de dollars sur des revenus de 22 millions de dollars en 2014<sup><a href=\"https:\/\/fr.wikipedia.org\/wiki\/Club_de_Foot_Montr%C3%A9al#cite_note-112\">101<\/a><\/sup>.<\/p>\n\n\n\n<h2 class=\"wp-block-heading\">Soutien et image[<a href=\"https:\/\/fr.wikipedia.org\/w\/index.php?title=Club_de_Foot_Montr%C3%A9al&amp;veaction=edit&amp;section=47\">modifier<\/a>&nbsp;|&nbsp;<a href=\"https:\/\/fr.wikipedia.org\/w\/index.php?title=Club_de_Foot_Montr%C3%A9al&amp;action=edit&amp;section=47\">modifier le code<\/a>]<\/h2>\n\n\n\n<h3 class=\"wp-block-heading\">Groupes de supporteurs[<a href=\"https:\/\/fr.wikipedia.org\/w\/index.php?title=Club_de_Foot_Montr%C3%A9al&amp;veaction=edit&amp;section=48\">modifier<\/a>&nbsp;|&nbsp;<a href=\"https:\/\/fr.wikipedia.org\/w\/index.php?title=Club_de_Foot_Montr%C3%A9al&amp;action=edit&amp;section=48\">modifier le code<\/a>]<\/h3>\n\n\n\n<p class=\"wp-block-paragraph\">Le groupe de supporteurs le plus ancien s&#8217;appelle les Ultras Montr\u00e9al, plut\u00f4t connu sous le nom de&nbsp;<a href=\"http:\/\/www.ultrasmontreal.com\/\">UM02<\/a><small>&nbsp;[<a href=\"http:\/\/archive.wikiwix.com\/cache\/?url=http%3A%2F%2Fwww.ultrasmontreal.com%2F\">archive<\/a>]<\/small>&nbsp;(Ultras Montr\u00e9al 2002). Ce groupe a \u00e9t\u00e9 cr\u00e9\u00e9 en 2002. Le kop se situe \u00e0 la section 132 du Stade Saputo, le domicile de l&#8217;Impact.<\/p>\n\n\n\n<p class=\"wp-block-paragraph\">Un second groupe a \u00e9t\u00e9 form\u00e9 en 2011, le&nbsp;<a href=\"http:\/\/www.127montreal.com\/\">127 Montr\u00e9al<\/a><small>&nbsp;[<a href=\"http:\/\/archive.wikiwix.com\/cache\/?url=http%3A%2F%2Fwww.127montreal.com%2F\">archive<\/a>]<\/small>, \u00e0 l&#8217;approche de la&nbsp;<a href=\"https:\/\/fr.wikipedia.org\/wiki\/Major_League_Soccer\">MLS<\/a>&nbsp;\u00e0 Montr\u00e9al. Comme son nom l&#8217;indique, ce groupe est plac\u00e9 en section 127 du domicile du onze montr\u00e9alais. Se d\u00e9finissant comme un groupe tr\u00e8s actif en tribune, il s&#8217;avoue n\u00e9anmoins plus d\u00e9tendu que d&#8217;autres groupes de supporteurs en Am\u00e9rique du Nord.<\/p>\n\n\n\n<p class=\"wp-block-paragraph\">En 2015 a \u00e9t\u00e9 fond\u00e9&nbsp;<a href=\"http:\/\/www.impactmontreal-lgbt.ca\/\">Impact LGBT+<\/a><small>&nbsp;[<a href=\"http:\/\/archive.wikiwix.com\/cache\/?url=http%3A%2F%2Fwww.impactmontreal-lgbt.ca%2F\">archive<\/a>]<\/small>, un groupe de supporteurs et supportrices LGBT, une premi\u00e8re pour un club de&nbsp;<a href=\"https:\/\/fr.wikipedia.org\/wiki\/Major_League_Soccer\">MLS<\/a>&nbsp;canadien. Ce groupe pr\u00f4ne des valeurs d&#8217;inclusion, de respect et de luttes contre les discriminations&nbsp;: racisme, sexisme et toutes les LGBT-phobies.<\/p>\n\n\n\n<p class=\"wp-block-paragraph\">En 2016, le groupe 1642 est fond\u00e9 et se situe \u00e0 l&#8217;arri\u00e8re du filet \u00e0 l&#8217;oppos\u00e9 de la tour du&nbsp;<a href=\"https:\/\/fr.wikipedia.org\/wiki\/Stade_olympique_de_Montr%C3%A9al\">Stade olympique de Montr\u00e9al<\/a>. Elle est la maison de la cloche (l&#8217;\u00c9toile du Nord) qui sonne \u00e0 chaque but et \u00e0 chaque victoire.<\/p>\n\n\n\n<h3 class=\"wp-block-heading\">Rivalit\u00e9s[<a href=\"https:\/\/fr.wikipedia.org\/w\/index.php?title=Club_de_Foot_Montr%C3%A9al&amp;veaction=edit&amp;section=49\">modifier<\/a>&nbsp;|&nbsp;<a href=\"https:\/\/fr.wikipedia.org\/w\/index.php?title=Club_de_Foot_Montr%C3%A9al&amp;action=edit&amp;section=49\">modifier le code<\/a>]<\/h3>\n\n\n\n<p class=\"wp-block-paragraph\">L&#8217;arriv\u00e9e en 2012 de l&#8217;Impact de Montr\u00e9al dans la Major League Soccer, viendra encore davantage alimenter la&nbsp;<a href=\"https:\/\/fr.wikipedia.org\/wiki\/Impact_de_Montr%C3%A9al_-_Toronto_FC_en_football\">rivalit\u00e9 avec le Toronto FC<\/a><sup><a href=\"https:\/\/fr.wikipedia.org\/wiki\/Club_de_Foot_Montr%C3%A9al#cite_note-113\">102<\/a><\/sup>: Montr\u00e9al et Toronto poss\u00e9dant d\u00e9j\u00e0 une bonne base de partisans ultras oppos\u00e9s les uns aux autres lors des matchs du&nbsp;<a href=\"https:\/\/fr.wikipedia.org\/wiki\/Championnat_canadien\">Championnat canadien<\/a><sup><a href=\"https:\/\/fr.wikipedia.org\/wiki\/Club_de_Foot_Montr%C3%A9al#cite_note-114\">103<\/a><\/sup>. Montr\u00e9al et Toronto sont les deux grandes villes, respectivement francophone et anglophone, du&nbsp;<a href=\"https:\/\/fr.wikipedia.org\/wiki\/Canada\">Canada<\/a>. La rivalit\u00e9 culturelle de ses deux villes ne se limite pas aux fronti\u00e8res du terrain.<\/p>\n\n\n\n<h4 class=\"wp-block-heading\">Records d&#8217;affluences[<a href=\"https:\/\/fr.wikipedia.org\/w\/index.php?title=Club_de_Foot_Montr%C3%A9al&amp;veaction=edit&amp;section=50\">modifier<\/a>&nbsp;|&nbsp;<a href=\"https:\/\/fr.wikipedia.org\/w\/index.php?title=Club_de_Foot_Montr%C3%A9al&amp;action=edit&amp;section=50\">modifier le code<\/a>]<\/h4>\n\n\n\n<figure class=\"wp-block-table\"><table><tbody><tr><th>Date<\/th><th>Nombre de spectateurs<\/th><th>Stade<\/th><th>Adversaire<\/th><th>Score<\/th><th>Comp\u00e9tition<\/th><th>Notes<\/th><\/tr><tr><td><a href=\"https:\/\/fr.wikipedia.org\/wiki\/22_novembre_en_sport\">22<\/a>&nbsp;<a href=\"https:\/\/fr.wikipedia.org\/wiki\/Novembre_2016_en_sport\">novembre<\/a>&nbsp;<a href=\"https:\/\/fr.wikipedia.org\/wiki\/2016_en_football\">2016<\/a><\/td><td><strong>61&nbsp;004<\/strong><\/td><td><a href=\"https:\/\/fr.wikipedia.org\/wiki\/Stade_olympique_de_Montr%C3%A9al\">Stade olympique<\/a><\/td><td><a href=\"https:\/\/fr.wikipedia.org\/wiki\/Toronto_FC\">Toronto FC<\/a><\/td><td>3 &#8211; 2 pour l&#8217;Impact<\/td><td><a href=\"https:\/\/fr.wikipedia.org\/wiki\/Major_League_Soccer\">MLS<\/a><\/td><td>Match aller de la finale de l&#8217;est de la MLS<\/td><\/tr><tr><td><a href=\"https:\/\/fr.wikipedia.org\/wiki\/29_avril_en_sport\">29<\/a>&nbsp;<a href=\"https:\/\/fr.wikipedia.org\/wiki\/Avril_2015_en_sport\">avril<\/a>&nbsp;<a href=\"https:\/\/fr.wikipedia.org\/wiki\/2015_en_football\">2015<\/a><\/td><td><strong>61&nbsp;004<\/strong><\/td><td><a href=\"https:\/\/fr.wikipedia.org\/wiki\/Stade_olympique_de_Montr%C3%A9al\">Stade olympique<\/a><\/td><td><a href=\"https:\/\/fr.wikipedia.org\/wiki\/Club_Am%C3%A9rica\">Club Am\u00e9rica<\/a><\/td><td>4 &#8211; 2 pour Club Am\u00e9rica<\/td><td><a href=\"https:\/\/fr.wikipedia.org\/wiki\/Ligue_des_champions_de_la_CONCACAF\">Ligue des champions de la CONCACAF<\/a><\/td><td><a href=\"https:\/\/fr.wikipedia.org\/wiki\/Ligue_des_champions_de_la_CONCACAF_2014-2015\">Finale retour de la Ligue des champions 2014-2015<\/a><br>Record d&#8217;affluence pour un match de soccer au Canada et deuxi\u00e8me place dans le livre des records du tournoi de la CONCACAF<\/td><\/tr><tr><td><a href=\"https:\/\/fr.wikipedia.org\/wiki\/12_mai_en_sport\">12<\/a>&nbsp;<a href=\"https:\/\/fr.wikipedia.org\/wiki\/Mai_2012_en_sport\">mai<\/a>&nbsp;<a href=\"https:\/\/fr.wikipedia.org\/wiki\/2012_en_football\">2012<\/a><\/td><td><strong>60&nbsp;860<\/strong><\/td><td><a href=\"https:\/\/fr.wikipedia.org\/wiki\/Stade_olympique_de_Montr%C3%A9al\">Stade olympique<\/a><\/td><td><a href=\"https:\/\/fr.wikipedia.org\/wiki\/Galaxy_de_Los_Angeles\">Galaxy de Los Angeles<\/a><\/td><td>1 &#8211; 1<\/td><td><a href=\"https:\/\/fr.wikipedia.org\/wiki\/Major_League_Soccer\">MLS<\/a><\/td><td>Match contre&nbsp;<a href=\"https:\/\/fr.wikipedia.org\/wiki\/David_Beckham\">David Beckham<\/a>&nbsp;et les champions en titre de la coupe MLS<\/td><\/tr><tr><td><a href=\"https:\/\/fr.wikipedia.org\/wiki\/17_mars_en_sport\">17<\/a>&nbsp;<a href=\"https:\/\/fr.wikipedia.org\/wiki\/Mars_2012_en_sport\">mars<\/a>&nbsp;<a href=\"https:\/\/fr.wikipedia.org\/wiki\/2012_en_football\">2012<\/a><\/td><td><strong>58&nbsp;912<\/strong><\/td><td><a href=\"https:\/\/fr.wikipedia.org\/wiki\/Stade_olympique_de_Montr%C3%A9al\">Stade olympique<\/a><\/td><td><a href=\"https:\/\/fr.wikipedia.org\/wiki\/Fire_de_Chicago\">Fire de Chicago<\/a><\/td><td>1 &#8211; 1<\/td><td><a href=\"https:\/\/fr.wikipedia.org\/wiki\/Major_League_Soccer\">MLS<\/a><\/td><td>Premier match dans la MLS de l&#8217;histoire du club<\/td><\/tr><tr><td><a href=\"https:\/\/fr.wikipedia.org\/wiki\/25_f%C3%A9vrier_en_sport\">25<\/a>&nbsp;<a href=\"https:\/\/fr.wikipedia.org\/wiki\/F%C3%A9vrier_2009_en_sport\">f\u00e9vrier<\/a>&nbsp;<a href=\"https:\/\/fr.wikipedia.org\/wiki\/2009_en_football\">2009<\/a><\/td><td><strong>55&nbsp;571<\/strong><\/td><td><a href=\"https:\/\/fr.wikipedia.org\/wiki\/Stade_olympique_de_Montr%C3%A9al\">Stade olympique<\/a><\/td><td><a href=\"https:\/\/fr.wikipedia.org\/wiki\/Santos_Laguna\">Santos Laguna<\/a><\/td><td>2 &#8211; 0 pour l&#8217;Impact<\/td><td><a href=\"https:\/\/fr.wikipedia.org\/wiki\/Ligue_des_champions_de_la_CONCACAF\">Ligue des champions de la CONCACAF<\/a><\/td><td><a href=\"https:\/\/fr.wikipedia.org\/wiki\/Ligue_des_champions_de_la_CONCACAF_2008-2009\">Quart-de-finale aller de la Ligue des champions 2008-2009<\/a><\/td><\/tr><\/tbody><\/table><\/figure>\n\n\n\n<h3 class=\"wp-block-heading\">Prix individuels[<a href=\"https:\/\/fr.wikipedia.org\/w\/index.php?title=Club_de_Foot_Montr%C3%A9al&amp;veaction=edit&amp;section=51\">modifier<\/a>&nbsp;|&nbsp;<a href=\"https:\/\/fr.wikipedia.org\/w\/index.php?title=Club_de_Foot_Montr%C3%A9al&amp;action=edit&amp;section=51\">modifier le code<\/a>]<\/h3>\n\n\n\n<h3 class=\"wp-block-heading\">R\u00e9cipiendaires du Troph\u00e9e Giuseppe Saputo[<a href=\"https:\/\/fr.wikipedia.org\/w\/index.php?title=Club_de_Foot_Montr%C3%A9al&amp;veaction=edit&amp;section=52\">modifier<\/a>&nbsp;|&nbsp;<a href=\"https:\/\/fr.wikipedia.org\/w\/index.php?title=Club_de_Foot_Montr%C3%A9al&amp;action=edit&amp;section=52\">modifier le code<\/a>]<\/h3>\n\n\n\n<figure class=\"wp-block-table\"><table><tbody><tr><th>Saison<\/th><th>Joueur de l&#8217;ann\u00e9e<\/th><th>Nouveau venu de l\u2019ann\u00e9e<\/th><th>Quatri\u00e8me \u00e9toile<\/th><th>Joueur d\u00e9fensif de l\u2019ann\u00e9e<\/th><th>Joueur offensif de l\u2019ann\u00e9e<\/th><\/tr><tr><td>1992<\/td><td><a href=\"https:\/\/fr.wikipedia.org\/wiki\/Patrice_Ferri\">Patrice Ferri<\/a><sup><a href=\"https:\/\/fr.wikipedia.org\/wiki\/Club_de_Foot_Montr%C3%A9al#cite_note-115\">104<\/a><\/sup><\/td><td><em>Non d\u00e9cern\u00e9<\/em><\/td><td><em>Non d\u00e9cern\u00e9<\/em><\/td><td><em>Non d\u00e9cern\u00e9<\/em><\/td><td><em>Non d\u00e9cern\u00e9<\/em><\/td><\/tr><tr><td>1995<\/td><td><a href=\"https:\/\/fr.wikipedia.org\/wiki\/Jean_Harbor\">Jean Harbor<\/a><\/td><\/tr><tr><td>1995<\/td><td><a href=\"https:\/\/fr.wikipedia.org\/wiki\/Lloyd_Barker\">Lloyd Barker<\/a><\/td><\/tr><tr><td>1996<\/td><td><a href=\"https:\/\/fr.wikipedia.org\/w\/index.php?title=Paolo_Ceccarelli&amp;action=edit&amp;redlink=1\">Paolo Ceccarelli<\/a><\/td><\/tr><tr><td>1997<\/td><td><a href=\"https:\/\/fr.wikipedia.org\/wiki\/Mauro_Biello\">Mauro Biello<\/a><\/td><\/tr><tr><td>1998<\/td><td><a href=\"https:\/\/fr.wikipedia.org\/wiki\/Mauro_Biello\">Mauro Biello<\/a><\/td><\/tr><tr><td>1999<\/td><td><strong>Saison annul\u00e9e<\/strong><\/td><\/tr><tr><td>2000<\/td><td><a href=\"https:\/\/fr.wikipedia.org\/w\/index.php?title=Jim_Larkin&amp;action=edit&amp;redlink=1\">Jim Larkin<\/a><\/td><td><em>Non d\u00e9cern\u00e9<\/em><\/td><td><em>Non d\u00e9cern\u00e9<\/em><\/td><td><em>Non d\u00e9cern\u00e9<\/em><\/td><td><em>Non d\u00e9cern\u00e9<\/em><\/td><\/tr><tr><td>2001<\/td><td><a href=\"https:\/\/fr.wikipedia.org\/wiki\/Mauro_Biello\">Mauro Biello<\/a><\/td><\/tr><tr><td>2002<\/td><td><a href=\"https:\/\/fr.wikipedia.org\/wiki\/Eduardo_Sebrango\">Eduardo Sebrango<\/a><\/td><td>Z\u00e9 Roberto<\/td><td>Jason DiTullio<\/td><td><a href=\"https:\/\/fr.wikipedia.org\/wiki\/Gabriel_Gervais\">Gabriel Gervais<\/a><\/td><\/tr><tr><td>2003<\/td><td><a href=\"https:\/\/fr.wikipedia.org\/wiki\/Greg_Sutton\">Greg Sutton<\/a><\/td><td><a href=\"https:\/\/fr.wikipedia.org\/wiki\/Martin_Nash\">Martin Nash<\/a><\/td><td><a href=\"https:\/\/fr.wikipedia.org\/wiki\/David_Fronimadis\">David Fronimadis<\/a><\/td><td><a href=\"https:\/\/fr.wikipedia.org\/wiki\/Gabriel_Gervais\">Gabriel Gervais<\/a><\/td><\/tr><tr><td>2004<\/td><td><a href=\"https:\/\/fr.wikipedia.org\/wiki\/Gabriel_Gervais\">Gabriel Gervais<\/a><\/td><td><a href=\"https:\/\/fr.wikipedia.org\/wiki\/Sandro_Grande\">Sandro Grande<\/a><\/td><td>Z\u00e9 Roberto<\/td><td><a href=\"https:\/\/fr.wikipedia.org\/wiki\/Greg_Sutton\">Greg Sutton<\/a><\/td><\/tr><tr><td>2005<\/td><td><a href=\"https:\/\/fr.wikipedia.org\/wiki\/Mauro_Biello\">Mauro Biello<\/a><\/td><td>Lars Lyssand et&nbsp;<a href=\"https:\/\/fr.wikipedia.org\/wiki\/Masahiro_Fukasawa\">Masahiro Fukasawa<\/a><\/td><td>Mauricio Vincello<\/td><td><a href=\"https:\/\/fr.wikipedia.org\/wiki\/Nevio_Pizzolitto\">Nevio Pizzolitto<\/a><\/td><\/tr><tr><td>2006<\/td><td>Mauricio Vincello<\/td><td><a href=\"https:\/\/fr.wikipedia.org\/wiki\/Leonardo_Di_Lorenzo\">Leonardo Di Lorenzo<\/a><\/td><td><a href=\"https:\/\/fr.wikipedia.org\/wiki\/Andrew_Weber\">Andrew Weber<\/a><\/td><td><a href=\"https:\/\/fr.wikipedia.org\/wiki\/Gabriel_Gervais\">Gabriel Gervais<\/a><\/td><\/tr><tr><td>2007<\/td><td><a href=\"https:\/\/fr.wikipedia.org\/wiki\/Leonardo_Di_Lorenzo\">Leonardo Di Lorenzo<\/a><\/td><td><a href=\"https:\/\/fr.wikipedia.org\/wiki\/Matt_Jordan\">Matt Jordan<\/a><\/td><td>Simon Gatti<\/td><td>Mauricio Vincello<\/td><td><a href=\"https:\/\/fr.wikipedia.org\/wiki\/Charles_Gbeke\">Charles Gbeke<\/a><\/td><\/tr><tr><td>2008<\/td><td><a href=\"https:\/\/fr.wikipedia.org\/wiki\/Matt_Jordan\">Matt Jordan<\/a><\/td><td>Stefano Pesoli<\/td><td><a href=\"https:\/\/fr.wikipedia.org\/wiki\/Joey_Gjertsen\">Joey Gjertsen<\/a><\/td><td><a href=\"https:\/\/fr.wikipedia.org\/wiki\/Nevio_Pizzolitto\">Nevio Pizzolitto<\/a><\/td><td><em>Non d\u00e9cern\u00e9<\/em><\/td><\/tr><tr><td>2009<\/td><td><a href=\"https:\/\/fr.wikipedia.org\/wiki\/David_Testo\">David Testo<\/a><\/td><td><a href=\"https:\/\/fr.wikipedia.org\/wiki\/Nevio_Pizzolitto\">Nevio Pizzolitto<\/a><\/td><td><a href=\"https:\/\/fr.wikipedia.org\/wiki\/Stephen_deRoux\">Stephen deRoux<\/a><\/td><td><a href=\"https:\/\/fr.wikipedia.org\/wiki\/Adam_Braz\">Adam Braz<\/a><\/td><\/tr><tr><td>2010<\/td><td><a href=\"https:\/\/fr.wikipedia.org\/wiki\/Philippe_Billy_(football)\">Philippe Billy<\/a><\/td><td><a href=\"https:\/\/fr.wikipedia.org\/wiki\/Ali_Gerba\">Ali Gerba<\/a><\/td><td>Tony Donatelli<\/td><td><a href=\"https:\/\/fr.wikipedia.org\/wiki\/Philippe_Billy_(football)\">Philippe Billy<\/a><\/td><\/tr><tr><td>2011<\/td><td><a href=\"https:\/\/fr.wikipedia.org\/wiki\/Hassoun_Camara\">Hassoun Camara<\/a><\/td><td><a href=\"https:\/\/fr.wikipedia.org\/wiki\/Sini%C5%A1a_Ubiparipovi%C4%87\">Sini\u0161a Ubiparipovi\u0107<\/a>&nbsp;et&nbsp;<a href=\"https:\/\/fr.wikipedia.org\/wiki\/Ian_Westlake\">Ian Westlake<\/a><\/td><td>Simon Gatti<\/td><td><a href=\"https:\/\/fr.wikipedia.org\/wiki\/Evan_Bush\">Evan Bush<\/a><\/td><\/tr><tr><td><a href=\"https:\/\/fr.wikipedia.org\/wiki\/Saison_2012_de_l%27Impact_de_Montr%C3%A9al\">2012<\/a><\/td><td><a href=\"https:\/\/fr.wikipedia.org\/wiki\/Patrice_Bernier\">Patrice Bernier<\/a><sup><a href=\"https:\/\/fr.wikipedia.org\/wiki\/Club_de_Foot_Montr%C3%A9al#cite_note-116\">105<\/a><\/sup><\/td><td><em>Non d\u00e9cern\u00e9<\/em><\/td><td><em>Non d\u00e9cern\u00e9<\/em><\/td><td><em>Non d\u00e9cern\u00e9<\/em><\/td><\/tr><tr><td><a href=\"https:\/\/fr.wikipedia.org\/wiki\/Saison_2013_de_l%27Impact_de_Montr%C3%A9al\">2013<\/a><\/td><td><a href=\"https:\/\/fr.wikipedia.org\/wiki\/Marco_Di_Vaio\">Marco Di Vaio<\/a><sup><a href=\"https:\/\/fr.wikipedia.org\/wiki\/Club_de_Foot_Montr%C3%A9al#cite_note-117\">106<\/a><\/sup><\/td><\/tr><tr><td><a href=\"https:\/\/fr.wikipedia.org\/wiki\/Saison_2014_de_l%27Impact_de_Montr%C3%A9al\">2014<\/a><\/td><td><a href=\"https:\/\/fr.wikipedia.org\/wiki\/Andr%C3%A9s_Romero_(football)\">Andr\u00e9s Romero<\/a><sup><a href=\"https:\/\/fr.wikipedia.org\/wiki\/Club_de_Foot_Montr%C3%A9al#cite_note-118\">107<\/a><\/sup><\/td><\/tr><tr><td><a href=\"https:\/\/fr.wikipedia.org\/wiki\/Saison_2015_de_l%27Impact_de_Montr%C3%A9al\">2015<\/a><\/td><td><a href=\"https:\/\/fr.wikipedia.org\/wiki\/Ignacio_Piatti\">Ignacio Piatti<\/a><\/td><td><a href=\"https:\/\/fr.wikipedia.org\/wiki\/Laurent_Ciman\">Laurent Ciman<\/a><\/td><\/tr><tr><td><a href=\"https:\/\/fr.wikipedia.org\/wiki\/Saison_2016_de_l%27Impact_de_Montr%C3%A9al\">2016<\/a><\/td><td><a href=\"https:\/\/fr.wikipedia.org\/wiki\/Ignacio_Piatti\">Ignacio Piatti<\/a><\/td><td><a href=\"https:\/\/fr.wikipedia.org\/wiki\/Hassoun_Camara\">Hassoun Camara<\/a><\/td><\/tr><tr><td><a href=\"https:\/\/fr.wikipedia.org\/wiki\/Saison_2017_de_l%27Impact_de_Montr%C3%A9al\">2017<\/a><\/td><td><a href=\"https:\/\/fr.wikipedia.org\/wiki\/Ignacio_Piatti\">Ignacio Piatti<\/a><\/td><td><a href=\"https:\/\/fr.wikipedia.org\/wiki\/Daniel_Lovitz\">Daniel Lovitz<\/a><\/td><\/tr><tr><td><a href=\"https:\/\/fr.wikipedia.org\/wiki\/Saison_2018_de_l%27Impact_de_Montr%C3%A9al\">2018<\/a><\/td><td><a href=\"https:\/\/fr.wikipedia.org\/wiki\/Ignacio_Piatti\">Ignacio Piatti<\/a><\/td><td><a href=\"https:\/\/fr.wikipedia.org\/wiki\/Evan_Bush\">Evan Bush<\/a><\/td><\/tr><tr><td><a href=\"https:\/\/fr.wikipedia.org\/wiki\/Saison_2019_de_l%27Impact_de_Montr%C3%A9al\">2019<\/a><\/td><td><a href=\"https:\/\/fr.wikipedia.org\/wiki\/Orji_Okwonkwo\">Orji Okwonkwo<\/a><\/td><td><a href=\"https:\/\/fr.wikipedia.org\/wiki\/Bacary_Sagna\">Bacary Sagna<\/a><\/td><\/tr><\/tbody><\/table><\/figure>\n\n\n\n<h2 class=\"wp-block-heading\">Notes et r\u00e9f\u00e9rences[<a href=\"https:\/\/fr.wikipedia.org\/w\/index.php?title=Club_de_Foot_Montr%C3%A9al&amp;veaction=edit&amp;section=53\">modifier<\/a>&nbsp;|&nbsp;<a href=\"https:\/\/fr.wikipedia.org\/w\/index.php?title=Club_de_Foot_Montr%C3%A9al&amp;action=edit&amp;section=53\">modifier le code<\/a>]<\/h2>\n\n\n\n<h3 class=\"wp-block-heading\">Notes[<a href=\"https:\/\/fr.wikipedia.org\/w\/index.php?title=Club_de_Foot_Montr%C3%A9al&amp;veaction=edit&amp;section=54\">modifier<\/a>&nbsp;|&nbsp;<a href=\"https:\/\/fr.wikipedia.org\/w\/index.php?title=Club_de_Foot_Montr%C3%A9al&amp;action=edit&amp;section=54\">modifier le code<\/a>]<\/h3>\n\n\n\n<ol class=\"wp-block-list\"><li><a href=\"https:\/\/fr.wikipedia.org\/wiki\/Club_de_Foot_Montr%C3%A9al#cite_ref-53\">\u2191<\/a>&nbsp;Le championnat portait alors le nom de&nbsp;<a href=\"https:\/\/fr.wikipedia.org\/wiki\/American_Professional_Soccer_League\">APSL<\/a>.<\/li><li><a href=\"https:\/\/fr.wikipedia.org\/wiki\/Club_de_Foot_Montr%C3%A9al#cite_ref-54\">\u2191<\/a>&nbsp;Le championnat portait alors le nom de&nbsp;<a href=\"https:\/\/fr.wikipedia.org\/wiki\/A-League\">A-League<\/a>.<\/li><li><a href=\"https:\/\/fr.wikipedia.org\/wiki\/Club_de_Foot_Montr%C3%A9al#cite_ref-55\">\u2191<\/a>&nbsp;Le championnat portait alors le nom de&nbsp;<a href=\"https:\/\/fr.wikipedia.org\/wiki\/United_Soccer_Leagues\">USL<\/a>.<\/li><li><a href=\"https:\/\/fr.wikipedia.org\/wiki\/Club_de_Foot_Montr%C3%A9al#cite_ref-56\">\u2191<\/a>&nbsp;Les rencontres de la phase de groupes du&nbsp;<a href=\"https:\/\/fr.wikipedia.org\/wiki\/Tournoi_MLS_is_Back\">Tournoi MLS is Back<\/a>&nbsp;sont inclues mais le huiti\u00e8me de finale contre&nbsp;<a href=\"https:\/\/fr.wikipedia.org\/wiki\/Orlando_City_Soccer_Club\">Orlando City SC<\/a>&nbsp;ne l&#8217;est pas conform\u00e9ment au format adopt\u00e9 par la ligue.<\/li><li><a href=\"https:\/\/fr.wikipedia.org\/wiki\/Club_de_Foot_Montr%C3%A9al#cite_ref-57\">\u2191<\/a>&nbsp;En raison de la&nbsp;<a href=\"https:\/\/fr.wikipedia.org\/wiki\/Maladie_%C3%A0_coronavirus_2019\">pand\u00e9mie de Covid-19<\/a>, l&#8217;Impact ne joue que trois rencontres au&nbsp;<a href=\"https:\/\/fr.wikipedia.org\/wiki\/Stade_Saputo\">Stade Saputo<\/a>, l&#8217;affluence \u00e9tant alors limit\u00e9e \u00e0 250&nbsp;spectateurs. Les autres rencontres \u00ab&nbsp;\u00e0 domicile&nbsp;\u00bb sont disput\u00e9es au&nbsp;<a href=\"https:\/\/fr.wikipedia.org\/wiki\/Red_Bull_Arena_(%C3%89tats-Unis)\">Red Bull Arena<\/a>&nbsp;au&nbsp;<a href=\"https:\/\/fr.wikipedia.org\/wiki\/New_Jersey\">New Jersey<\/a>.<\/li><li>\u2191&nbsp;<sup><a href=\"https:\/\/fr.wikipedia.org\/wiki\/Club_de_Foot_Montr%C3%A9al#cite_ref-Parcours_en_Ligue_des_champions_58-0\">Revenir plus haut en&nbsp;:a<\/a>&nbsp;<a href=\"https:\/\/fr.wikipedia.org\/wiki\/Club_de_Foot_Montr%C3%A9al#cite_ref-Parcours_en_Ligue_des_champions_58-1\">b<\/a>&nbsp;et&nbsp;<a href=\"https:\/\/fr.wikipedia.org\/wiki\/Club_de_Foot_Montr%C3%A9al#cite_ref-Parcours_en_Ligue_des_champions_58-2\">c<\/a><\/sup>&nbsp;L&#8217;Impact l&#8217;emporte gr\u00e2ce \u00e0 la&nbsp;<a href=\"https:\/\/fr.wikipedia.org\/wiki\/R%C3%A8gle_des_buts_marqu%C3%A9s_%C3%A0_l%27ext%C3%A9rieur\">r\u00e8gle des buts marqu\u00e9s \u00e0 l&#8217;ext\u00e9rieur<\/a>.<\/li><li><a href=\"https:\/\/fr.wikipedia.org\/wiki\/Club_de_Foot_Montr%C3%A9al#cite_ref-68\">\u2191<\/a>&nbsp;Son adjoint Oscar Pisano dirige la premi\u00e8re rencontre de la saison 1997-1998 contre le Blizzard de Buffalo avant l&#8217;officialisation de la nomination d&#8217;Aarnio le 21 octobre.<\/li><li><a href=\"https:\/\/fr.wikipedia.org\/wiki\/Club_de_Foot_Montr%C3%A9al#cite_ref-71\">\u2191<\/a>&nbsp;Nomm\u00e9 comme entra\u00eeneur de l&#8217;\u00e9quipe de soccer en int\u00e9rieur (<a href=\"https:\/\/fr.wikipedia.org\/w\/index.php?title=National_Professional_Soccer_League_(1984-2001)&amp;action=edit&amp;redlink=1\">NPSL<\/a>) pour la saison 1997-1998, il g\u00e8re aussi l&#8217;\u00e9quipe de soccer en ext\u00e9rieur pour la saison 1998 avant de reprendre en int\u00e9rieur \u00e0 l&#8217;automne.<\/li><li><a href=\"https:\/\/fr.wikipedia.org\/wiki\/Club_de_Foot_Montr%C3%A9al#cite_ref-Feff_nat_joueur_99-0\">\u2191<\/a>&nbsp;Seule la&nbsp;<a href=\"https:\/\/fr.wikipedia.org\/wiki\/Nationalit%C3%A9_sportive\">nationalit\u00e9 sportive<\/a>&nbsp;est indiqu\u00e9e. Un joueur peut avoir plusieurs nationalit\u00e9s mais n&#8217;a le droit de jouer que pour une seule s\u00e9lection nationale.<\/li><li><a href=\"https:\/\/fr.wikipedia.org\/wiki\/Club_de_Foot_Montr%C3%A9al#cite_ref-Feff_sel_100-0\">\u2191<\/a>&nbsp;Seule la s\u00e9lection la plus importante est indiqu\u00e9e.<\/li><li>\u2191&nbsp;<sup><a href=\"https:\/\/fr.wikipedia.org\/wiki\/Club_de_Foot_Montr%C3%A9al#cite_ref-MLS_Reserve_Division_105-0\">Revenir plus haut en&nbsp;:a<\/a>&nbsp;et&nbsp;<a href=\"https:\/\/fr.wikipedia.org\/wiki\/Club_de_Foot_Montr%C3%A9al#cite_ref-MLS_Reserve_Division_105-1\">b<\/a><\/sup>&nbsp;En 2013 et 2014, les \u00e9quipes jouant un nombre diff\u00e9rent de rencontres, le classement est \u00e9tabli en calculant le nombre de points par match.<\/li><\/ol>\n\n\n\n<h3 class=\"wp-block-heading\">R\u00e9f\u00e9rences[<a href=\"https:\/\/fr.wikipedia.org\/w\/index.php?title=Club_de_Foot_Montr%C3%A9al&amp;veaction=edit&amp;section=55\">modifier<\/a>&nbsp;|&nbsp;<a href=\"https:\/\/fr.wikipedia.org\/w\/index.php?title=Club_de_Foot_Montr%C3%A9al&amp;action=edit&amp;section=55\">modifier le code<\/a>]<\/h3>\n\n\n\n<ol class=\"wp-block-list\"><li><a href=\"https:\/\/fr.wikipedia.org\/wiki\/Club_de_Foot_Montr%C3%A9al#cite_ref-palmares_1-0\">\u2191<\/a>&nbsp;Seuls les principaux titres en comp\u00e9titions officielles sont indiqu\u00e9s ici.<\/li><li>\u2191&nbsp;<sup><a href=\"https:\/\/fr.wikipedia.org\/wiki\/Club_de_Foot_Montr%C3%A9al#cite_ref-rad-can-2012_2-0\">Revenir plus haut en&nbsp;:a<\/a>&nbsp;et&nbsp;<a href=\"https:\/\/fr.wikipedia.org\/wiki\/Club_de_Foot_Montr%C3%A9al#cite_ref-rad-can-2012_2-1\">b<\/a><\/sup>&nbsp;<a href=\"http:\/\/www.radio-canada.ca\/sports\/soccer\/2010\/05\/07\/001-Impact-vendredi.shtml\">\u00ab&nbsp;Impact&nbsp;: \u00ab&nbsp;Une grande ligue pour une grande ville&nbsp;\u00bb &#8211; Saputo&nbsp;\u00bb<\/a><small>&nbsp;[<a href=\"http:\/\/archive.wikiwix.com\/cache\/?url=http%3A%2F%2Fwww.radio-canada.ca%2Fsports%2Fsoccer%2F2010%2F05%2F07%2F001-Impact-vendredi.shtml\">archive<\/a>]<\/small>, sur&nbsp;<em><a href=\"https:\/\/fr.wikipedia.org\/wiki\/Soci%C3%A9t%C3%A9_Radio-Canada\">Radio-Canada<\/a><\/em>,&nbsp;7 mai 2010&nbsp;<small>(consult\u00e9 le&nbsp;<time datetime=\"2010-05-08\">8 mai 2010<\/time>)<\/small>.<\/li><li>\u2191&nbsp;<sup><a href=\"https:\/\/fr.wikipedia.org\/wiki\/Club_de_Foot_Montr%C3%A9al#cite_ref-FQSFhisto_3-0\">Revenir plus haut en&nbsp;:a<\/a>&nbsp;<a href=\"https:\/\/fr.wikipedia.org\/wiki\/Club_de_Foot_Montr%C3%A9al#cite_ref-FQSFhisto_3-1\">b<\/a>&nbsp;et&nbsp;<a href=\"https:\/\/fr.wikipedia.org\/wiki\/Club_de_Foot_Montr%C3%A9al#cite_ref-FQSFhisto_3-2\">c<\/a><\/sup>&nbsp;<a href=\"https:\/\/fr.wikipedia.org\/wiki\/F%C3%A9d%C3%A9ration_de_soccer_du_Qu%C3%A9bec\">F\u00e9d\u00e9ration de soccer du Qu\u00e9bec<\/a>,&nbsp;<a href=\"http:\/\/www.federation-soccer.qc.ca\/index.php?option=com_content&amp;view=article&amp;id=149&amp;Itemid=34\">\u00ab&nbsp;F\u00e9d\u00e9ration de soccer du Qu\u00e9bec &#8211; 100 ans d&#8217;histoire&nbsp;\u00bb<\/a><small>&nbsp;[<a href=\"http:\/\/archive.wikiwix.com\/cache\/?url=http%3A%2F%2Fwww.federation-soccer.qc.ca%2Findex.php%3Foption%3Dcom_content%26view%3Darticle%26id%3D149%26Itemid%3D34\">archive<\/a>]<\/small>&nbsp;<small>(consult\u00e9 le&nbsp;<time datetime=\"2011-12-30\">30 d\u00e9cembre 2011<\/time>)<\/small><\/li><li><a href=\"https:\/\/fr.wikipedia.org\/wiki\/Club_de_Foot_Montr%C3%A9al#cite_ref-4\">\u2191<\/a>&nbsp;<a href=\"https:\/\/fr.wikipedia.org\/wiki\/Soci%C3%A9t%C3%A9_Radio-Canada\">Radio-Canada<\/a>, \u00ab&nbsp;Le Manic, c&#8217;est fini&nbsp;\u00bb,&nbsp;<em>Archives de Radio-Canada<\/em>,\u200e&nbsp;3 f\u00e9vrier 1983&nbsp;<small>(<a href=\"http:\/\/archives.radio-canada.ca\/sports\/soccer\/dossiers\/1831-12317\">lire en ligne<\/a>&nbsp;[<a href=\"http:\/\/archive.wikiwix.com\/cache\/?url=http%3A%2F%2Farchives.radio-canada.ca%2Fsports%2Fsoccer%2Fdossiers%2F1831-12317\">archive<\/a>])<\/small><\/li><li><a href=\"https:\/\/fr.wikipedia.org\/wiki\/Club_de_Foot_Montr%C3%A9al#cite_ref-5\">\u2191<\/a>&nbsp;<a href=\"https:\/\/www.impactmontreal.com\/fr\/post\/2017\/12\/10\/il-y-25-ans-la-naissance-de-limpact-de-montr%C3%A9al\">Il y a 25 ans&nbsp;: la naissance de l&#8217;Impact de Montr\u00e9al<\/a><small>&nbsp;[<a href=\"http:\/\/archive.wikiwix.com\/cache\/?url=https%3A%2F%2Fwww.impactmontreal.com%2Ffr%2Fpost%2F2017%2F12%2F10%2Fil-y-25-ans-la-naissance-de-limpact-de-montr%25C3%25A9al\">archive<\/a>]<\/small>,&nbsp;<em>Impact de Montr\u00e9al<\/em>, 10 d\u00e9cembre 2017<\/li><li>\u2191&nbsp;<sup><a href=\"https:\/\/fr.wikipedia.org\/wiki\/Club_de_Foot_Montr%C3%A9al#cite_ref-Firmani_entra%C3%AEneur_6-0\">Revenir plus haut en&nbsp;:a<\/a>&nbsp;<a href=\"https:\/\/fr.wikipedia.org\/wiki\/Club_de_Foot_Montr%C3%A9al#cite_ref-Firmani_entra%C3%AEneur_6-1\">b<\/a>&nbsp;et&nbsp;<a href=\"https:\/\/fr.wikipedia.org\/wiki\/Club_de_Foot_Montr%C3%A9al#cite_ref-Firmani_entra%C3%AEneur_6-2\">c<\/a><\/sup>&nbsp;\u00ab&nbsp;Soccer: Firmani dirigera l&#8217;Impact de Montr\u00e9al&nbsp;\u00bb,&nbsp;<em><a href=\"https:\/\/fr.wikipedia.org\/wiki\/La_Tribune_(Sherbrooke)\">La Tribune<\/a><\/em>,\u200e&nbsp;3 f\u00e9vrier 1993&nbsp;<small>(<a href=\"http:\/\/numerique.banq.qc.ca\/patrimoine\/details\/52327\/3801554?docsearchtext=eddie%20firmani%201993\">lire en ligne<\/a>&nbsp;[<a href=\"http:\/\/archive.wikiwix.com\/cache\/?url=http%3A%2F%2Fnumerique.banq.qc.ca%2Fpatrimoine%2Fdetails%2F52327%2F3801554%3Fdocsearchtext%3Deddie%2520firmani%25201993\">archive<\/a>])<\/small>.<\/li><li><a href=\"https:\/\/fr.wikipedia.org\/wiki\/Club_de_Foot_Montr%C3%A9al#cite_ref-7\">\u2191<\/a>&nbsp;\u00ab&nbsp;Un ancien du St-\u00c9tienne chez l&#8217;Impact&nbsp;\u00bb,&nbsp;<em><a href=\"https:\/\/fr.wikipedia.org\/wiki\/La_Presse_(Montr%C3%A9al)\">La Presse<\/a><\/em>,\u200e&nbsp;12 mai 1993&nbsp;<small>(<a href=\"https:\/\/numerique.banq.qc.ca\/patrimoine\/details\/52327\/2175730\">lire en ligne<\/a>&nbsp;[<a href=\"http:\/\/archive.wikiwix.com\/cache\/?url=https%3A%2F%2Fnumerique.banq.qc.ca%2Fpatrimoine%2Fdetails%2F52327%2F2175730\">archive<\/a>])<\/small>.<\/li><li><a href=\"https:\/\/fr.wikipedia.org\/wiki\/Club_de_Foot_Montr%C3%A9al#cite_ref-8\">\u2191<\/a>&nbsp;\u00ab&nbsp;Deux d\u00e9faites en autant de soir pour l&#8217;Impact&nbsp;\u00bb,&nbsp;<em><a href=\"https:\/\/fr.wikipedia.org\/wiki\/La_Tribune_(Sherbrooke)\">La Tribune<\/a><\/em>,\u200e&nbsp;17 mai 1993&nbsp;<small>(<a href=\"http:\/\/numerique.banq.qc.ca\/patrimoine\/details\/52327\/3801932\">lire en ligne<\/a>&nbsp;[<a href=\"http:\/\/archive.wikiwix.com\/cache\/?url=http%3A%2F%2Fnumerique.banq.qc.ca%2Fpatrimoine%2Fdetails%2F52327%2F3801932\">archive<\/a>])<\/small>.<\/li><li><a href=\"https:\/\/fr.wikipedia.org\/wiki\/Club_de_Foot_Montr%C3%A9al#cite_ref-9\">\u2191<\/a>&nbsp;<a href=\"https:\/\/www.impactmontreal.com\/histoire\/grands-moments?moment=3\">Premi\u00e8re \u00e9dition, premier match<\/a><small>&nbsp;[<a href=\"http:\/\/archive.wikiwix.com\/cache\/?url=https%3A%2F%2Fwww.impactmontreal.com%2Fhistoire%2Fgrands-moments%3Fmoment%3D3\">archive<\/a>]<\/small>,&nbsp;<em>Impact de Montr\u00e9al<\/em>.<\/li><li><a href=\"https:\/\/fr.wikipedia.org\/wiki\/Club_de_Foot_Montr%C3%A9al#cite_ref-10\">\u2191<\/a>&nbsp;Dave L\u00e9vesque,&nbsp;<a href=\"https:\/\/www.journaldemontreal.com\/2018\/05\/20\/les-grandes-dates-dans-lhistoire-de-limpact\">Les grandes dates dans l&#8217;histoire de l&#8217;Impact<\/a><small>&nbsp;[<a href=\"http:\/\/archive.wikiwix.com\/cache\/?url=https%3A%2F%2Fwww.journaldemontreal.com%2F2018%2F05%2F20%2Fles-grandes-dates-dans-lhistoire-de-limpact\">archive<\/a>]<\/small>,&nbsp;<em><a href=\"https:\/\/fr.wikipedia.org\/wiki\/Le_Journal_de_Montr%C3%A9al\">Le Journal de Montr\u00e9al<\/a><\/em>, 20 mai 2018<\/li><li><a href=\"https:\/\/fr.wikipedia.org\/wiki\/Club_de_Foot_Montr%C3%A9al#cite_ref-11\">\u2191<\/a>&nbsp;\u00ab&nbsp;L&#8217;Impact exclu des s\u00e9ries&nbsp;\u00bb,&nbsp;<em><a href=\"https:\/\/fr.wikipedia.org\/wiki\/La_Tribune_(Sherbrooke)\">La Tribune<\/a><\/em>,\u200e&nbsp;7 septembre 1993&nbsp;<small>(<a href=\"http:\/\/numerique.banq.qc.ca\/patrimoine\/details\/52327\/3802330\">lire en ligne<\/a>&nbsp;[<a href=\"http:\/\/archive.wikiwix.com\/cache\/?url=http%3A%2F%2Fnumerique.banq.qc.ca%2Fpatrimoine%2Fdetails%2F52327%2F3802330\">archive<\/a>])<\/small>.<\/li><li>\u2191&nbsp;<sup><a href=\"https:\/\/fr.wikipedia.org\/wiki\/Club_de_Foot_Montr%C3%A9al#cite_ref-Parade_Radio-Canada_12-0\">Revenir plus haut en&nbsp;:a<\/a>&nbsp;<a href=\"https:\/\/fr.wikipedia.org\/wiki\/Club_de_Foot_Montr%C3%A9al#cite_ref-Parade_Radio-Canada_12-1\">b<\/a>&nbsp;et&nbsp;<a href=\"https:\/\/fr.wikipedia.org\/wiki\/Club_de_Foot_Montr%C3%A9al#cite_ref-Parade_Radio-Canada_12-2\">c<\/a><\/sup>&nbsp;<a href=\"https:\/\/www.impactmontreal.com\/histoire\/grands-moments?moment=4\">Un premier championnat<\/a><small>&nbsp;[<a href=\"http:\/\/archive.wikiwix.com\/cache\/?url=https%3A%2F%2Fwww.impactmontreal.com%2Fhistoire%2Fgrands-moments%3Fmoment%3D4\">archive<\/a>]<\/small>,&nbsp;<em>Impact de Montr\u00e9al<\/em>.<\/li><li>\u2191&nbsp;<sup><a href=\"https:\/\/fr.wikipedia.org\/wiki\/Club_de_Foot_Montr%C3%A9al#cite_ref-Firmani_%C3%A0_Gazzola_13-0\">Revenir plus haut en&nbsp;:a<\/a>&nbsp;<a href=\"https:\/\/fr.wikipedia.org\/wiki\/Club_de_Foot_Montr%C3%A9al#cite_ref-Firmani_%C3%A0_Gazzola_13-1\">b<\/a>&nbsp;et&nbsp;<a href=\"https:\/\/fr.wikipedia.org\/wiki\/Club_de_Foot_Montr%C3%A9al#cite_ref-Firmani_%C3%A0_Gazzola_13-2\">c<\/a><\/sup>&nbsp;\u00ab&nbsp;Juin 1994&nbsp;\u00bb,&nbsp;<em><a href=\"https:\/\/fr.wikipedia.org\/wiki\/Le_Nouvelliste_(Trois-Rivi%C3%A8res)\">Le Nouvelliste<\/a><\/em>,\u200e&nbsp;30 d\u00e9cembre 1994&nbsp;<small>(<a href=\"http:\/\/numerique.banq.qc.ca\/patrimoine\/details\/52327\/3260895?docsearchtext=valerio%20gazzola%201994\">lire en ligne<\/a>&nbsp;[<a href=\"http:\/\/archive.wikiwix.com\/cache\/?url=http%3A%2F%2Fnumerique.banq.qc.ca%2Fpatrimoine%2Fdetails%2F52327%2F3260895%3Fdocsearchtext%3Dvalerio%2520gazzola%25201994\">archive<\/a>])<\/small>.<\/li><li>\u2191&nbsp;<sup><a href=\"https:\/\/fr.wikipedia.org\/wiki\/Club_de_Foot_Montr%C3%A9al#cite_ref-7_juin_1994_14-0\">Revenir plus haut en&nbsp;:a<\/a>&nbsp;et&nbsp;<a href=\"https:\/\/fr.wikipedia.org\/wiki\/Club_de_Foot_Montr%C3%A9al#cite_ref-7_juin_1994_14-1\">b<\/a><\/sup>&nbsp;Philippe Cantin, \u00ab&nbsp;Un match rafra\u00eechissant, sous la pluie&nbsp;\u00bb,&nbsp;<em><a href=\"https:\/\/fr.wikipedia.org\/wiki\/La_Presse_(Montr%C3%A9al)\">La Presse<\/a><\/em>,\u200e&nbsp;7 juin 1994&nbsp;<small>(<a href=\"http:\/\/numerique.banq.qc.ca\/patrimoine\/details\/52327\/2177953\">lire en ligne<\/a>&nbsp;[<a href=\"http:\/\/archive.wikiwix.com\/cache\/?url=http%3A%2F%2Fnumerique.banq.qc.ca%2Fpatrimoine%2Fdetails%2F52327%2F2177953\">archive<\/a>])<\/small>.<\/li><li>\u2191&nbsp;<sup><a href=\"https:\/\/fr.wikipedia.org\/wiki\/Club_de_Foot_Montr%C3%A9al#cite_ref-Montr%C3%A9al_champion_15-0\">Revenir plus haut en&nbsp;:a<\/a>&nbsp;<a href=\"https:\/\/fr.wikipedia.org\/wiki\/Club_de_Foot_Montr%C3%A9al#cite_ref-Montr%C3%A9al_champion_15-1\">b<\/a>&nbsp;<a href=\"https:\/\/fr.wikipedia.org\/wiki\/Club_de_Foot_Montr%C3%A9al#cite_ref-Montr%C3%A9al_champion_15-2\">c<\/a>&nbsp;<a href=\"https:\/\/fr.wikipedia.org\/wiki\/Club_de_Foot_Montr%C3%A9al#cite_ref-Montr%C3%A9al_champion_15-3\">d<\/a>&nbsp;<a href=\"https:\/\/fr.wikipedia.org\/wiki\/Club_de_Foot_Montr%C3%A9al#cite_ref-Montr%C3%A9al_champion_15-4\">e<\/a>&nbsp;et&nbsp;<a href=\"https:\/\/fr.wikipedia.org\/wiki\/Club_de_Foot_Montr%C3%A9al#cite_ref-Montr%C3%A9al_champion_15-5\">f<\/a><\/sup>&nbsp;Martin DesGroseilliers,&nbsp;<a href=\"http:\/\/www.impactsoccer.com\/gm1994.php\">1994&nbsp;: Montr\u00e9al champion&nbsp;!<\/a><small>&nbsp;[<a href=\"http:\/\/archive.wikiwix.com\/cache\/?url=http%3A%2F%2Fwww.impactsoccer.com%2Fgm1994.php\">archive<\/a>]<\/small>&nbsp;sur&nbsp;<em>ImpactSoccer.com<\/em><\/li><li><a href=\"https:\/\/fr.wikipedia.org\/wiki\/Club_de_Foot_Montr%C3%A9al#cite_ref-16\">\u2191<\/a>&nbsp;\u00ab&nbsp;Ferri de retour \u00e0 Montr\u00e9al&nbsp;\u00bb,&nbsp;<em><a href=\"https:\/\/fr.wikipedia.org\/wiki\/Le_Soleil_(Qu%C3%A9bec)\">Le Soleil<\/a><\/em>,\u200e&nbsp;19 mai 1994&nbsp;<small>(<a href=\"http:\/\/numerique.banq.qc.ca\/patrimoine\/details\/52327\/2905726\">lire en ligne<\/a>&nbsp;[<a href=\"http:\/\/archive.wikiwix.com\/cache\/?url=http%3A%2F%2Fnumerique.banq.qc.ca%2Fpatrimoine%2Fdetails%2F52327%2F2905726\">archive<\/a>])<\/small>.<\/li><li><a href=\"https:\/\/fr.wikipedia.org\/wiki\/Club_de_Foot_Montr%C3%A9al#cite_ref-17\">\u2191<\/a>&nbsp;\u00ab&nbsp;Gain de l&#8217;Impact&nbsp;\u00bb,&nbsp;<em><a href=\"https:\/\/fr.wikipedia.org\/wiki\/Le_Soleil_(Qu%C3%A9bec)\">Le Soleil<\/a><\/em>,\u200e&nbsp;2 juillet 1994&nbsp;<small>(<a href=\"http:\/\/numerique.banq.qc.ca\/patrimoine\/details\/52327\/2906297\">lire en ligne<\/a>&nbsp;[<a href=\"http:\/\/archive.wikiwix.com\/cache\/?url=http%3A%2F%2Fnumerique.banq.qc.ca%2Fpatrimoine%2Fdetails%2F52327%2F2906297\">archive<\/a>])<\/small>.<\/li><li><a href=\"https:\/\/fr.wikipedia.org\/wiki\/Club_de_Foot_Montr%C3%A9al#cite_ref-18\">\u2191<\/a>&nbsp;Jean Trudelle, \u00ab&nbsp;L&#8217;Impact termine en beaut\u00e9&nbsp;\u00bb,&nbsp;<em><a href=\"https:\/\/fr.wikipedia.org\/wiki\/La_Presse_(Montr%C3%A9al)\">La Presse<\/a><\/em>,\u200e&nbsp;26 septembre 1994&nbsp;<small>(<a href=\"http:\/\/numerique.banq.qc.ca\/patrimoine\/details\/52327\/2178538\">lire en ligne<\/a>&nbsp;[<a href=\"http:\/\/archive.wikiwix.com\/cache\/?url=http%3A%2F%2Fnumerique.banq.qc.ca%2Fpatrimoine%2Fdetails%2F52327%2F2178538\">archive<\/a>])<\/small>.<\/li><li><a href=\"https:\/\/fr.wikipedia.org\/wiki\/Club_de_Foot_Montr%C3%A9al#cite_ref-19\">\u2191<\/a>&nbsp;\u00ab&nbsp;L&#8217;Impact en finale&nbsp;\u00bb,&nbsp;<em><a href=\"https:\/\/fr.wikipedia.org\/wiki\/Le_Soleil_(Qu%C3%A9bec)\">Le Soleil<\/a><\/em>,\u200e&nbsp;4 octobre 1994&nbsp;<small>(<a href=\"http:\/\/numerique.banq.qc.ca\/patrimoine\/details\/52327\/2909074\">lire en ligne<\/a>&nbsp;[<a href=\"http:\/\/archive.wikiwix.com\/cache\/?url=http%3A%2F%2Fnumerique.banq.qc.ca%2Fpatrimoine%2Fdetails%2F52327%2F2909074\">archive<\/a>])<\/small>.<\/li><li>\u2191&nbsp;<sup><a href=\"https:\/\/fr.wikipedia.org\/wiki\/Club_de_Foot_Montr%C3%A9al#cite_ref-Diotte_20-0\">Revenir plus haut en&nbsp;:a<\/a>&nbsp;et&nbsp;<a href=\"https:\/\/fr.wikipedia.org\/wiki\/Club_de_Foot_Montr%C3%A9al#cite_ref-Diotte_20-1\">b<\/a><\/sup>&nbsp;Richard Chartier, \u00ab&nbsp;Diotte: \u00ab&nbsp;Les Foxes sont notre b\u00eate noire&nbsp;\u00bb&nbsp;\u00bb,&nbsp;<em><a href=\"https:\/\/fr.wikipedia.org\/wiki\/La_Presse_(Montr%C3%A9al)\">La Presse<\/a><\/em>,\u200e&nbsp;4 octobre 1994&nbsp;<small>(<a href=\"http:\/\/numerique.banq.qc.ca\/patrimoine\/details\/52327\/2178583\">lire en ligne<\/a>&nbsp;[<a href=\"http:\/\/archive.wikiwix.com\/cache\/?url=http%3A%2F%2Fnumerique.banq.qc.ca%2Fpatrimoine%2Fdetails%2F52327%2F2178583\">archive<\/a>])<\/small>.<\/li><li><a href=\"https:\/\/fr.wikipedia.org\/wiki\/Club_de_Foot_Montr%C3%A9al#cite_ref-21\">\u2191<\/a>&nbsp;Richard Milo, \u00ab&nbsp;Harbor, joueur par excellence&nbsp;\u00bb,&nbsp;<em><a href=\"https:\/\/fr.wikipedia.org\/wiki\/La_Tribune_(Sherbrooke)\">La Tribune<\/a><\/em>,\u200e&nbsp;10 novembre 1994&nbsp;<small>(<a href=\"http:\/\/numerique.banq.qc.ca\/patrimoine\/details\/52327\/3881661\">lire en ligne<\/a>&nbsp;[<a href=\"http:\/\/archive.wikiwix.com\/cache\/?url=http%3A%2F%2Fnumerique.banq.qc.ca%2Fpatrimoine%2Fdetails%2F52327%2F3881661\">archive<\/a>])<\/small>.<\/li><li><a href=\"https:\/\/fr.wikipedia.org\/wiki\/Club_de_Foot_Montr%C3%A9al#cite_ref-22\">\u2191<\/a>&nbsp;Antoine Deshaies,&nbsp;<a href=\"https:\/\/ici.radio-canada.ca\/sports\/special\/soccer-impact-25-ans\/podium-championnat-1994\">1994&nbsp;: Le titre inesp\u00e9r\u00e9<\/a><small>&nbsp;[<a href=\"http:\/\/archive.wikiwix.com\/cache\/?url=https%3A%2F%2Fici.radio-canada.ca%2Fsports%2Fspecial%2Fsoccer-impact-25-ans%2Fpodium-championnat-1994\">archive<\/a>]<\/small>,&nbsp;<em><a href=\"https:\/\/fr.wikipedia.org\/wiki\/Soci%C3%A9t%C3%A9_Radio-Canada\">Radio-Canada<\/a><\/em>.<\/li><li><a href=\"https:\/\/fr.wikipedia.org\/wiki\/Club_de_Foot_Montr%C3%A9al#cite_ref-23\">\u2191<\/a>&nbsp;Pierre Durocher,&nbsp;<a href=\"https:\/\/www.journaldemontreal.com\/2016\/11\/19\/gazzola-et-la-fievre-de-lautomne-1994\">Gazzola et la fi\u00e8vre de l\u2019automne 1994<\/a><small>&nbsp;[<a href=\"http:\/\/archive.wikiwix.com\/cache\/?url=https%3A%2F%2Fwww.journaldemontreal.com%2F2016%2F11%2F19%2Fgazzola-et-la-fievre-de-lautomne-1994\">archive<\/a>]<\/small>,&nbsp;<em><a href=\"https:\/\/fr.wikipedia.org\/wiki\/Le_Journal_de_Montr%C3%A9al\">Le Journal de Montr\u00e9al<\/a><\/em>, 19 novembre 2016.<\/li><li><a href=\"https:\/\/fr.wikipedia.org\/wiki\/Club_de_Foot_Montr%C3%A9al#cite_ref-24\">\u2191<\/a>&nbsp;Ronald King, \u00ab&nbsp;L&#8217;Impact, une autre belle affaire&#8230;&nbsp;\u00bb,&nbsp;<em><a href=\"https:\/\/fr.wikipedia.org\/wiki\/La_Presse_(Montr%C3%A9al)\">La Presse<\/a><\/em>,\u200e&nbsp;15 ao\u00fbt 1997&nbsp;<small>(<a href=\"https:\/\/numerique.banq.qc.ca\/patrimoine\/details\/52327\/2184440?docsearchtext=montr%C3%A9al%20impact%201992%20saputo\">lire en ligne<\/a>&nbsp;[<a href=\"http:\/\/archive.wikiwix.com\/cache\/?url=https%3A%2F%2Fnumerique.banq.qc.ca%2Fpatrimoine%2Fdetails%2F52327%2F2184440%3Fdocsearchtext%3Dmontr%25C3%25A9al%2520impact%25201992%2520saputo\">archive<\/a>])<\/small>.<\/li><li><a href=\"https:\/\/fr.wikipedia.org\/wiki\/Club_de_Foot_Montr%C3%A9al#cite_ref-25\">\u2191<\/a>&nbsp;<a href=\"http:\/\/www.impactmontreal.com\/fr\/club\/history\/1999\">Impact 1999 &#8211; Une ann\u00e9e sans soccer ext\u00e9rieur<\/a><small>&nbsp;[<a href=\"http:\/\/archive.wikiwix.com\/cache\/?url=http%3A%2F%2Fwww.impactmontreal.com%2Ffr%2Fclub%2Fhistory%2F1999\">archive<\/a>]<\/small>.<\/li><li><a href=\"https:\/\/fr.wikipedia.org\/wiki\/Club_de_Foot_Montr%C3%A9al#cite_ref-26\">\u2191<\/a>&nbsp;<a href=\"http:\/\/tvanouvelles.ca\/lcn\/sports\/nouvelles\/archives\/2001\/07\/20010720-173303.html\">L&#8217;Impact de Montr\u00e9al d\u00e9clare faillite<\/a><small>&nbsp;[<a href=\"http:\/\/archive.wikiwix.com\/cache\/?url=http%3A%2F%2Ftvanouvelles.ca%2Flcn%2Fsports%2Fnouvelles%2Farchives%2F2001%2F07%2F20010720-173303.html\">archive<\/a>]<\/small>, le 20 juillet 2001, sur&nbsp;<em>tvanouvelles.ca<\/em>.<\/li><li><a href=\"https:\/\/fr.wikipedia.org\/wiki\/Club_de_Foot_Montr%C3%A9al#cite_ref-27\">\u2191<\/a>&nbsp;<a href=\"https:\/\/ici.radio-canada.ca\/premiere\/premiereplus\/sports\/5545\/instant-podium-athlete-medaille-histoire-jeux-olympiques-performance-competition\/7921198-0\">Le jour o\u00f9 l&#8217;Impact a failli mourir<\/a><small>&nbsp;[<a href=\"http:\/\/archive.wikiwix.com\/cache\/?url=https%3A%2F%2Fici.radio-canada.ca%2Fpremiere%2Fpremiereplus%2Fsports%2F5545%2Finstant-podium-athlete-medaille-histoire-jeux-olympiques-performance-competition%2F7921198-0\">archive<\/a>]<\/small>, le 27 juin 2018, sur&nbsp;<em>radio-canada.ca<\/em>.<\/li><li><a href=\"https:\/\/fr.wikipedia.org\/wiki\/Club_de_Foot_Montr%C3%A9al#cite_ref-28\">\u2191<\/a>&nbsp;<a href=\"https:\/\/www.impactmontreal.com\/fr\/post\/2009\/11\/19\/mauro-biello-annonce-sa-retraite\">\u00ab&nbsp;Mauro Biello annonce sa retraite&nbsp;\u00bb<\/a><small>&nbsp;[<a href=\"http:\/\/archive.wikiwix.com\/cache\/?url=https%3A%2F%2Fwww.impactmontreal.com%2Ffr%2Fpost%2F2009%2F11%2F19%2Fmauro-biello-annonce-sa-retraite\">archive<\/a>]<\/small>, le 19 novembre 2009, sur&nbsp;<em>impactmontreal.com<\/em>.<\/li><li><a href=\"https:\/\/fr.wikipedia.org\/wiki\/Club_de_Foot_Montr%C3%A9al#cite_ref-29\">\u2191<\/a>&nbsp;Radio-Canada.ca, Impact 1, Beckham&nbsp;<a href=\"http:\/\/www.radio-canada.ca\/sports\/soccer\/2012\/05\/12\/001-soccer-galaxy-impact.shtml\">http:\/\/www.radio-canada.ca\/sports\/soccer\/2012\/05\/12\/001-soccer-galaxy-impact.shtml<\/a><small>&nbsp;[<a href=\"http:\/\/archive.wikiwix.com\/cache\/?url=http%3A%2F%2Fwww.radio-canada.ca%2Fsports%2Fsoccer%2F2012%2F05%2F12%2F001-soccer-galaxy-impact.shtml\">archive<\/a>]<\/small>&nbsp;, 12 mai 2012<\/li><li><a href=\"https:\/\/fr.wikipedia.org\/wiki\/Club_de_Foot_Montr%C3%A9al#cite_ref-30\">\u2191<\/a>&nbsp;<a href=\"http:\/\/www.journaldemontreal.com\/2012\/07\/03\/nesta-avec-limpact-cest-fait\">\u00ab&nbsp;Nesta avec l&#8217;Impact: c&#8217;est fait&nbsp;\u00bb<\/a><small>&nbsp;[<a href=\"http:\/\/archive.wikiwix.com\/cache\/?url=http%3A%2F%2Fwww.journaldemontreal.com%2F2012%2F07%2F03%2Fnesta-avec-limpact-cest-fait\">archive<\/a>]<\/small>, sur&nbsp;<em>journaldemontreal.com<\/em>,&nbsp;3 juillet 2012&nbsp;<small>(consult\u00e9 le&nbsp;<time datetime=\"2012-07-03\">3 juillet 2012<\/time>)<\/small><\/li><li><a href=\"https:\/\/fr.wikipedia.org\/wiki\/Club_de_Foot_Montr%C3%A9al#cite_ref-31\">\u2191<\/a>&nbsp;<a href=\"http:\/\/www.rds.ca\/soccer\/bernier-joueur-le-plus-utile-de-l-impact-1.356572\">[1]<\/a><small>&nbsp;[<a href=\"http:\/\/archive.wikiwix.com\/cache\/?url=http%3A%2F%2Fwww.rds.ca%2Fsoccer%2Fbernier-joueur-le-plus-utile-de-l-impact-1.356572\">archive<\/a>]<\/small><\/li><li><a href=\"https:\/\/fr.wikipedia.org\/wiki\/Club_de_Foot_Montr%C3%A9al#cite_ref-32\">\u2191<\/a>&nbsp;(en)&nbsp;<a href=\"http:\/\/www.canadasoccer.com\/defending-champions-toronto-fc-off-and-running-p153816\">Defending champions Toronto FC off and running<\/a><small>&nbsp;[<a href=\"http:\/\/archive.wikiwix.com\/cache\/?url=http%3A%2F%2Fwww.canadasoccer.com%2Fdefending-champions-toronto-fc-off-and-running-p153816\">archive<\/a>]<\/small>,&nbsp;<a href=\"https:\/\/fr.wikipedia.org\/wiki\/Association_canadienne_de_soccer\">Association canadienne de soccer<\/a>, 24 avril 2013.<\/li><li><a href=\"https:\/\/fr.wikipedia.org\/wiki\/Club_de_Foot_Montr%C3%A9al#cite_ref-33\">\u2191<\/a>&nbsp;<a href=\"http:\/\/www.impactmontreal.com\/fr\/news\/2013\/12\/frank-klopas-named-head-coach-and-director-player-personnel-montreal-impact\">Frank Klopas nomm\u00e9 entra\u00eeneur-chef et directeur du personnel de l\u2019Impact<\/a><small>&nbsp;[<a href=\"http:\/\/archive.wikiwix.com\/cache\/?url=http%3A%2F%2Fwww.impactmontreal.com%2Ffr%2Fnews%2F2013%2F12%2Ffrank-klopas-named-head-coach-and-director-player-personnel-montreal-impact\">archive<\/a>]<\/small>&nbsp;sur mlssoccer.com<\/li><li><a href=\"https:\/\/fr.wikipedia.org\/wiki\/Club_de_Foot_Montr%C3%A9al#cite_ref-34\">\u2191<\/a>&nbsp;(en)&nbsp;<a href=\"http:\/\/www.mlssoccer.com\/standings\/2014\">Standings<\/a><small>&nbsp;[<a href=\"http:\/\/archive.wikiwix.com\/cache\/?url=http%3A%2F%2Fwww.mlssoccer.com%2Fstandings%2F2014\">archive<\/a>]<\/small>,&nbsp;<em>Major League Soccer<\/em><\/li><li><a href=\"https:\/\/fr.wikipedia.org\/wiki\/Club_de_Foot_Montr%C3%A9al#cite_ref-35\">\u2191<\/a>&nbsp;<a href=\"http:\/\/www.impactmontreal.com\/fr\/news\/2014\/10\/match-report-marco-di-vaio-scores-versus-dc-united-his-final-game\">Marco Di Vaio marque \u00e0 son dernier match en carri\u00e8re<\/a><small>&nbsp;[<a href=\"http:\/\/archive.wikiwix.com\/cache\/?url=http%3A%2F%2Fwww.impactmontreal.com%2Ffr%2Fnews%2F2014%2F10%2Fmatch-report-marco-di-vaio-scores-versus-dc-united-his-final-game\">archive<\/a>]<\/small>,&nbsp;<em>Impact de Montr\u00e9al<\/em>, 25 octobre 2014<\/li><li><a href=\"https:\/\/fr.wikipedia.org\/wiki\/Club_de_Foot_Montr%C3%A9al#cite_ref-36\">\u2191<\/a>&nbsp;<a href=\"http:\/\/www.impactmontreal.com\/fr\/news\/2015\/04\/rapport-de-match-limpact-accede-la-finale-de-la-ligue-des-champions\">\u00ab&nbsp;Rapport de match: L\u2019Impact acc\u00e8de \u00e0 la finale de la Ligue des Champions&nbsp;\u00bb<\/a><small>&nbsp;[<a href=\"http:\/\/archive.wikiwix.com\/cache\/?url=http%3A%2F%2Fwww.impactmontreal.com%2Ffr%2Fnews%2F2015%2F04%2Frapport-de-match-limpact-accede-la-finale-de-la-ligue-des-champions\">archive<\/a>]<\/small>, sur&nbsp;<em>Impact de Montr\u00e9al<\/em>,&nbsp;7 avril 2015&nbsp;<small>(consult\u00e9 le<time datetime=\"2015-09-03\">3 septembre 2015<\/time>)<\/small><\/li><li><a href=\"https:\/\/fr.wikipedia.org\/wiki\/Club_de_Foot_Montr%C3%A9al#cite_ref-37\">\u2191<\/a>&nbsp;\u00ab&nbsp;Apr\u00e8s l\u2019effet Drogba, l\u2019effet Garde&nbsp;\u00bb,&nbsp;<em>DansLesCoulisses.com<\/em>,\u200e&nbsp;11 novembre 2017&nbsp;<small>(<a href=\"http:\/\/www.danslescoulisses.com\/fr\/leffet-remi-garde\/\">lire en ligne<\/a>&nbsp;[<a href=\"http:\/\/archive.wikiwix.com\/cache\/?url=http%3A%2F%2Fwww.danslescoulisses.com%2Ffr%2Fleffet-remi-garde%2F\">archive<\/a>], consult\u00e9 le&nbsp;<time datetime=\"2017-11-18\">18 novembre 2017<\/time>)<\/small><\/li><li><a href=\"https:\/\/fr.wikipedia.org\/wiki\/Club_de_Foot_Montr%C3%A9al#cite_ref-38\">\u2191<\/a>&nbsp;<a href=\"http:\/\/www.impactmontreal.com\/fr\/news\/2015\/07\/limpact-fait-lacquisition-de-lattaquant-didier-drogba\">\u00ab&nbsp;L\u2019Impact fait l&#8217;acquisition de l&#8217;attaquant Didier Drogba&nbsp;\u00bb<\/a><small>&nbsp;[<a href=\"http:\/\/archive.wikiwix.com\/cache\/?url=http%3A%2F%2Fwww.impactmontreal.com%2Ffr%2Fnews%2F2015%2F07%2Flimpact-fait-lacquisition-de-lattaquant-didier-drogba\">archive<\/a>]<\/small>, sur&nbsp;<em>Impact de Montr\u00e9al<\/em>,&nbsp;27 juillet 2015&nbsp;<small>(consult\u00e9 le&nbsp;<time datetime=\"2015-09-03\">3 septembre 2015<\/time>)<\/small><\/li><li><a href=\"https:\/\/fr.wikipedia.org\/wiki\/Club_de_Foot_Montr%C3%A9al#cite_ref-39\">\u2191<\/a>&nbsp;<a href=\"http:\/\/www.impactmontreal.com\/fr\/news\/2015\/08\/mauro-biello-remplace-frank-klopas-titre-dentraineur-chef-par-interim\">\u00ab&nbsp;Mauro Biello remplace Frank Klopas \u00e0 titre d&#8217;entra\u00eeneur-chef par int\u00e9rim&nbsp;\u00bb<\/a><small>&nbsp;[<a href=\"http:\/\/archive.wikiwix.com\/cache\/?url=http%3A%2F%2Fwww.impactmontreal.com%2Ffr%2Fnews%2F2015%2F08%2Fmauro-biello-remplace-frank-klopas-titre-dentraineur-chef-par-interim\">archive<\/a>]<\/small>, sur&nbsp;<em>Impactmontreal.com<\/em>,&nbsp;30 ao\u00fbt 2015&nbsp;<small>(consult\u00e9 le<time datetime=\"2015-09-03\">3 septembre 2015<\/time>)<\/small><\/li><li><a href=\"https:\/\/fr.wikipedia.org\/wiki\/Club_de_Foot_Montr%C3%A9al#cite_ref-40\">\u2191<\/a>&nbsp;<a href=\"http:\/\/www.impactmontreal.com\/fr\/post\/2015\/11\/08\/rapport-de-match-l%E2%80%99impact-s%E2%80%99incline-3-1-en-prolongation-face-au-columbus-crew-sc\">\u00ab&nbsp;Rapport de Match&nbsp;: L\u2019Impact s\u2019incline 3-1 en prolongation face au Columbus Crew SC&nbsp;\u00bb<\/a><small>&nbsp;[<a href=\"http:\/\/archive.wikiwix.com\/cache\/?url=http%3A%2F%2Fwww.impactmontreal.com%2Ffr%2Fpost%2F2015%2F11%2F08%2Frapport-de-match-l%25E2%2580%2599impact-s%25E2%2580%2599incline-3-1-en-prolongation-face-au-columbus-crew-sc\">archive<\/a>]<\/small>, sur&nbsp;<em>Impact de Montr\u00e9al<\/em>,&nbsp;8 novembre 2015<small>(consult\u00e9 le&nbsp;<time datetime=\"2015-12-07\">7 d\u00e9cembre 2015<\/time>)<\/small><\/li><li><a href=\"https:\/\/fr.wikipedia.org\/wiki\/Club_de_Foot_Montr%C3%A9al#cite_ref-41\">\u2191<\/a>&nbsp;<a href=\"http:\/\/www.985fm.ca\/nouvelles\/sports\/54652\/un-franais-la-barre-de-limpact\">http:\/\/www.985fm.ca\/nouvelles\/sports\/54652\/un-franais-la-barre-de-limpact<\/a><small>&nbsp;[<a href=\"http:\/\/archive.wikiwix.com\/cache\/?url=http%3A%2F%2Fwww.985fm.ca%2Fnouvelles%2Fsports%2F54652%2Fun-franais-la-barre-de-limpact\">archive<\/a>]<\/small><\/li><li><a href=\"https:\/\/fr.wikipedia.org\/wiki\/Club_de_Foot_Montr%C3%A9al#cite_ref-42\">\u2191<\/a>&nbsp;Dave L\u00e9vesque,&nbsp;<a href=\"https:\/\/www.journaldemontreal.com\/2019\/08\/21\/qui-est-wilmer-cabrera\">\u00ab&nbsp;Impact: d\u00e9j\u00e0 un sixi\u00e8me coach&nbsp;\u00bb<\/a><small>&nbsp;[<a href=\"http:\/\/archive.wikiwix.com\/cache\/?url=https%3A%2F%2Fwww.journaldemontreal.com%2F2019%2F08%2F21%2Fqui-est-wilmer-cabrera\">archive<\/a>]<\/small>, sur&nbsp;<em>journaldemontreal.com<\/em>,&nbsp;21 ao\u00fbt 2019.<\/li><li><a href=\"https:\/\/fr.wikipedia.org\/wiki\/Club_de_Foot_Montr%C3%A9al#cite_ref-43\">\u2191<\/a>&nbsp;Alexandre&nbsp;Pratt, \u00ab&nbsp;Impact: Kevin Gilmore remplace Joey Saputo \u00c3 la pr\u00c3\u00a9sidence&nbsp;\u00bb,&nbsp;<em>La Presse<\/em>,\u200e&nbsp;22 janvier 2019&nbsp;<small>(<a href=\"https:\/\/www.lapresse.ca\/sports\/soccer\/201901\/22\/01-5211920-impact-kevin-gilmore-remplace-joey-saputo-a-la-presidence.php\">lire en ligne<\/a>&nbsp;[<a href=\"http:\/\/archive.wikiwix.com\/cache\/?url=https%3A%2F%2Fwww.lapresse.ca%2Fsports%2Fsoccer%2F201901%2F22%2F01-5211920-impact-kevin-gilmore-remplace-joey-saputo-a-la-presidence.php\">archive<\/a>], consult\u00e9 le<time datetime=\"2019-01-22\">22 janvier 2019<\/time>)<\/small><\/li><li><a href=\"https:\/\/fr.wikipedia.org\/wiki\/Club_de_Foot_Montr%C3%A9al#cite_ref-44\">\u2191<\/a>&nbsp;La Presse&nbsp;canadienne,&nbsp;<a href=\"https:\/\/985fm.ca\/nouvelles\/sports\/243911\/impact-on-a-decide-d-agir-kevin-gilmore\">\u00ab&nbsp;Impact: \u00abOn a d\u00e9cid\u00e9 d&#8217;agir\u00bb -Kevin Gilmore&nbsp;\u00bb<\/a><small>&nbsp;[<a href=\"http:\/\/archive.wikiwix.com\/cache\/?url=https%3A%2F%2F985fm.ca%2Fnouvelles%2Fsports%2F243911%2Fimpact-on-a-decide-d-agir-kevin-gilmore\">archive<\/a>]<\/small>, sur&nbsp;<em>98.5 FM<\/em>&nbsp;<small>(consult\u00e9 le&nbsp;<time datetime=\"2019-08-29\">29 ao\u00fbt 2019<\/time>)<\/small><\/li><li><a href=\"https:\/\/fr.wikipedia.org\/wiki\/Club_de_Foot_Montr%C3%A9al#cite_ref-45\">\u2191<\/a>&nbsp;<a href=\"https:\/\/www.journaldemontreal.com\/2019\/11\/19\/limpact-a-la-une-grace-a-thierry-henry\">\u00ab&nbsp;limpact-a-la-une-grace-a-thierry-henry&nbsp;\u00bb<\/a><small>&nbsp;[<a href=\"http:\/\/archive.wikiwix.com\/cache\/?url=https%3A%2F%2Fwww.journaldemontreal.com%2F2019%2F11%2F19%2Flimpact-a-la-une-grace-a-thierry-henry\">archive<\/a>]<\/small><\/li><li><a href=\"https:\/\/fr.wikipedia.org\/wiki\/Club_de_Foot_Montr%C3%A9al#cite_ref-46\">\u2191<\/a>&nbsp;<a href=\"https:\/\/majeur.info\/2020\/12\/02\/les-supporters-de-limpact-se-mobilisent-contre-le-changement-de-nom-du-club\/\">\u00ab&nbsp;Les supporters de l&#8217;Impact se mobilisent contre le changement de nom&nbsp;\u00bb<\/a><small>&nbsp;[<a href=\"http:\/\/archive.wikiwix.com\/cache\/?url=https%3A%2F%2Fmajeur.info%2F2020%2F12%2F02%2Fles-supporters-de-limpact-se-mobilisent-contre-le-changement-de-nom-du-club%2F\">archive<\/a>]<\/small>, sur&nbsp;<em>majeur.info<\/em>,&nbsp;2 d\u00e9cembre 2020&nbsp;<small>(consult\u00e9 le&nbsp;<time datetime=\"2021-01-14\">14 janvier 2021<\/time>)<\/small><\/li><li><a href=\"https:\/\/fr.wikipedia.org\/wiki\/Club_de_Foot_Montr%C3%A9al#cite_ref-47\">\u2191<\/a>&nbsp;(en)&nbsp;Daniel J. Rowe,&nbsp;<a href=\"https:\/\/montreal.ctvnews.ca\/montreal-impact-ultras-warn-club-any-name-change-will-cause-a-rift-with-its-fans-1.5217137\">\u00ab&nbsp;Montreal Impact ultras warn club any name change will cause a &#8216;rift&#8217; with its fans&nbsp;\u00bb<\/a><small>&nbsp;[<a href=\"http:\/\/archive.wikiwix.com\/cache\/?url=https%3A%2F%2Fmontreal.ctvnews.ca%2Fmontreal-impact-ultras-warn-club-any-name-change-will-cause-a-rift-with-its-fans-1.5217137\">archive<\/a>]<\/small>, sur&nbsp;<em>montreal.ctvnews.ca<\/em>,&nbsp;4 d\u00e9cembre 2020&nbsp;<small>(consult\u00e9 le&nbsp;<time datetime=\"2021-01-14\">14 janvier 2021<\/time>)<\/small><\/li><li><a href=\"https:\/\/fr.wikipedia.org\/wiki\/Club_de_Foot_Montr%C3%A9al#cite_ref-48\">\u2191<\/a>&nbsp;Dave L\u00e9vesque,&nbsp;<a href=\"https:\/\/www.tvasports.ca\/2020\/12\/04\/une-petition-pour-garder-le-nom-impact\">\u00ab&nbsp;Une p\u00e9tition pour garder le nom Impact&nbsp;\u00bb<\/a><small>&nbsp;[<a href=\"http:\/\/archive.wikiwix.com\/cache\/?url=https%3A%2F%2Fwww.tvasports.ca%2F2020%2F12%2F04%2Fune-petition-pour-garder-le-nom-impact\">archive<\/a>]<\/small>, sur&nbsp;<em>tvasports.ca<\/em>,&nbsp;4 d\u00e9cembre 2020&nbsp;<small>(consult\u00e9 le&nbsp;<time datetime=\"2021-01-14\">14 janvier 2021<\/time>)<\/small><\/li><li>\u2191&nbsp;<sup><a href=\"https:\/\/fr.wikipedia.org\/wiki\/Club_de_Foot_Montr%C3%A9al#cite_ref-Henry_quitte_49-0\">Revenir plus haut en&nbsp;:a<\/a>&nbsp;et&nbsp;<a href=\"https:\/\/fr.wikipedia.org\/wiki\/Club_de_Foot_Montr%C3%A9al#cite_ref-Henry_quitte_49-1\">b<\/a><\/sup>&nbsp;<a href=\"https:\/\/www.cfmontreal.com\/fr\/post\/2021\/02\/25\/thierry-henry-renonce-%C3%A0-ses-fonctions-dentra%C3%AEneur-chef-du-cf-montr%C3%A9al\">\u00ab&nbsp;Thierry Henry renonce \u00e0 ses fonctions d&#8217;entra\u00eeneur-chef du CF Montr\u00e9al&nbsp;\u00bb<\/a><small>&nbsp;[<a href=\"http:\/\/archive.wikiwix.com\/cache\/?url=https%3A%2F%2Fwww.cfmontreal.com%2Ffr%2Fpost%2F2021%2F02%2F25%2Fthierry-henry-renonce-%25C3%25A0-ses-fonctions-dentra%25C3%25AEneur-chef-du-cf-montr%25C3%25A9al\">archive<\/a>]<\/small>, sur&nbsp;<em>cfmontreal.com<\/em>,&nbsp;25 f\u00e9vrier 2021.<\/li><li>\u2191&nbsp;<sup><a href=\"https:\/\/fr.wikipedia.org\/wiki\/Club_de_Foot_Montr%C3%A9al#cite_ref-Nancy_arrive_50-0\">Revenir plus haut en&nbsp;:a<\/a>&nbsp;et&nbsp;<a href=\"https:\/\/fr.wikipedia.org\/wiki\/Club_de_Foot_Montr%C3%A9al#cite_ref-Nancy_arrive_50-1\">b<\/a><\/sup>&nbsp;<a href=\"https:\/\/www.cfmontreal.com\/fr\/post\/2021\/03\/08\/wilfried-nancy-nomm%C3%A9-entra%C3%AEneur-chef-du-cf-montr%C3%A9al\">\u00ab&nbsp;Wilfried Nancy nomm\u00e9 entra\u00eeneur-chef du CF Montr\u00e9al&nbsp;\u00bb<\/a><small>&nbsp;[<a href=\"http:\/\/archive.wikiwix.com\/cache\/?url=https%3A%2F%2Fwww.cfmontreal.com%2Ffr%2Fpost%2F2021%2F03%2F08%2Fwilfried-nancy-nomm%25C3%25A9-entra%25C3%25AEneur-chef-du-cf-montr%25C3%25A9al\">archive<\/a>]<\/small>, sur&nbsp;<em>cfmontreal.com<\/em>,&nbsp;8 mars 2021.<\/li><li><a href=\"https:\/\/fr.wikipedia.org\/wiki\/Club_de_Foot_Montr%C3%A9al#cite_ref-51\">\u2191<\/a>&nbsp;Fr\u00e9d\u00e9rick Duchesneau,&nbsp;<a href=\"https:\/\/www.lapresse.ca\/sports\/soccer\/2021-04-17\/mls\/le-cf-montreal-offre-une-premiere-victoire-a-wilfried-nancy.php\">\u00ab&nbsp;Le CF Montr\u00e9al offre une premi\u00e8re victoire \u00e0 Wilfried Nancy&nbsp;\u00bb<\/a><small>&nbsp;[<a href=\"http:\/\/archive.wikiwix.com\/cache\/?url=https%3A%2F%2Fwww.lapresse.ca%2Fsports%2Fsoccer%2F2021-04-17%2Fmls%2Fle-cf-montreal-offre-une-premiere-victoire-a-wilfried-nancy.php\">archive<\/a>]<\/small>, sur&nbsp;<em>lapresse.ca<\/em>,&nbsp;17 avril 2021<\/li><li><a href=\"https:\/\/fr.wikipedia.org\/wiki\/Club_de_Foot_Montr%C3%A9al#cite_ref-52\">\u2191<\/a>&nbsp;Dave L\u00e9vesque,&nbsp;<a href=\"https:\/\/www.journaldemontreal.com\/2021\/04\/17\/belle-victoire-du-cf-montreal-a-son-premier-match-de-la-saison\">\u00ab&nbsp;CF Montr\u00e9al: premi\u00e8re victoire pour Nancy&nbsp;\u00bb<\/a><small>&nbsp;[<a href=\"http:\/\/archive.wikiwix.com\/cache\/?url=https%3A%2F%2Fwww.journaldemontreal.com%2F2021%2F04%2F17%2Fbelle-victoire-du-cf-montreal-a-son-premier-match-de-la-saison\">archive<\/a>]<\/small>, sur&nbsp;<em>journaldemontreal.com<\/em>,&nbsp;17 avril 2021<\/li><li>\u2191&nbsp;<sup><a href=\"https:\/\/fr.wikipedia.org\/wiki\/Club_de_Foot_Montr%C3%A9al#cite_ref-Registre_des_joueurs_59-0\">Revenir plus haut en&nbsp;:a<\/a>&nbsp;et&nbsp;<a href=\"https:\/\/fr.wikipedia.org\/wiki\/Club_de_Foot_Montr%C3%A9al#cite_ref-Registre_des_joueurs_59-1\">b<\/a><\/sup>&nbsp;<a href=\"http:\/\/www.impactmontreal.com\/fr\/club\/history\/seconddivision\/players\">Tous les joueurs en seconde division<\/a><small>&nbsp;[<a href=\"http:\/\/archive.wikiwix.com\/cache\/?url=http%3A%2F%2Fwww.impactmontreal.com%2Ffr%2Fclub%2Fhistory%2Fseconddivision%2Fplayers\">archive<\/a>]<\/small>,&nbsp;<em>Impact de Montr\u00e9al<\/em><\/li><li><a href=\"https:\/\/fr.wikipedia.org\/wiki\/Club_de_Foot_Montr%C3%A9al#cite_ref-60\">\u2191<\/a>&nbsp;<a href=\"http:\/\/www.impactmontreal.com\/fr\/news\/2012\/08\/montreal-looks-hit-few-milestones-inaugural-season\">impactmontreal.com 22 ao\u00fbt 2012<\/a><small>&nbsp;[<a href=\"http:\/\/archive.wikiwix.com\/cache\/?url=http%3A%2F%2Fwww.impactmontreal.com%2Ffr%2Fnews%2F2012%2F08%2Fmontreal-looks-hit-few-milestones-inaugural-season\">archive<\/a>]<\/small><\/li><li><a href=\"https:\/\/fr.wikipedia.org\/wiki\/Club_de_Foot_Montr%C3%A9al#cite_ref-61\">\u2191<\/a>&nbsp;<a href=\"https:\/\/www.impactmontreal.com\/fr\/club\/crest-colours\">\u00ab&nbsp;Nos couleurs&nbsp;\u00bb<\/a><small>&nbsp;[<a href=\"http:\/\/archive.wikiwix.com\/cache\/?url=https%3A%2F%2Fwww.impactmontreal.com%2Ffr%2Fclub%2Fcrest-colours\">archive<\/a>]<\/small>, sur&nbsp;<em>impactmontreal.com<\/em>.<\/li><li><a href=\"https:\/\/fr.wikipedia.org\/wiki\/Club_de_Foot_Montr%C3%A9al#cite_ref-62\">\u2191<\/a>&nbsp;<a href=\"http:\/\/.%20http\/\/montrealmls2012.com\/stade.php?language%20=%20FR\">\u00ab&nbsp;Stades&nbsp;\u00bb<\/a><small>&nbsp;[<a href=\"http:\/\/archive.wikiwix.com\/cache\/?url=http%3A%2F%2F.%2520http%2F%2Fmontrealmls2012.com%2Fstade.php%3Flanguage%2520%3D%2520FR\">archive<\/a>]<\/small>, Montr\u00e9al MLS 2012,&nbsp;2 juin 2010&nbsp;<small>(consult\u00e9 le&nbsp;<time datetime=\"2010-09-13\">13 septembre 2010<\/time>)<\/small><\/li><li><a href=\"https:\/\/fr.wikipedia.org\/wiki\/Club_de_Foot_Montr%C3%A9al#cite_ref-63\">\u2191<\/a>&nbsp;<a href=\"http:\/\/www.impactmontreal.com\/fr\/news\/2014\/09\/caserne-letourneux-100-years-later\">Caserne Letourneux&nbsp;: 100 ans plus tard<\/a><small>&nbsp;[<a href=\"http:\/\/archive.wikiwix.com\/cache\/?url=http%3A%2F%2Fwww.impactmontreal.com%2Ffr%2Fnews%2F2014%2F09%2Fcaserne-letourneux-100-years-later\">archive<\/a>]<\/small><\/li><li><a href=\"https:\/\/fr.wikipedia.org\/wiki\/Club_de_Foot_Montr%C3%A9al#cite_ref-64\">\u2191<\/a>&nbsp;<a href=\"https:\/\/www.impactmontreal.com\/histoire\/entra%C3%AEneurs\">Histoire des entra\u00eeneurs de l&#8217;Impact de Montr\u00e9al<\/a><small>&nbsp;[<a href=\"http:\/\/archive.wikiwix.com\/cache\/?url=https%3A%2F%2Fwww.impactmontreal.com%2Fhistoire%2Fentra%25C3%25AEneurs\">archive<\/a>]<\/small>&nbsp;sur&nbsp;<em>impactmontreal.com<\/em><\/li><li><a href=\"https:\/\/fr.wikipedia.org\/wiki\/Club_de_Foot_Montr%C3%A9al#cite_ref-65\">\u2191<\/a>&nbsp;<a href=\"https:\/\/www.footballdatabase.eu\/fr\/club\/details\/555-impact_de_montreal\">Historique des entra\u00eeneurs de l&#8217;Impact de Montr\u00e9al<\/a><small>&nbsp;[<a href=\"http:\/\/archive.wikiwix.com\/cache\/?url=https%3A%2F%2Fwww.footballdatabase.eu%2Ffr%2Fclub%2Fdetails%2F555-impact_de_montreal\">archive<\/a>]<\/small>&nbsp;sur&nbsp;<em>footballdatabase.eu<\/em><\/li><li><a href=\"https:\/\/fr.wikipedia.org\/wiki\/Club_de_Foot_Montr%C3%A9al#cite_ref-66\">\u2191<\/a>&nbsp;Richard Chartier, \u00ab&nbsp;Eddie Firmani dirigera l&#8217;Impact de Montr\u00e9al&nbsp;\u00bb,&nbsp;<em><a href=\"https:\/\/fr.wikipedia.org\/wiki\/La_Presse_(Montr%C3%A9al)\">La Presse<\/a><\/em>,\u200e&nbsp;3 f\u00e9vrier 1993&nbsp;<small>(<a href=\"http:\/\/numerique.banq.qc.ca\/patrimoine\/details\/52327\/2175159?docsearchtext=eddie%20firmani%201993\">lire en ligne<\/a>&nbsp;[<a href=\"http:\/\/archive.wikiwix.com\/cache\/?url=http%3A%2F%2Fnumerique.banq.qc.ca%2Fpatrimoine%2Fdetails%2F52327%2F2175159%3Fdocsearchtext%3Deddie%2520firmani%25201993\">archive<\/a>])<\/small>.<\/li><li><a href=\"https:\/\/fr.wikipedia.org\/wiki\/Club_de_Foot_Montr%C3%A9al#cite_ref-67\">\u2191<\/a>&nbsp;Gilles Bourcier, \u00ab&nbsp;Les larmes aux yeux, Gazzola passe d&#8217;entra\u00eeneur \u00e0 directeur&nbsp;\u00bb,&nbsp;<em><a href=\"https:\/\/fr.wikipedia.org\/wiki\/La_Presse_(Montr%C3%A9al)\">La Presse<\/a><\/em>,\u200e&nbsp;18 septembre 1997&nbsp;<small>(<a href=\"http:\/\/numerique.banq.qc.ca\/patrimoine\/details\/52327\/2184619?docsearchtext=valerio%20gazzola\">lire en ligne<\/a>&nbsp;[<a href=\"http:\/\/archive.wikiwix.com\/cache\/?url=http%3A%2F%2Fnumerique.banq.qc.ca%2Fpatrimoine%2Fdetails%2F52327%2F2184619%3Fdocsearchtext%3Dvalerio%2520gazzola\">archive<\/a>])<\/small>.<\/li><li><a href=\"https:\/\/fr.wikipedia.org\/wiki\/Club_de_Foot_Montr%C3%A9al#cite_ref-69\">\u2191<\/a>&nbsp;\u00ab&nbsp;Aarnio devient l&#8217;entra\u00eeneur de l&#8217;Impact&nbsp;\u00bb,&nbsp;<em><a href=\"https:\/\/fr.wikipedia.org\/wiki\/Le_Soleil_(Qu%C3%A9bec)\">Le Soleil<\/a><\/em>,\u200e&nbsp;22 octobre 1997&nbsp;<small>(<a href=\"http:\/\/numerique.banq.qc.ca\/patrimoine\/details\/52327\/2914553\">lire en ligne<\/a>&nbsp;[<a href=\"http:\/\/archive.wikiwix.com\/cache\/?url=http%3A%2F%2Fnumerique.banq.qc.ca%2Fpatrimoine%2Fdetails%2F52327%2F2914553\">archive<\/a>])<\/small>.<\/li><li>\u2191&nbsp;<sup><a href=\"https:\/\/fr.wikipedia.org\/wiki\/Club_de_Foot_Montr%C3%A9al#cite_ref-Aarnio_%C3%A0_Kitson_70-0\">Revenir plus haut en&nbsp;:a<\/a>&nbsp;et&nbsp;<a href=\"https:\/\/fr.wikipedia.org\/wiki\/Club_de_Foot_Montr%C3%A9al#cite_ref-Aarnio_%C3%A0_Kitson_70-1\">b<\/a><\/sup>&nbsp;\u00ab&nbsp;L&#8217;effet Paul Kitson, un an plus tard&nbsp;\u00bb,&nbsp;<em><a href=\"https:\/\/fr.wikipedia.org\/wiki\/Le_Devoir\">Le Devoir<\/a><\/em>,\u200e&nbsp;10 f\u00e9vrier 1999&nbsp;<small>(<a href=\"http:\/\/numerique.banq.qc.ca\/patrimoine\/details\/52327\/2806675?docsearchtext=kitson\">lire en ligne<\/a>&nbsp;[<a href=\"http:\/\/archive.wikiwix.com\/cache\/?url=http%3A%2F%2Fnumerique.banq.qc.ca%2Fpatrimoine%2Fdetails%2F52327%2F2806675%3Fdocsearchtext%3Dkitson\">archive<\/a>])<\/small>.<\/li><li><a href=\"https:\/\/fr.wikipedia.org\/wiki\/Club_de_Foot_Montr%C3%A9al#cite_ref-72\">\u2191<\/a>&nbsp;\u00ab&nbsp;L&#8217;Impact repart \u00e0 neuf&nbsp;\u00bb,&nbsp;<em><a href=\"https:\/\/fr.wikipedia.org\/wiki\/Le_Soleil_(Qu%C3%A9bec)\">Le Soleil<\/a><\/em>,\u200e&nbsp;12 ao\u00fbt 1999&nbsp;<small>(<a href=\"http:\/\/numerique.banq.qc.ca\/patrimoine\/details\/52327\/2934522?docsearchtext=paul%20kitson%201999\">lire en ligne<\/a>&nbsp;[<a href=\"http:\/\/archive.wikiwix.com\/cache\/?url=http%3A%2F%2Fnumerique.banq.qc.ca%2Fpatrimoine%2Fdetails%2F52327%2F2934522%3Fdocsearchtext%3Dpaul%2520kitson%25201999\">archive<\/a>])<\/small>.<\/li><li><a href=\"https:\/\/fr.wikipedia.org\/wiki\/Club_de_Foot_Montr%C3%A9al#cite_ref-73\">\u2191<\/a>&nbsp;<a href=\"https:\/\/www.rds.ca\/tasso-koutsoukos-congedie-par-l-impact-1.429356\">Tasso Koutsoukos cong\u00e9di\u00e9 par L&#8217;Impact<\/a><small>&nbsp;[<a href=\"http:\/\/archive.wikiwix.com\/cache\/?url=https%3A%2F%2Fwww.rds.ca%2Ftasso-koutsoukos-congedie-par-l-impact-1.429356\">archive<\/a>]<\/small>,&nbsp;<em><a href=\"https:\/\/fr.wikipedia.org\/wiki\/R%C3%A9seau_des_sports\">R\u00e9seau des sports<\/a><\/em>, 15 mars 2000<\/li><li><a href=\"https:\/\/fr.wikipedia.org\/wiki\/Club_de_Foot_Montr%C3%A9al#cite_ref-74\">\u2191<\/a>&nbsp;\u00ab&nbsp;Limniatis \u00ab&nbsp;Notre destin est entre nos mains&nbsp;\u00bb&nbsp;\u00bb,&nbsp;<em><a href=\"https:\/\/fr.wikipedia.org\/wiki\/La_Presse_(Montr%C3%A9al)\">La Presse<\/a><\/em>,\u200e&nbsp;17 mars 2000&nbsp;<small>(<a href=\"http:\/\/numerique.banq.qc.ca\/patrimoine\/details\/52327\/2189800?docsearchtext=tasso%20koutsoukos%201998\">lire en ligne<\/a>&nbsp;[<a href=\"http:\/\/archive.wikiwix.com\/cache\/?url=http%3A%2F%2Fnumerique.banq.qc.ca%2Fpatrimoine%2Fdetails%2F52327%2F2189800%3Fdocsearchtext%3Dtasso%2520koutsoukos%25201998\">archive<\/a>])<\/small>.<\/li><li><a href=\"https:\/\/fr.wikipedia.org\/wiki\/Club_de_Foot_Montr%C3%A9al#cite_ref-75\">\u2191<\/a>&nbsp;<a href=\"https:\/\/www.tvanouvelles.ca\/2000\/04\/18\/limpact-choisit-son-entraineur-pour-la-saison-exterieure\">L&#8217;Impact choisit son entra\u00eeneur pour la saison ext\u00e9rieure<\/a><small>&nbsp;[<a href=\"http:\/\/archive.wikiwix.com\/cache\/?url=https%3A%2F%2Fwww.tvanouvelles.ca%2F2000%2F04%2F18%2Flimpact-choisit-son-entraineur-pour-la-saison-exterieure\">archive<\/a>]<\/small>,&nbsp;<em><a href=\"https:\/\/fr.wikipedia.org\/wiki\/TVA_Nouvelles\">TVA Nouvelles<\/a><\/em>, 18 avril 2000<\/li><li><a href=\"https:\/\/fr.wikipedia.org\/wiki\/Club_de_Foot_Montr%C3%A9al#cite_ref-76\">\u2191<\/a>&nbsp;<a href=\"https:\/\/www.rds.ca\/l-impact-congedie-l-entraineur-1.429629\">L&#8217;Impact cong\u00e9die l&#8217;entra\u00eeneur<\/a><small>&nbsp;[<a href=\"http:\/\/archive.wikiwix.com\/cache\/?url=https%3A%2F%2Fwww.rds.ca%2Fl-impact-congedie-l-entraineur-1.429629\">archive<\/a>]<\/small>,&nbsp;<em><a href=\"https:\/\/fr.wikipedia.org\/wiki\/R%C3%A9seau_des_sports\">R\u00e9seau des sports<\/a><\/em>, 8 juin 2000<\/li><li><a href=\"https:\/\/fr.wikipedia.org\/wiki\/Club_de_Foot_Montr%C3%A9al#cite_ref-77\">\u2191<\/a>&nbsp;\u00ab&nbsp;Gazzola de retour \u00e0 la barre de l&#8217;Impact&nbsp;\u00bb,&nbsp;<em><a href=\"https:\/\/fr.wikipedia.org\/wiki\/La_Tribune_(Sherbrooke)\">La Tribune<\/a><\/em>,\u200e&nbsp;9 juin 2000&nbsp;<small>(<a href=\"http:\/\/numerique.banq.qc.ca\/patrimoine\/details\/52327\/3757841\">lire en ligne<\/a>&nbsp;[<a href=\"http:\/\/archive.wikiwix.com\/cache\/?url=http%3A%2F%2Fnumerique.banq.qc.ca%2Fpatrimoine%2Fdetails%2F52327%2F3757841\">archive<\/a>])<\/small>.<\/li><li>\u2191&nbsp;<sup><a href=\"https:\/\/fr.wikipedia.org\/wiki\/Club_de_Foot_Montr%C3%A9al#cite_ref-Gazzola_%C3%A0_De_Santis_78-0\">Revenir plus haut en&nbsp;:a<\/a>&nbsp;et&nbsp;<a href=\"https:\/\/fr.wikipedia.org\/wiki\/Club_de_Foot_Montr%C3%A9al#cite_ref-Gazzola_%C3%A0_De_Santis_78-1\">b<\/a><\/sup>&nbsp;<a href=\"https:\/\/www.tvanouvelles.ca\/2001\/07\/24\/joey-saputo-prendra-en-charge-limpact-de-montreal-jusqua-la-fin-de-la-saison\">Joey Saputo prendra en charge l&#8217;Impact de Montr\u00e9al jusqu&#8217;\u00e0 la fin de la saison<\/a><small>&nbsp;[<a href=\"http:\/\/archive.wikiwix.com\/cache\/?url=https%3A%2F%2Fwww.tvanouvelles.ca%2F2001%2F07%2F24%2Fjoey-saputo-prendra-en-charge-limpact-de-montreal-jusqua-la-fin-de-la-saison\">archive<\/a>]<\/small>,&nbsp;<em><a href=\"https:\/\/fr.wikipedia.org\/wiki\/TVA_Nouvelles\">TVA Nouvelles<\/a><\/em>, 24 juillet 2001<\/li><li>\u2191&nbsp;<sup><a href=\"https:\/\/fr.wikipedia.org\/wiki\/Club_de_Foot_Montr%C3%A9al#cite_ref-De_Santis_%C3%A0_Lilley_79-0\">Revenir plus haut en&nbsp;:a<\/a>&nbsp;et&nbsp;<a href=\"https:\/\/fr.wikipedia.org\/wiki\/Club_de_Foot_Montr%C3%A9al#cite_ref-De_Santis_%C3%A0_Lilley_79-1\">b<\/a><\/sup>&nbsp;Simon Tremblay,&nbsp;<a href=\"https:\/\/www.rds.ca\/soccer\/bob-lilley-est-le-nouvel-entraineur-de-l-impact-1.187924\">Bob Lilley est le nouvel entra\u00eeneur de l&#8217;Impact<\/a><small>&nbsp;[<a href=\"http:\/\/archive.wikiwix.com\/cache\/?url=https%3A%2F%2Fwww.rds.ca%2Fsoccer%2Fbob-lilley-est-le-nouvel-entraineur-de-l-impact-1.187924\">archive<\/a>]<\/small>,&nbsp;<em><a href=\"https:\/\/fr.wikipedia.org\/wiki\/R%C3%A9seau_des_sports\">R\u00e9seau des sports<\/a><\/em>, 23 janvier 2002<\/li><li><a href=\"https:\/\/fr.wikipedia.org\/wiki\/Club_de_Foot_Montr%C3%A9al#cite_ref-80\">\u2191<\/a>&nbsp;Fran\u00e7ois-\u00c9tienne Corbin,&nbsp;<a href=\"https:\/\/www.rds.ca\/soccer\/bob-lilley-un-depart-qui-surprend-1.559063\">Bob Lilley, un d\u00e9part qui surprend<\/a><small>&nbsp;[<a href=\"http:\/\/archive.wikiwix.com\/cache\/?url=https%3A%2F%2Fwww.rds.ca%2Fsoccer%2Fbob-lilley-un-depart-qui-surprend-1.559063\">archive<\/a>]<\/small>,&nbsp;<em><a href=\"https:\/\/fr.wikipedia.org\/wiki\/R%C3%A9seau_des_sports\">R\u00e9seau des sports<\/a><\/em>, 7 octobre 2003<\/li><li><a href=\"https:\/\/fr.wikipedia.org\/wiki\/Club_de_Foot_Montr%C3%A9al#cite_ref-81\">\u2191<\/a>&nbsp;<a href=\"https:\/\/www.rds.ca\/soccer\/nick-desantis-est-le-nouvel-entraineur-de-l-impact-1.188625\">Nick Desantis est le nouvel entra\u00eeneur de l&#8217;Impact<\/a><small>&nbsp;[<a href=\"http:\/\/archive.wikiwix.com\/cache\/?url=https%3A%2F%2Fwww.rds.ca%2Fsoccer%2Fnick-desantis-est-le-nouvel-entraineur-de-l-impact-1.188625\">archive<\/a>]<\/small>,&nbsp;<em><a href=\"https:\/\/fr.wikipedia.org\/wiki\/R%C3%A9seau_des_sports\">R\u00e9seau des sports<\/a><\/em>, 20 novembre 2003<\/li><li>\u2191&nbsp;<sup><a href=\"https:\/\/fr.wikipedia.org\/wiki\/Club_de_Foot_Montr%C3%A9al#cite_ref-De_Santis_%C3%A0_Limniatis_82-0\">Revenir plus haut en&nbsp;:a<\/a>&nbsp;et&nbsp;<a href=\"https:\/\/fr.wikipedia.org\/wiki\/Club_de_Foot_Montr%C3%A9al#cite_ref-De_Santis_%C3%A0_Limniatis_82-1\">b<\/a><\/sup>&nbsp;<a href=\"http:\/\/www.impactsoccer.com\/news.php?id=845\">John Limniatis nouvel entra\u00eeneur<\/a><small>&nbsp;[<a href=\"http:\/\/archive.wikiwix.com\/cache\/?url=http%3A%2F%2Fwww.impactsoccer.com%2Fnews.php%3Fid%3D845\">archive<\/a>]<\/small>&nbsp;sur&nbsp;<em>ImpactSoccer.com<\/em>, 10 juin 2008<\/li><li>\u2191&nbsp;<sup><a href=\"https:\/\/fr.wikipedia.org\/wiki\/Club_de_Foot_Montr%C3%A9al#cite_ref-Limniatis_%C3%A0_Dos_Santos_83-0\">Revenir plus haut en&nbsp;:a<\/a>&nbsp;et&nbsp;<a href=\"https:\/\/fr.wikipedia.org\/wiki\/Club_de_Foot_Montr%C3%A9al#cite_ref-Limniatis_%C3%A0_Dos_Santos_83-1\">b<\/a><\/sup>&nbsp;<a href=\"https:\/\/www.rds.ca\/soccer\/l-impact-perd-confiance-en-limniatis-1.220485\">L&#8217;Impact perd confiance en Limniatis<\/a><small>&nbsp;[<a href=\"http:\/\/archive.wikiwix.com\/cache\/?url=https%3A%2F%2Fwww.rds.ca%2Fsoccer%2Fl-impact-perd-confiance-en-limniatis-1.220485\">archive<\/a>]<\/small>,&nbsp;<em><a href=\"https:\/\/fr.wikipedia.org\/wiki\/R%C3%A9seau_des_sports\">R\u00e9seau des sports<\/a><\/em>, 14 mai 2009<\/li><li>\u2191&nbsp;<sup><a href=\"https:\/\/fr.wikipedia.org\/wiki\/Club_de_Foot_Montr%C3%A9al#cite_ref-Dos_Santos_%C3%A0_De_Santis_84-0\">Revenir plus haut en&nbsp;:a<\/a>&nbsp;et&nbsp;<a href=\"https:\/\/fr.wikipedia.org\/wiki\/Club_de_Foot_Montr%C3%A9al#cite_ref-Dos_Santos_%C3%A0_De_Santis_84-1\">b<\/a><\/sup>&nbsp;<a href=\"https:\/\/www.ledevoir.com\/sports\/326393\/l-entraineur-de-l-impact-marc-dos-santos-remet-sa-demission\">L\u2019entra\u00eeneur de l\u2019Impact Marc Dos Santos remet sa d\u00e9mission<\/a><small>&nbsp;[<a href=\"http:\/\/archive.wikiwix.com\/cache\/?url=https%3A%2F%2Fwww.ledevoir.com%2Fsports%2F326393%2Fl-entraineur-de-l-impact-marc-dos-santos-remet-sa-demission\">archive<\/a>]<\/small>,&nbsp;<em><a href=\"https:\/\/fr.wikipedia.org\/wiki\/Le_Devoir\">Le Devoir<\/a><\/em>, 28 juin 2011<\/li><li>\u2191&nbsp;<sup><a href=\"https:\/\/fr.wikipedia.org\/wiki\/Club_de_Foot_Montr%C3%A9al#cite_ref-De_Santis_%C3%A0_Marsch_85-0\">Revenir plus haut en&nbsp;:a<\/a>&nbsp;et&nbsp;<a href=\"https:\/\/fr.wikipedia.org\/wiki\/Club_de_Foot_Montr%C3%A9al#cite_ref-De_Santis_%C3%A0_Marsch_85-1\">b<\/a><\/sup>&nbsp;<a href=\"https:\/\/www.impactmontreal.com\/fr\/post\/2011\/08\/10\/jesse-marsch-nomm%C3%A9-entra%C3%AEneur-chef-de-limpact-de-montr%C3%A9al\">Jesse Marsch nomm\u00e9 entra\u00eeneur-chef de l&#8217;Impact de Montr\u00e9al<\/a><small>&nbsp;[<a href=\"http:\/\/archive.wikiwix.com\/cache\/?url=https%3A%2F%2Fwww.impactmontreal.com%2Ffr%2Fpost%2F2011%2F08%2F10%2Fjesse-marsch-nomm%25C3%25A9-entra%25C3%25AEneur-chef-de-limpact-de-montr%25C3%25A9al\">archive<\/a>]<\/small>,&nbsp;<em>Impact de Montr\u00e9al<\/em>, 10 ao\u00fbt 2011<\/li><li><a href=\"https:\/\/fr.wikipedia.org\/wiki\/Club_de_Foot_Montr%C3%A9al#cite_ref-86\">\u2191<\/a>&nbsp;<a href=\"https:\/\/www.rds.ca\/soccer\/separation-entre-l-impact-et-j-marsch-1.358134\">S\u00e9paration entre l&#8217;Impact et J. Marsch<\/a><small>&nbsp;[<a href=\"http:\/\/archive.wikiwix.com\/cache\/?url=https%3A%2F%2Fwww.rds.ca%2Fsoccer%2Fseparation-entre-l-impact-et-j-marsch-1.358134\">archive<\/a>]<\/small>,&nbsp;<em><a href=\"https:\/\/fr.wikipedia.org\/wiki\/R%C3%A9seau_des_sports\">R\u00e9seau des sports<\/a><\/em>, 3 novembre 2012<\/li><li><a href=\"https:\/\/fr.wikipedia.org\/wiki\/Club_de_Foot_Montr%C3%A9al#cite_ref-87\">\u2191<\/a>&nbsp;<a href=\"https:\/\/www.journaldemontreal.com\/2012\/11\/05\/mauro-biello-assure-linterim\">Mauro Biello assure l&#8217;int\u00e9rim<\/a><small>&nbsp;[<a href=\"http:\/\/archive.wikiwix.com\/cache\/?url=https%3A%2F%2Fwww.journaldemontreal.com%2F2012%2F11%2F05%2Fmauro-biello-assure-linterim\">archive<\/a>]<\/small>,&nbsp;<em><a href=\"https:\/\/fr.wikipedia.org\/wiki\/Le_Journal_de_Montr%C3%A9al\">Le Journal de Montr\u00e9al<\/a><\/em>, 5 novembre 2012<\/li><li>\u2191&nbsp;<sup><a href=\"https:\/\/fr.wikipedia.org\/wiki\/Club_de_Foot_Montr%C3%A9al#cite_ref-Biello_%C3%A0_Sch%C3%A4llibaum_88-0\">Revenir plus haut en&nbsp;:a<\/a>&nbsp;et&nbsp;<a href=\"https:\/\/fr.wikipedia.org\/wiki\/Club_de_Foot_Montr%C3%A9al#cite_ref-Biello_%C3%A0_Sch%C3%A4llibaum_88-1\">b<\/a><\/sup>&nbsp;<a href=\"https:\/\/www.impactmontreal.com\/fr\/post\/2013\/01\/06\/marco-sch%C3%A4llibaum-nomm%C3%A9-entra%C3%AEneur-chef-de-limpact-de-montr%C3%A9al\">Marco Sch\u00e4llibaum nomm\u00e9 entra\u00eeneur-chef de l&#8217;Impact de Montr\u00e9al<\/a><small>&nbsp;[<a href=\"http:\/\/archive.wikiwix.com\/cache\/?url=https%3A%2F%2Fwww.impactmontreal.com%2Ffr%2Fpost%2F2013%2F01%2F06%2Fmarco-sch%25C3%25A4llibaum-nomm%25C3%25A9-entra%25C3%25AEneur-chef-de-limpact-de-montr%25C3%25A9al\">archive<\/a>]<\/small>,&nbsp;<em>Impact de Montr\u00e9al<\/em>, 6 janvier 2013<\/li><li>\u2191&nbsp;<sup><a href=\"https:\/\/fr.wikipedia.org\/wiki\/Club_de_Foot_Montr%C3%A9al#cite_ref-Sch%C3%A4llibaum_%C3%A0_Klopas_89-0\">Revenir plus haut en&nbsp;:a<\/a>&nbsp;et&nbsp;<a href=\"https:\/\/fr.wikipedia.org\/wiki\/Club_de_Foot_Montr%C3%A9al#cite_ref-Sch%C3%A4llibaum_%C3%A0_Klopas_89-1\">b<\/a><\/sup>&nbsp;<a href=\"https:\/\/www.impactmontreal.com\/fr\/post\/2013\/12\/18\/frank-klopas-nomm%C3%A9-entra%C3%AEneur-chef-et-directeur-du-personnel-de-l%E2%80%99impact\">Frank Klopas nomm\u00e9 entra\u00eeneur-chef et directeur du personnel de l\u2019Impact<\/a><small>&nbsp;[<a href=\"http:\/\/archive.wikiwix.com\/cache\/?url=https%3A%2F%2Fwww.impactmontreal.com%2Ffr%2Fpost%2F2013%2F12%2F18%2Ffrank-klopas-nomm%25C3%25A9-entra%25C3%25AEneur-chef-et-directeur-du-personnel-de-l%25E2%2580%2599impact\">archive<\/a>]<\/small>,&nbsp;<em>Impact de Montr\u00e9al<\/em>, 18 d\u00e9cembre 2013<\/li><li>\u2191&nbsp;<sup><a href=\"https:\/\/fr.wikipedia.org\/wiki\/Club_de_Foot_Montr%C3%A9al#cite_ref-Klopas_%C3%A0_Biello_90-0\">Revenir plus haut en&nbsp;:a<\/a>&nbsp;et&nbsp;<a href=\"https:\/\/fr.wikipedia.org\/wiki\/Club_de_Foot_Montr%C3%A9al#cite_ref-Klopas_%C3%A0_Biello_90-1\">b<\/a><\/sup>&nbsp;<a href=\"https:\/\/www.rds.ca\/soccer\/impact\/impact-mauro-biello-devient-entraineur-chef-par-interim-en-remplacement-de-frank-klopas-1.2563821\">Frank Klopas est cong\u00e9di\u00e9, Mauro Biello par int\u00e9rim<\/a><small>&nbsp;[<a href=\"http:\/\/archive.wikiwix.com\/cache\/?url=https%3A%2F%2Fwww.rds.ca%2Fsoccer%2Fimpact%2Fimpact-mauro-biello-devient-entraineur-chef-par-interim-en-remplacement-de-frank-klopas-1.2563821\">archive<\/a>]<\/small>,&nbsp;<em><a href=\"https:\/\/fr.wikipedia.org\/wiki\/R%C3%A9seau_des_sports\">R\u00e9seau des sports<\/a><\/em>, 30 ao\u00fbt 2015<\/li><li><a href=\"https:\/\/fr.wikipedia.org\/wiki\/Club_de_Foot_Montr%C3%A9al#cite_ref-91\">\u2191<\/a>&nbsp;<a href=\"https:\/\/www.impactmontreal.com\/fr\/post\/2015\/11\/13\/mauro-biello-nomm%C3%A9-entra%C3%AEneur-chef-de-l%E2%80%99impact-de-montr%C3%A9al\">Mauro Biello nomm\u00e9 entra\u00eeneur-chef de l\u2019Impact de Montr\u00e9al<\/a><small>&nbsp;[<a href=\"http:\/\/archive.wikiwix.com\/cache\/?url=https%3A%2F%2Fwww.impactmontreal.com%2Ffr%2Fpost%2F2015%2F11%2F13%2Fmauro-biello-nomm%25C3%25A9-entra%25C3%25AEneur-chef-de-l%25E2%2580%2599impact-de-montr%25C3%25A9al\">archive<\/a>]<\/small>,&nbsp;<em>Impact de Montr\u00e9al<\/em>, 13 novembre 2015<\/li><li><a href=\"https:\/\/fr.wikipedia.org\/wiki\/Club_de_Foot_Montr%C3%A9al#cite_ref-92\">\u2191<\/a>&nbsp;Alexis B\u00e9langer-Champagne,&nbsp;<a href=\"https:\/\/www.lapresse.ca\/sports\/soccer\/201710\/23\/01-5140959-impact-biello-congedie-saputo-veut-un-entraineur-dexperience.php\">Impact: Biello cong\u00e9di\u00e9, Saputo veut un entra\u00eeneur d&#8217;exp\u00e9rience<\/a><small>&nbsp;[<a href=\"http:\/\/archive.wikiwix.com\/cache\/?url=https%3A%2F%2Fwww.lapresse.ca%2Fsports%2Fsoccer%2F201710%2F23%2F01-5140959-impact-biello-congedie-saputo-veut-un-entraineur-dexperience.php\">archive<\/a>]<\/small>,&nbsp;<em><a href=\"https:\/\/fr.wikipedia.org\/wiki\/La_Presse_(Montr%C3%A9al)\">La Presse<\/a><\/em>, 23 octobre 2017<\/li><li><a href=\"https:\/\/fr.wikipedia.org\/wiki\/Club_de_Foot_Montr%C3%A9al#cite_ref-93\">\u2191<\/a>&nbsp;<a href=\"https:\/\/www.impactmontreal.com\/fr\/post\/2017\/11\/08\/r%C3%A9mi-garde-nomm%C3%A9-entra%C3%AEneur-chef-de-limpact-de-montr%C3%A9al\">R\u00e9mi Garde nomm\u00e9 entra\u00eeneur-chef de l&#8217;Impact de Montr\u00e9al<\/a><small>&nbsp;[<a href=\"http:\/\/archive.wikiwix.com\/cache\/?url=https%3A%2F%2Fwww.impactmontreal.com%2Ffr%2Fpost%2F2017%2F11%2F08%2Fr%25C3%25A9mi-garde-nomm%25C3%25A9-entra%25C3%25AEneur-chef-de-limpact-de-montr%25C3%25A9al\">archive<\/a>]<\/small>,&nbsp;<em>Impact de Montr\u00e9al<\/em>, 8 novembre 2017<\/li><li>\u2191&nbsp;<sup><a href=\"https:\/\/fr.wikipedia.org\/wiki\/Club_de_Foot_Montr%C3%A9al#cite_ref-Garde_%C3%A0_Cabrera_94-0\">Revenir plus haut en&nbsp;:a<\/a>&nbsp;et&nbsp;<a href=\"https:\/\/fr.wikipedia.org\/wiki\/Club_de_Foot_Montr%C3%A9al#cite_ref-Garde_%C3%A0_Cabrera_94-1\">b<\/a><\/sup>&nbsp;<a href=\"https:\/\/www.impactmontreal.com\/fr\/post\/2019\/08\/21\/lentra%C3%AEneur-chef-r%C3%A9mi-garde-d%C3%A9mis-de-ses-fonctions\">L&#8217;entra\u00eeneur-chef R\u00e9mi Garde d\u00e9mis de ses fonctions<\/a><small>&nbsp;[<a href=\"http:\/\/archive.wikiwix.com\/cache\/?url=https%3A%2F%2Fwww.impactmontreal.com%2Ffr%2Fpost%2F2019%2F08%2F21%2Flentra%25C3%25AEneur-chef-r%25C3%25A9mi-garde-d%25C3%25A9mis-de-ses-fonctions\">archive<\/a>]<\/small>,&nbsp;<em>Impact de Montr\u00e9al<\/em>, 21 ao\u00fbt 2019<\/li><li><a href=\"https:\/\/fr.wikipedia.org\/wiki\/Club_de_Foot_Montr%C3%A9al#cite_ref-95\">\u2191<\/a>&nbsp;Maxime Lamarche,&nbsp;<a href=\"https:\/\/www.lapresse.ca\/sports\/soccer\/201910\/24\/01-5246761-wilmer-cabrera-ne-sera-pas-de-retour-avec-limpact.php\">Wilmer Cabrera ne sera pas de retour avec l\u2019Impact<\/a><small>&nbsp;[<a href=\"http:\/\/archive.wikiwix.com\/cache\/?url=https%3A%2F%2Fwww.lapresse.ca%2Fsports%2Fsoccer%2F201910%2F24%2F01-5246761-wilmer-cabrera-ne-sera-pas-de-retour-avec-limpact.php\">archive<\/a>]<\/small>,&nbsp;<em><a href=\"https:\/\/fr.wikipedia.org\/wiki\/La_Presse_(Montr%C3%A9al)\">La Presse<\/a><\/em>, 24 octobre 2019<\/li><li><a href=\"https:\/\/fr.wikipedia.org\/wiki\/Club_de_Foot_Montr%C3%A9al#cite_ref-96\">\u2191<\/a>&nbsp;<a href=\"https:\/\/www.impactmontreal.com\/fr\/post\/2019\/11\/14\/thierry-henry-devient-entra%C3%AEneur-chef-de-limpact-de-montr%C3%A9al\">Thierry Henry devient entra\u00eeneur-chef de l&#8217;Impact de Montr\u00e9al<\/a><small>&nbsp;[<a href=\"http:\/\/archive.wikiwix.com\/cache\/?url=https%3A%2F%2Fwww.impactmontreal.com%2Ffr%2Fpost%2F2019%2F11%2F14%2Fthierry-henry-devient-entra%25C3%25AEneur-chef-de-limpact-de-montr%25C3%25A9al\">archive<\/a>]<\/small>,&nbsp;<em>Impact de Montr\u00e9al<\/em>, 14 novembre 2019<\/li><li><a href=\"https:\/\/fr.wikipedia.org\/wiki\/Club_de_Foot_Montr%C3%A9al#cite_ref-97\">\u2191<\/a>&nbsp;<a href=\"https:\/\/www.impactmontreal.com\/fr\/histoire\/mur-de-la-renomm%C3%A9e\">\u00ab&nbsp;MUR DE LA RENOMM\u00c9E&nbsp;\u00bb<\/a><small>&nbsp;[<a href=\"http:\/\/archive.wikiwix.com\/cache\/?url=https%3A%2F%2Fwww.impactmontreal.com%2Ffr%2Fhistoire%2Fmur-de-la-renomm%25C3%25A9e\">archive<\/a>]<\/small>, sur&nbsp;<em>impactmontreal.com<\/em><\/li><li><a href=\"https:\/\/fr.wikipedia.org\/wiki\/Club_de_Foot_Montr%C3%A9al#cite_ref-98\">\u2191<\/a>&nbsp;<a href=\"https:\/\/www.impactmontreal.com\/fr\/post\/2018\/03\/15\/nevio-pizzolitto-et-gabriel-gervais-intronis%C3%A9s-au-mur-de-la-renomm%C3%A9e-du-club\">\u00ab&nbsp;Nevio Pizzolitto et Gabriel Gervais intronis\u00e9s au Mur de la renomm\u00e9e du club&nbsp;\u00bb<\/a><small>&nbsp;[<a href=\"http:\/\/archive.wikiwix.com\/cache\/?url=https%3A%2F%2Fwww.impactmontreal.com%2Ffr%2Fpost%2F2018%2F03%2F15%2Fnevio-pizzolitto-et-gabriel-gervais-intronis%25C3%25A9s-au-mur-de-la-renomm%25C3%25A9e-du-club\">archive<\/a>]<\/small>, sur&nbsp;<em>impactmontreal.com<\/em>,&nbsp;15 mars 2018&nbsp;<small>(consult\u00e9 le<time datetime=\"2020-09-03\">3 septembre 2020<\/time>)<\/small>.<\/li><li><a href=\"https:\/\/fr.wikipedia.org\/wiki\/Club_de_Foot_Montr%C3%A9al#cite_ref-101\">\u2191<\/a>&nbsp;<a href=\"http:\/\/www.impactmontreal.com\/fr\/news\/2014\/09\/new-usl-pro-team\">Une nouvelle \u00e9quipe en USL Pro<\/a><small>&nbsp;[<a href=\"http:\/\/archive.wikiwix.com\/cache\/?url=http%3A%2F%2Fwww.impactmontreal.com%2Ffr%2Fnews%2F2014%2F09%2Fnew-usl-pro-team\">archive<\/a>]<\/small>,&nbsp;<em>Impact de Montr\u00e9al<\/em>, 4 septembre 2014<\/li><li>\u2191&nbsp;<sup><a href=\"https:\/\/fr.wikipedia.org\/wiki\/Club_de_Foot_Montr%C3%A9al#cite_ref-Fin_FCM_102-0\">Revenir plus haut en&nbsp;:a<\/a>&nbsp;et&nbsp;<a href=\"https:\/\/fr.wikipedia.org\/wiki\/Club_de_Foot_Montr%C3%A9al#cite_ref-Fin_FCM_102-1\">b<\/a><\/sup>&nbsp;<a href=\"http:\/\/www.impactmontreal.com\/fr\/post\/2016\/12\/09\/limpact-de-montr%C3%A9al-sassocie-au-fury-dottawa-en-usl\">L&#8217;Impact de Montr\u00e9al s&#8217;associe au Fury d&#8217;Ottawa en USL<\/a><small>&nbsp;[<a href=\"http:\/\/archive.wikiwix.com\/cache\/?url=http%3A%2F%2Fwww.impactmontreal.com%2Ffr%2Fpost%2F2016%2F12%2F09%2Flimpact-de-montr%25C3%25A9al-sassocie-au-fury-dottawa-en-usl\">archive<\/a>]<\/small>,&nbsp;<em>Impact de Montr\u00e9al<\/em>, 9 d\u00e9cembre 2016<\/li><li><a href=\"https:\/\/fr.wikipedia.org\/wiki\/Club_de_Foot_Montr%C3%A9al#cite_ref-103\">\u2191<\/a>&nbsp;<a href=\"https:\/\/www.impactmontreal.com\/fr\/post\/2019\/11\/08\/d%C3%A9claration-de-vassili-cremanzidis-sur-l%E2%80%99arr%C3%AAt-des-activ%C3%A9s-du-fury-fc-dottawa\">D\u00e9claration de Vassili Cremanzidis sur l\u2019arr\u00eat des activ\u00e9s du Fury FC d&#8217;Ottawa<\/a><small>&nbsp;[<a href=\"http:\/\/archive.wikiwix.com\/cache\/?url=https%3A%2F%2Fwww.impactmontreal.com%2Ffr%2Fpost%2F2019%2F11%2F08%2Fd%25C3%25A9claration-de-vassili-cremanzidis-sur-l%25E2%2580%2599arr%25C3%25AAt-des-activ%25C3%25A9s-du-fury-fc-dottawa\">archive<\/a>]<\/small>,&nbsp;<em>Impact de Montr\u00e9al<\/em>, 8 novembre 2019<\/li><li><a href=\"https:\/\/fr.wikipedia.org\/wiki\/Club_de_Foot_Montr%C3%A9al#cite_ref-104\">\u2191<\/a>&nbsp;(en)&nbsp;Olivier Tremblay,&nbsp;<a href=\"http:\/\/www.mlssoccer.com\/news\/article\/2014\/09\/04\/montreal-impact-field-usl-pro-team-ease-transition-mls-young-players\">Montreal Impact to field USL PRO team to ease transition to MLS for young players<\/a><small>&nbsp;[<a href=\"http:\/\/archive.wikiwix.com\/cache\/?url=http%3A%2F%2Fwww.mlssoccer.com%2Fnews%2Farticle%2F2014%2F09%2F04%2Fmontreal-impact-field-usl-pro-team-ease-transition-mls-young-players\">archive<\/a>]<\/small>,&nbsp;<em>Major League Soccer<\/em>, 4 septembre 2014<\/li><li><a href=\"https:\/\/fr.wikipedia.org\/wiki\/Club_de_Foot_Montr%C3%A9al#cite_ref-106\">\u2191<\/a>&nbsp;<a href=\"https:\/\/www.footballdatabase.eu\/fr\/club\/details\/16057-fc_montreal\">Historique des entra\u00eeneurs du FC Montr\u00e9al<\/a><small>&nbsp;[<a href=\"http:\/\/archive.wikiwix.com\/cache\/?url=https%3A%2F%2Fwww.footballdatabase.eu%2Ffr%2Fclub%2Fdetails%2F16057-fc_montreal\">archive<\/a>]<\/small>&nbsp;sur&nbsp;<em>footballdatabase.eu<\/em><\/li><li><a href=\"https:\/\/fr.wikipedia.org\/wiki\/Club_de_Foot_Montr%C3%A9al#cite_ref-107\">\u2191<\/a>&nbsp;<a href=\"https:\/\/www.lapresse.ca\/sports\/soccer\/201411\/17\/01-4819882-limpact-nomme-philippe-eullaffroy-entraineur-chef-du-fc-montreal.php\">L&#8217;Impact nomme Philippe Eullaffroy entra\u00eeneur-chef du FC Montr\u00e9al<\/a><small>&nbsp;[<a href=\"http:\/\/archive.wikiwix.com\/cache\/?url=https%3A%2F%2Fwww.lapresse.ca%2Fsports%2Fsoccer%2F201411%2F17%2F01-4819882-limpact-nomme-philippe-eullaffroy-entraineur-chef-du-fc-montreal.php\">archive<\/a>]<\/small>,&nbsp;<em><a href=\"https:\/\/fr.wikipedia.org\/wiki\/La_Presse_(Montr%C3%A9al)\">La Presse<\/a><\/em>, 17 novembre 2014.<\/li><li><a href=\"https:\/\/fr.wikipedia.org\/wiki\/Club_de_Foot_Montr%C3%A9al#cite_ref-108\">\u2191<\/a>&nbsp;<a href=\"http:\/\/www.impactmontreal.com\/fr\/schedule\/broadcast-partners\">Diffuseurs<\/a><small>&nbsp;[<a href=\"http:\/\/archive.wikiwix.com\/cache\/?url=http%3A%2F%2Fwww.impactmontreal.com%2Ffr%2Fschedule%2Fbroadcast-partners\">archive<\/a>]<\/small>,&nbsp;<em>Impact de Montr\u00e9al<\/em><\/li><li><a href=\"https:\/\/fr.wikipedia.org\/wiki\/Club_de_Foot_Montr%C3%A9al#cite_ref-109\">\u2191<\/a>&nbsp;<a href=\"http:\/\/www.985sports.ca\/soccer\/nouvelles\/l-impact-sur-les-ondes-du-98-5-fm-714564.html\">L&#8217;Impact sur les ondes du 98,5 fm<\/a><small>&nbsp;[<a href=\"http:\/\/archive.wikiwix.com\/cache\/?url=http%3A%2F%2Fwww.985sports.ca%2Fsoccer%2Fnouvelles%2Fl-impact-sur-les-ondes-du-98-5-fm-714564.html\">archive<\/a>]<\/small>,&nbsp;<em><a href=\"http:\/\/www.985sports.ca\/\">http:\/\/www.985sports.ca<\/a><small>&nbsp;[<a href=\"http:\/\/archive.wikiwix.com\/cache\/?url=http%3A%2F%2Fwww.985sports.ca%2F\">archive<\/a>]<\/small><\/em><\/li><li><a href=\"https:\/\/fr.wikipedia.org\/wiki\/Club_de_Foot_Montr%C3%A9al#cite_ref-110\">\u2191<\/a>&nbsp;<a href=\"http:\/\/www.lesaffaires.com\/secteurs-d-activite\/general\/l-impact-de-montreal-vaut-pres-de-100-m-us-selon-forbes\/563891\">L&#8217;Impact de Montr\u00e9al vaut pr\u00e8s de 100 M$ US selon Forbes<\/a><small>&nbsp;[<a href=\"http:\/\/archive.wikiwix.com\/cache\/?url=http%3A%2F%2Fwww.lesaffaires.com%2Fsecteurs-d-activite%2Fgeneral%2Fl-impact-de-montreal-vaut-pres-de-100-m-us-selon-forbes%2F563891\">archive<\/a>]<\/small>&nbsp;<em>Les Affaires<\/em>, 20 novembre 2013<\/li><li><a href=\"https:\/\/fr.wikipedia.org\/wiki\/Club_de_Foot_Montr%C3%A9al#cite_ref-111\">\u2191<\/a>&nbsp;<a href=\"https:\/\/www.forbes.com\/sites\/chrissmith\/2015\/08\/19\/major-league-soccers-most-valuable-teams-2015-2\/2\/\">Major League Soccer&#8217;s Most Valuable Teams 2015<\/a><small>&nbsp;[<a href=\"http:\/\/archive.wikiwix.com\/cache\/?url=https%3A%2F%2Fwww.forbes.com%2Fsites%2Fchrissmith%2F2015%2F08%2F19%2Fmajor-league-soccers-most-valuable-teams-2015-2%2F2%2F\">archive<\/a>]<\/small>&nbsp;www.forbes.com 19 ao\u00fbt 2015<\/li><li><a href=\"https:\/\/fr.wikipedia.org\/wiki\/Club_de_Foot_Montr%C3%A9al#cite_ref-112\">\u2191<\/a>&nbsp;<a href=\"http:\/\/www.lesaffaires.com\/secteurs-d-activite\/general\/limpact-de-montreal-vaut-128-millions--selon-forbes\/581055\">L&#8217;Impact de Montr\u00e9al vaut 128 millions $, selon Forbes<\/a><small>&nbsp;[<a href=\"http:\/\/archive.wikiwix.com\/cache\/?url=http%3A%2F%2Fwww.lesaffaires.com%2Fsecteurs-d-activite%2Fgeneral%2Flimpact-de-montreal-vaut-128-millions--selon-forbes%2F581055\">archive<\/a>]<\/small>&nbsp;<em>Les Affaires<\/em>, 20 ao\u00fbt 2015<\/li><li><a href=\"https:\/\/fr.wikipedia.org\/wiki\/Club_de_Foot_Montr%C3%A9al#cite_ref-113\">\u2191<\/a>&nbsp;Radio-Canada.ca, La MLS en 2010?&nbsp;<a href=\"http:\/\/www.radio-canada.ca\/sports\/soccer\/2007\/11\/16\/001-MLS-vendredi.shtml\">http:\/\/www.radio-canada.ca\/sports\/soccer\/2007\/11\/16\/001-MLS-vendredi.shtml<\/a><small>&nbsp;[<a href=\"http:\/\/archive.wikiwix.com\/cache\/?url=http%3A%2F%2Fwww.radio-canada.ca%2Fsports%2Fsoccer%2F2007%2F11%2F16%2F001-MLS-vendredi.shtml\">archive<\/a>]<\/small>&nbsp;, 16 novembre 2007<\/li><li><a href=\"https:\/\/fr.wikipedia.org\/wiki\/Club_de_Foot_Montr%C3%A9al#cite_ref-114\">\u2191<\/a>&nbsp;<a href=\"http:\/\/www.impactmontreal.com\/fr\/news\/2009\/06\/limpact-affronte-le-toronto-fc-jeudi-au-stade-saputo\">\u00ab&nbsp;Impact Montr\u00e9al, L&#8217;Impact affronte le Toronto FC jeudi au stade Saputo&nbsp;\u00bb<\/a><small>&nbsp;[<a href=\"http:\/\/archive.wikiwix.com\/cache\/?url=http%3A%2F%2Fwww.impactmontreal.com%2Ffr%2Fnews%2F2009%2F06%2Flimpact-affronte-le-toronto-fc-jeudi-au-stade-saputo\">archive<\/a>]<\/small>,&nbsp;16 juin 2009&nbsp;<small>(consult\u00e9 le&nbsp;<time datetime=\"2013-03-30\">30 mars 2013<\/time>)<\/small><\/li><li><a href=\"https:\/\/fr.wikipedia.org\/wiki\/Club_de_Foot_Montr%C3%A9al#cite_ref-115\">\u2191<\/a>&nbsp;\u00ab&nbsp;Ferri meilleur joueur de l&#8217;Impact&nbsp;\u00bb,&nbsp;<em><a href=\"https:\/\/fr.wikipedia.org\/wiki\/Le_Devoir\">Le Devoir<\/a><\/em>,\u200e&nbsp;23 octobre 1993&nbsp;<small>(<a href=\"https:\/\/numerique.banq.qc.ca\/patrimoine\/details\/52327\/2765878?docsearchtext=patrice%20ferri\">lire en ligne<\/a>&nbsp;[<a href=\"http:\/\/archive.wikiwix.com\/cache\/?url=https%3A%2F%2Fnumerique.banq.qc.ca%2Fpatrimoine%2Fdetails%2F52327%2F2765878%3Fdocsearchtext%3Dpatrice%2520ferri\">archive<\/a>])<\/small>.<\/li><li><a href=\"https:\/\/fr.wikipedia.org\/wiki\/Club_de_Foot_Montr%C3%A9al#cite_ref-116\">\u2191<\/a>&nbsp;<a href=\"http:\/\/www.impactmontreal.com\/fr\/news\/2012\/10\/midfielder-patrice-bernier-named-impact-most-valuable-player\">\u00ab&nbsp;Le milieu de terrain Patrice Bernier nomm\u00e9 Joueur par excellence de l\u2019Impact&nbsp;\u00bb<\/a><small>&nbsp;[<a href=\"http:\/\/archive.wikiwix.com\/cache\/?url=http%3A%2F%2Fwww.impactmontreal.com%2Ffr%2Fnews%2F2012%2F10%2Fmidfielder-patrice-bernier-named-impact-most-valuable-player\">archive<\/a>]<\/small>, sur&nbsp;<em>www.impactmontreal.com<\/em>&nbsp;<small>(consult\u00e9 le&nbsp;<time datetime=\"2014-02-04\">4 f\u00e9vrier 2014<\/time>)<\/small><\/li><li><a href=\"https:\/\/fr.wikipedia.org\/wiki\/Club_de_Foot_Montr%C3%A9al#cite_ref-117\">\u2191<\/a>&nbsp;<a href=\"http:\/\/www.impactmontreal.com\/fr\/news\/2013\/11\/marco-di-vaio-named-impact-player-year\">\u00ab&nbsp;Marco Di Vaio nomm\u00e9 Joueur de l&#8217;ann\u00e9e de l&#8217;Impact&nbsp;\u00bb<\/a><small>&nbsp;[<a href=\"http:\/\/archive.wikiwix.com\/cache\/?url=http%3A%2F%2Fwww.impactmontreal.com%2Ffr%2Fnews%2F2013%2F11%2Fmarco-di-vaio-named-impact-player-year\">archive<\/a>]<\/small>, sur&nbsp;<em>www.impactmontreal.com<\/em>&nbsp;<small>(consult\u00e9 le&nbsp;<time datetime=\"2014-02-04\">4 f\u00e9vrier 2014<\/time>)<\/small><\/li><li><a href=\"https:\/\/fr.wikipedia.org\/wiki\/Club_de_Foot_Montr%C3%A9al#cite_ref-118\">\u2191<\/a>&nbsp;<a href=\"http:\/\/www.impactmontreal.com\/fr\/news\/2014\/10\/andres-romero-nomme-joueur-de-lannee-de-limpact\">Andr\u00e9s Romero nomm\u00e9 joueur de l&#8217;ann\u00e9e de l&#8217;Impact<\/a><small>&nbsp;[<a href=\"http:\/\/archive.wikiwix.com\/cache\/?url=http%3A%2F%2Fwww.impactmontreal.com%2Ffr%2Fnews%2F2014%2F10%2Fandres-romero-nomme-joueur-de-lannee-de-limpact\">archive<\/a>]<\/small>&nbsp;<em>www.impactmontreal.com<\/em>, le 27 octobre 2014<\/li><\/ol>\n\n\n\n<h2 class=\"wp-block-heading\">Article connexe[<a href=\"https:\/\/fr.wikipedia.org\/w\/index.php?title=Club_de_Foot_Montr%C3%A9al&amp;veaction=edit&amp;section=56\">modifier<\/a>&nbsp;|&nbsp;<a href=\"https:\/\/fr.wikipedia.org\/w\/index.php?title=Club_de_Foot_Montr%C3%A9al&amp;action=edit&amp;section=56\">modifier le code<\/a>]<\/h2>\n\n\n\n<ul class=\"wp-block-list\"><li><a href=\"https:\/\/fr.wikipedia.org\/wiki\/Statistiques_de_l%27Impact_de_Montr%C3%A9al\">Statistiques de l&#8217;Impact de Montr\u00e9al<\/a><\/li><\/ul>\n\n\n\n<h2 class=\"wp-block-heading\">Liens externes[<a href=\"https:\/\/fr.wikipedia.org\/w\/index.php?title=Club_de_Foot_Montr%C3%A9al&amp;veaction=edit&amp;section=57\">modifier<\/a>&nbsp;|&nbsp;<a href=\"https:\/\/fr.wikipedia.org\/w\/index.php?title=Club_de_Foot_Montr%C3%A9al&amp;action=edit&amp;section=57\">modifier le code<\/a>]<\/h2>\n\n\n\n<p class=\"wp-block-paragraph\">Sur les autres projets Wikimedia&nbsp;:<\/p>\n\n\n\n<ul class=\"wp-block-list\"><li><a href=\"https:\/\/commons.wikimedia.org\/wiki\/Category:Impact_de_Montr%C3%A9al?uselang=fr\">Club de Foot Montr\u00e9al<\/a>, sur&nbsp;Wikimedia Commons<\/li><li><a href=\"https:\/\/fr.wikinews.org\/wiki\/Cat%C3%A9gorie:Impact_de_Montr%C3%A9al\">Club de Foot Montr\u00e9al<\/a>,&nbsp;sur&nbsp;Wikinews<\/li><\/ul>\n\n\n\n<ul class=\"wp-block-list\"><li>(fr&nbsp;+&nbsp;en)&nbsp;<a href=\"https:\/\/www.cfmontreal.com\/\">Site officiel<\/a><small>&nbsp;[<a href=\"http:\/\/archive.wikiwix.com\/cache\/?url=https%3A%2F%2Fwww.cfmontreal.com%2F\">archive<\/a>]<\/small><a href=\"https:\/\/www.wikidata.org\/wiki\/Q167615?uselang=fr#P856\"><\/a><\/li><li>Ressources relatives au sport<a href=\"https:\/\/www.wikidata.org\/wiki\/Q167615?uselang=fr#identifiers\"><\/a>&nbsp;:&nbsp;<ul><li><a href=\"https:\/\/www.transfermarkt.fr\/-\/startseite\/verein\/4078\">Transfermarkt<\/a><small>&nbsp;[<a href=\"http:\/\/archive.wikiwix.com\/cache\/?url=https%3A%2F%2Fwww.transfermarkt.fr%2F-%2Fstartseite%2Fverein%2F4078\">archive<\/a>]<\/small><\/li><li>(mul)&nbsp;<a href=\"https:\/\/fr.soccerway.com\/teams\/wd\/wd\/20933\/\">Soccerway<\/a><small>&nbsp;[<a href=\"http:\/\/archive.wikiwix.com\/cache\/?url=https%3A%2F%2Ffr.soccerway.com%2Fteams%2Fwd%2Fwd%2F20933%2F\">archive<\/a>]<\/small><\/li><\/ul><\/li><li><a href=\"http:\/\/www.ultrasmontreal.com\/\">Ultras Montr\u00e9al 2002<\/a><small>&nbsp;[<a href=\"http:\/\/archive.wikiwix.com\/cache\/?url=http%3A%2F%2Fwww.ultrasmontreal.com%2F\">archive<\/a>]<\/small><\/li><li><a href=\"http:\/\/www.impactmontreal-lgbt.ca\/\">Impact LGBT+<\/a><small>&nbsp;[<a href=\"http:\/\/archive.wikiwix.com\/cache\/?url=http%3A%2F%2Fwww.impactmontreal-lgbt.ca%2F\">archive<\/a>]<\/small><\/li><\/ul>\n\n\n\n<figure class=\"wp-block-table\"><table><tbody><tr><th>&nbsp;<a href=\"javascript:\">[afficher]<\/a><a href=\"https:\/\/fr.wikipedia.org\/wiki\/Mod%C3%A8le:Palette_CF_Montr%C3%A9al\"><abbr title=\"Voir ce mod\u00e8le.\">v<\/abbr><\/a>&nbsp;\u00b7&nbsp;<a href=\"https:\/\/fr.wikipedia.org\/w\/index.php?title=Mod%C3%A8le:Palette_CF_Montr%C3%A9al&amp;action=edit\"><abbr title=\"Modifier ce mod\u00e8le. Merci de pr\u00e9visualiser avant de sauvegarder.\">m<\/abbr><\/a><a>CF Montr\u00e9al<\/a><\/th><\/tr><\/tbody><\/table><\/figure>\n\n\n\n<figure class=\"wp-block-table\"><table><tbody><tr><th>&nbsp;<a href=\"javascript:\">[afficher]<\/a><a href=\"https:\/\/fr.wikipedia.org\/wiki\/Mod%C3%A8le:Palette_Effectif_actuel_du_CF_Montr%C3%A9al\"><abbr title=\"Voir ce mod\u00e8le.\">v<\/abbr><\/a>&nbsp;\u00b7&nbsp;<a href=\"https:\/\/fr.wikipedia.org\/w\/index.php?title=Mod%C3%A8le:Palette_Effectif_actuel_du_CF_Montr%C3%A9al&amp;action=edit\"><abbr title=\"Modifier ce mod\u00e8le. Merci de pr\u00e9visualiser avant de sauvegarder.\">m<\/abbr><\/a><a>CF Montr\u00e9al<\/a>&nbsp;&#8211; Effectif professionnel actuel<\/th><\/tr><\/tbody><\/table><\/figure>\n\n\n\n<figure class=\"wp-block-table\"><table><tbody><tr><th>&nbsp;<a href=\"javascript:\">[afficher]<\/a><a href=\"https:\/\/fr.wikipedia.org\/wiki\/Mod%C3%A8le:Palette_%C3%89quipes_de_ligue_majeure_de_soccer_D1\"><abbr title=\"Voir ce mod\u00e8le.\">v<\/abbr><\/a>&nbsp;\u00b7&nbsp;<a href=\"https:\/\/fr.wikipedia.org\/w\/index.php?title=Mod%C3%A8le:Palette_%C3%89quipes_de_ligue_majeure_de_soccer_D1&amp;action=edit\"><abbr title=\"Modifier ce mod\u00e8le. Merci de pr\u00e9visualiser avant de sauvegarder.\">m<\/abbr><\/a><a href=\"https:\/\/commons.wikimedia.org\/wiki\/File:Flag_of_the_United_States.svg?uselang=fr\"><\/a>&nbsp;<a href=\"https:\/\/commons.wikimedia.org\/wiki\/File:Flag_of_Canada.svg?uselang=fr\"><\/a>&nbsp;<a href=\"https:\/\/fr.wikipedia.org\/wiki\/Major_League_Soccer\">Major League Soccer<\/a>&nbsp;<a href=\"https:\/\/fr.wikipedia.org\/wiki\/Major_League_Soccer_2021\">2021<\/a><\/th><\/tr><\/tbody><\/table><\/figure>\n\n\n\n<figure class=\"wp-block-table\"><table><tbody><tr><th>&nbsp;<a href=\"javascript:\">[afficher]<\/a><a href=\"https:\/\/fr.wikipedia.org\/wiki\/Mod%C3%A8le:Palette_%C3%89quipes_de_la_NASL\"><abbr title=\"Voir ce mod\u00e8le.\">v<\/abbr><\/a>&nbsp;\u00b7&nbsp;<a href=\"https:\/\/fr.wikipedia.org\/w\/index.php?title=Mod%C3%A8le:Palette_%C3%89quipes_de_la_NASL&amp;action=edit\"><abbr title=\"Modifier ce mod\u00e8le. Merci de pr\u00e9visualiser avant de sauvegarder.\">m<\/abbr><\/a><a href=\"https:\/\/fr.wikipedia.org\/wiki\/North_American_Soccer_League\">North American Soccer League<\/a>&nbsp;<a href=\"https:\/\/commons.wikimedia.org\/wiki\/File:Flag_of_the_United_States.svg?uselang=fr\"><\/a>&nbsp;<a href=\"https:\/\/commons.wikimedia.org\/wiki\/File:Flag_of_Canada.svg?uselang=fr\"><\/a>&nbsp;<a href=\"https:\/\/commons.wikimedia.org\/wiki\/File:Flag_of_Puerto_Rico.svg?uselang=fr\"><\/a><\/th><\/tr><\/tbody><\/table><\/figure>\n\n\n\n<figure class=\"wp-block-table\"><table><tbody><tr><th>&nbsp;<a href=\"javascript:\">[afficher]<\/a><a href=\"https:\/\/fr.wikipedia.org\/wiki\/Mod%C3%A8le:Palette_A-League_(1995-2004)\"><abbr title=\"Voir ce mod\u00e8le.\">v<\/abbr><\/a>&nbsp;\u00b7&nbsp;<a href=\"https:\/\/fr.wikipedia.org\/w\/index.php?title=Mod%C3%A8le:Palette_A-League_(1995-2004)&amp;action=edit\"><abbr title=\"Modifier ce mod\u00e8le. Merci de pr\u00e9visualiser avant de sauvegarder.\">m<\/abbr><\/a><a href=\"https:\/\/fr.wikipedia.org\/wiki\/A-League_(1995-2004)\">A-League (1995-2004)<\/a>&nbsp;<a href=\"https:\/\/commons.wikimedia.org\/wiki\/File:Flag_of_the_United_States.svg?uselang=fr\"><\/a>&nbsp;<a href=\"https:\/\/commons.wikimedia.org\/wiki\/File:Flag_of_Canada.svg?uselang=fr\"><\/a><\/th><\/tr><\/tbody><\/table><\/figure>\n\n\n\n<ul class=\"wp-block-list\" id=\"bandeau-portail\"><li><a href=\"https:\/\/fr.wikipedia.org\/wiki\/Portail:Football\"><\/a>&nbsp;<strong><a href=\"https:\/\/fr.wikipedia.org\/wiki\/Portail:Football\">Portail du football<\/a><\/strong>&nbsp;<\/li><li><a href=\"https:\/\/fr.wikipedia.org\/wiki\/Portail:Montr%C3%A9al\"><\/a>&nbsp;<strong><a href=\"https:\/\/fr.wikipedia.org\/wiki\/Portail:Montr%C3%A9al\">Portail de Montr\u00e9al<\/a><\/strong><\/li><\/ul>\n\n\n\n<p class=\"wp-block-paragraph\"><a href=\"https:\/\/fr.wikipedia.org\/wiki\/Cat%C3%A9gorie:Accueil\">Cat\u00e9gorie<\/a>\u202f:&nbsp;<\/p>\n\n\n\n<ul class=\"wp-block-list\"><li><a href=\"https:\/\/fr.wikipedia.org\/wiki\/Cat%C3%A9gorie:Club_de_Foot_Montr%C3%A9al\">Club de Foot Montr\u00e9al<\/a><\/li><\/ul>\n\n\n\n<p class=\"wp-block-paragraph\"><a>[+]<\/a><\/p>\n\n\n\n<ul class=\"wp-block-list\" id=\"footer-info\"><li>La derni\u00e8re modification de cette page a \u00e9t\u00e9 faite le 20 ao\u00fbt 2021 \u00e0 16:24.<\/li><li><a href=\"https:\/\/fr.wikipedia.org\/wiki\/Wikip%C3%A9dia:Citation_et_r%C3%A9utilisation_du_contenu_de_Wikip%C3%A9dia\">Droit d&#8217;auteur<\/a>&nbsp;: les textes sont disponibles sous&nbsp;<a href=\"https:\/\/creativecommons.org\/licenses\/by-sa\/3.0\/deed.fr\">licence Creative Commons attribution, partage dans les m\u00eames conditions<\/a>&nbsp;; d\u2019autres conditions peuvent s\u2019appliquer. Voyez les&nbsp;<a href=\"https:\/\/wikimediafoundation.org\/wiki\/Conditions_d%27utilisation\">conditions d\u2019utilisation<\/a>&nbsp;pour plus de d\u00e9tails, ainsi que les&nbsp;<a href=\"https:\/\/fr.wikipedia.org\/wiki\/Wikip%C3%A9dia:Cr%C3%A9dits_graphiques\">cr\u00e9dits graphiques<\/a>. En cas de r\u00e9utilisation des textes de cette page, voyez&nbsp;<a href=\"https:\/\/fr.wikipedia.org\/wiki\/Sp%C3%A9cial:Citer\/Club_de_Foot_Montr%C3%A9al\">comment citer les auteurs et mentionner la licence<\/a>.<br>Wikipedia\u00ae est une marque d\u00e9pos\u00e9e de la&nbsp;<a href=\"https:\/\/wikimediafoundation.org\/\">Wikimedia Foundation, Inc.<\/a>, organisation de bienfaisance r\u00e9gie par le paragraphe&nbsp;<a href=\"https:\/\/fr.wikipedia.org\/wiki\/501c\">501(c)(3)<\/a>&nbsp;du code fiscal des \u00c9tats-Unis.<\/li><\/ul>\n\n\n\n<ul class=\"wp-block-list\" id=\"footer-places\"><li><a href=\"https:\/\/meta.wikimedia.org\/wiki\/Privacy_policy\/fr\">Politique de confidentialit\u00e9<\/a><\/li><li><a href=\"https:\/\/fr.wikipedia.org\/wiki\/Wikip%C3%A9dia:%C3%80_propos_de_Wikip%C3%A9dia\">\u00c0 propos de Wikip\u00e9dia<\/a><\/li><li><a href=\"https:\/\/fr.wikipedia.org\/wiki\/Wikip%C3%A9dia:Avertissements_g%C3%A9n%C3%A9raux\">Avertissements<\/a><\/li><li><a href=\"https:\/\/fr.wikipedia.org\/wiki\/Wikip%C3%A9dia:Contact\">Contact<\/a><\/li><li><a href=\"https:\/\/fr.m.wikipedia.org\/w\/index.php?title=Club_de_Foot_Montr%C3%A9al&amp;mobileaction=toggle_view_mobile\">Version mobile<\/a><\/li><li><a href=\"https:\/\/www.mediawiki.org\/wiki\/Special:MyLanguage\/How_to_contribute\">D\u00e9veloppeurs<\/a><\/li><li><a href=\"https:\/\/stats.wikimedia.org\/#\/fr.wikipedia.org\">Statistiques<\/a><\/li><li><a href=\"https:\/\/foundation.wikimedia.org\/wiki\/Cookie_statement\">D\u00e9claration sur les t\u00e9moins (cookies)<\/a><\/li><\/ul>\n\n\n\n<ul class=\"wp-block-list\" id=\"footer-icons\"><li><a href=\"https:\/\/wikimediafoundation.org\/\"><\/a><\/li><li><a href=\"https:\/\/www.mediawiki.org\/\"><\/a><\/li><\/ul>\n","protected":false},"excerpt":{"rendered":"<p>Alouettes de Montr\u00e9al : Football LCF, R\u00e9sultats &amp; Nouvelles Tout sur les&nbsp;Alouettes&nbsp;de Montr\u00e9al, \u00e9quipe de la LCF (Ligue canadienne de football). Nouvelles, calendriers, r\u00e9sultats pour la saison en cours Aller au contenuAfficher\u202f\/\u202fmasquer la barre lat\u00e9rale Rechercher Cr\u00e9er un compte Outils personnels Menu de navigation Accueil Portails th\u00e9matiques Article au hasard Contact Contribuer D\u00e9buter sur Wikip\u00e9dia Aide Communaut\u00e9 Modifications r\u00e9centes Faire [&hellip;]<\/p>\n","protected":false},"author":3,"featured_media":10010,"comment_status":"open","ping_status":"open","sticky":false,"template":"","format":"standard","meta":{"footnotes":""},"categories":[501,524],"tags":[1336,1330,1335,1331,1332,1337,1329],"class_list":["post-9995","post","type-post","status-publish","format-standard","has-post-thumbnail","hentry","category-a-la-une","category-sport","tag-1336","tag-cfl","tag-exume","tag-football","tag-football-canadien","tag-montreal","tag-sport"],"yoast_head":"<!-- This site is optimized with the Yoast SEO plugin v28.4 - https:\/\/yoast.com\/product\/yoast-seo-wordpress\/ -->\n<title>Mtl Vs Ott CFL - Mapfel Wapfel | Annuaire Entreprises Communautaires MonDIAL<\/title>\n<meta name=\"robots\" content=\"index, follow, max-snippet:-1, max-image-preview:large, max-video-preview:-1\" \/>\n<link rel=\"canonical\" href=\"https:\/\/mapfelwapfel.com\/en\/mtl-vs-ott-cfl\/\" \/>\n<meta property=\"og:locale\" content=\"en_US\" \/>\n<meta property=\"og:type\" content=\"article\" \/>\n<meta property=\"og:title\" content=\"Mtl Vs Ott CFL - Mapfel Wapfel | Annuaire Entreprises Communautaires MonDIAL\" \/>\n<meta property=\"og:description\" content=\"Alouettes de Montr\u00e9al : Football LCF, R\u00e9sultats &amp; Nouvelles Tout sur les&nbsp;Alouettes&nbsp;de Montr\u00e9al, \u00e9quipe de la LCF (Ligue canadienne de football). Nouvelles, calendriers, r\u00e9sultats pour la saison en cours Aller au contenuAfficher\u202f\/\u202fmasquer la barre lat\u00e9rale Rechercher Cr\u00e9er un compte Outils personnels Menu de navigation Accueil Portails th\u00e9matiques Article au hasard Contact Contribuer D\u00e9buter sur Wikip\u00e9dia Aide Communaut\u00e9 Modifications r\u00e9centes Faire [&hellip;]\" \/>\n<meta property=\"og:url\" content=\"https:\/\/mapfelwapfel.com\/en\/mtl-vs-ott-cfl\/\" \/>\n<meta property=\"og:site_name\" content=\"Mapfel Wapfel | Annuaire Entreprises Communautaires MonDIAL\" \/>\n<meta property=\"article:published_time\" content=\"2021-09-04T02:35:49+00:00\" \/>\n<meta property=\"article:modified_time\" content=\"2021-10-09T11:21:41+00:00\" \/>\n<meta property=\"og:image\" content=\"https:\/\/mapfelwapfel.com\/wp-content\/uploads\/2021\/09\/4384_montreal_alouettes-primary_dark-2019.png\" \/>\n\t<meta property=\"og:image:width\" content=\"905\" \/>\n\t<meta property=\"og:image:height\" content=\"905\" \/>\n\t<meta property=\"og:image:type\" content=\"image\/png\" \/>\n<meta name=\"author\" content=\"DORNEVAL Kingsley\" \/>\n<meta name=\"twitter:card\" content=\"summary_large_image\" \/>\n<meta name=\"twitter:label1\" content=\"Written by\" \/>\n\t<meta name=\"twitter:data1\" content=\"DORNEVAL Kingsley\" \/>\n\t<meta name=\"twitter:label2\" content=\"Est. reading time\" \/>\n\t<meta name=\"twitter:data2\" content=\"67 minutes\" \/>\n<script type=\"application\/ld+json\" class=\"yoast-schema-graph\">{\"@context\":\"https:\\\/\\\/schema.org\",\"@graph\":[{\"@type\":\"Article\",\"@id\":\"https:\\\/\\\/mapfelwapfel.com\\\/en\\\/mtl-vs-ott-cfl\\\/#article\",\"isPartOf\":{\"@id\":\"https:\\\/\\\/mapfelwapfel.com\\\/en\\\/mtl-vs-ott-cfl\\\/\"},\"author\":{\"name\":\"DORNEVAL Kingsley\",\"@id\":\"https:\\\/\\\/mapfelwapfel.com\\\/en\\\/#\\\/schema\\\/person\\\/52fb063976b99b144e798a94a756d9a4\"},\"headline\":\"Mtl Vs Ott CFL\",\"datePublished\":\"2021-09-04T02:35:49+00:00\",\"dateModified\":\"2021-10-09T11:21:41+00:00\",\"mainEntityOfPage\":{\"@id\":\"https:\\\/\\\/mapfelwapfel.com\\\/en\\\/mtl-vs-ott-cfl\\\/\"},\"wordCount\":12704,\"commentCount\":0,\"image\":{\"@id\":\"https:\\\/\\\/mapfelwapfel.com\\\/en\\\/mtl-vs-ott-cfl\\\/#primaryimage\"},\"thumbnailUrl\":\"https:\\\/\\\/mapfelwapfel.com\\\/wp-content\\\/uploads\\\/2021\\\/09\\\/4384_montreal_alouettes-primary_dark-2019.png\",\"keywords\":[\"#41\",\"cfl\",\"exume\",\"football\",\"football canadien\",\"montreal\",\"sport\"],\"articleSection\":[\"\u00c0 la une\",\"Sport\"],\"inLanguage\":\"en-US\",\"potentialAction\":[{\"@type\":\"CommentAction\",\"name\":\"Comment\",\"target\":[\"https:\\\/\\\/mapfelwapfel.com\\\/en\\\/mtl-vs-ott-cfl\\\/#respond\"]}]},{\"@type\":\"WebPage\",\"@id\":\"https:\\\/\\\/mapfelwapfel.com\\\/en\\\/mtl-vs-ott-cfl\\\/\",\"url\":\"https:\\\/\\\/mapfelwapfel.com\\\/en\\\/mtl-vs-ott-cfl\\\/\",\"name\":\"Mtl Vs Ott CFL - Mapfel Wapfel | Annuaire Entreprises Communautaires MonDIAL\",\"isPartOf\":{\"@id\":\"https:\\\/\\\/mapfelwapfel.com\\\/en\\\/#website\"},\"primaryImageOfPage\":{\"@id\":\"https:\\\/\\\/mapfelwapfel.com\\\/en\\\/mtl-vs-ott-cfl\\\/#primaryimage\"},\"image\":{\"@id\":\"https:\\\/\\\/mapfelwapfel.com\\\/en\\\/mtl-vs-ott-cfl\\\/#primaryimage\"},\"thumbnailUrl\":\"https:\\\/\\\/mapfelwapfel.com\\\/wp-content\\\/uploads\\\/2021\\\/09\\\/4384_montreal_alouettes-primary_dark-2019.png\",\"datePublished\":\"2021-09-04T02:35:49+00:00\",\"dateModified\":\"2021-10-09T11:21:41+00:00\",\"author\":{\"@id\":\"https:\\\/\\\/mapfelwapfel.com\\\/en\\\/#\\\/schema\\\/person\\\/52fb063976b99b144e798a94a756d9a4\"},\"breadcrumb\":{\"@id\":\"https:\\\/\\\/mapfelwapfel.com\\\/en\\\/mtl-vs-ott-cfl\\\/#breadcrumb\"},\"inLanguage\":\"en-US\",\"potentialAction\":[{\"@type\":\"ReadAction\",\"target\":[\"https:\\\/\\\/mapfelwapfel.com\\\/en\\\/mtl-vs-ott-cfl\\\/\"]}]},{\"@type\":\"ImageObject\",\"inLanguage\":\"en-US\",\"@id\":\"https:\\\/\\\/mapfelwapfel.com\\\/en\\\/mtl-vs-ott-cfl\\\/#primaryimage\",\"url\":\"https:\\\/\\\/mapfelwapfel.com\\\/wp-content\\\/uploads\\\/2021\\\/09\\\/4384_montreal_alouettes-primary_dark-2019.png\",\"contentUrl\":\"https:\\\/\\\/mapfelwapfel.com\\\/wp-content\\\/uploads\\\/2021\\\/09\\\/4384_montreal_alouettes-primary_dark-2019.png\",\"width\":905,\"height\":905},{\"@type\":\"BreadcrumbList\",\"@id\":\"https:\\\/\\\/mapfelwapfel.com\\\/en\\\/mtl-vs-ott-cfl\\\/#breadcrumb\",\"itemListElement\":[{\"@type\":\"ListItem\",\"position\":1,\"name\":\"Home\",\"item\":\"https:\\\/\\\/mapfelwapfel.com\\\/en\\\/main-home\\\/\"},{\"@type\":\"ListItem\",\"position\":2,\"name\":\"Mtl Vs Ott CFL\"}]},{\"@type\":\"WebSite\",\"@id\":\"https:\\\/\\\/mapfelwapfel.com\\\/en\\\/#website\",\"url\":\"https:\\\/\\\/mapfelwapfel.com\\\/en\\\/\",\"name\":\"Mapfel Wapfel | Annuaire Entreprises Communautaires MonDIAL\",\"description\":\"L&#039;Union Fait La Force \u00b7 Trouvez les meilleurs services pr\u00e8s de chez vous\",\"potentialAction\":[{\"@type\":\"SearchAction\",\"target\":{\"@type\":\"EntryPoint\",\"urlTemplate\":\"https:\\\/\\\/mapfelwapfel.com\\\/en\\\/?s={search_term_string}\"},\"query-input\":{\"@type\":\"PropertyValueSpecification\",\"valueRequired\":true,\"valueName\":\"search_term_string\"}}],\"inLanguage\":\"en-US\"},{\"@type\":\"Person\",\"@id\":\"https:\\\/\\\/mapfelwapfel.com\\\/en\\\/#\\\/schema\\\/person\\\/52fb063976b99b144e798a94a756d9a4\",\"name\":\"DORNEVAL Kingsley\",\"image\":{\"@type\":\"ImageObject\",\"inLanguage\":\"en-US\",\"@id\":\"https:\\\/\\\/secure.gravatar.com\\\/avatar\\\/e5680c6c800b66d934aa06c013e521e8111b068524beb7080ed401d1c024f4e2?s=96&d=retro&r=g\",\"url\":\"https:\\\/\\\/secure.gravatar.com\\\/avatar\\\/e5680c6c800b66d934aa06c013e521e8111b068524beb7080ed401d1c024f4e2?s=96&d=retro&r=g\",\"contentUrl\":\"https:\\\/\\\/secure.gravatar.com\\\/avatar\\\/e5680c6c800b66d934aa06c013e521e8111b068524beb7080ed401d1c024f4e2?s=96&d=retro&r=g\",\"caption\":\"DORNEVAL Kingsley\"},\"sameAs\":[\"http:\\\/\\\/mapfelwapfel.com\"],\"url\":\"https:\\\/\\\/mapfelwapfel.com\\\/en\\\/author\\\/kinsley\\\/\"}]}<\/script>\n<!-- \/ Yoast SEO plugin. -->","yoast_head_json":{"title":"Mtl Vs Ott CFL - Mapfel Wapfel | Annuaire Entreprises Communautaires MonDIAL","robots":{"index":"index","follow":"follow","max-snippet":"max-snippet:-1","max-image-preview":"max-image-preview:large","max-video-preview":"max-video-preview:-1"},"canonical":"https:\/\/mapfelwapfel.com\/en\/mtl-vs-ott-cfl\/","og_locale":"en_US","og_type":"article","og_title":"Mtl Vs Ott CFL - Mapfel Wapfel | Annuaire Entreprises Communautaires MonDIAL","og_description":"Alouettes de Montr\u00e9al : Football LCF, R\u00e9sultats &amp; Nouvelles Tout sur les&nbsp;Alouettes&nbsp;de Montr\u00e9al, \u00e9quipe de la LCF (Ligue canadienne de football). Nouvelles, calendriers, r\u00e9sultats pour la saison en cours Aller au contenuAfficher\u202f\/\u202fmasquer la barre lat\u00e9rale Rechercher Cr\u00e9er un compte Outils personnels Menu de navigation Accueil Portails th\u00e9matiques Article au hasard Contact Contribuer D\u00e9buter sur Wikip\u00e9dia Aide Communaut\u00e9 Modifications r\u00e9centes Faire [&hellip;]","og_url":"https:\/\/mapfelwapfel.com\/en\/mtl-vs-ott-cfl\/","og_site_name":"Mapfel Wapfel | Annuaire Entreprises Communautaires MonDIAL","article_published_time":"2021-09-04T02:35:49+00:00","article_modified_time":"2021-10-09T11:21:41+00:00","og_image":[{"width":905,"height":905,"url":"https:\/\/mapfelwapfel.com\/wp-content\/uploads\/2021\/09\/4384_montreal_alouettes-primary_dark-2019.png","type":"image\/png"}],"author":"DORNEVAL Kingsley","twitter_card":"summary_large_image","twitter_misc":{"Written by":"DORNEVAL Kingsley","Est. reading time":"67 minutes"},"schema":{"@context":"https:\/\/schema.org","@graph":[{"@type":"Article","@id":"https:\/\/mapfelwapfel.com\/en\/mtl-vs-ott-cfl\/#article","isPartOf":{"@id":"https:\/\/mapfelwapfel.com\/en\/mtl-vs-ott-cfl\/"},"author":{"name":"DORNEVAL Kingsley","@id":"https:\/\/mapfelwapfel.com\/en\/#\/schema\/person\/52fb063976b99b144e798a94a756d9a4"},"headline":"Mtl Vs Ott CFL","datePublished":"2021-09-04T02:35:49+00:00","dateModified":"2021-10-09T11:21:41+00:00","mainEntityOfPage":{"@id":"https:\/\/mapfelwapfel.com\/en\/mtl-vs-ott-cfl\/"},"wordCount":12704,"commentCount":0,"image":{"@id":"https:\/\/mapfelwapfel.com\/en\/mtl-vs-ott-cfl\/#primaryimage"},"thumbnailUrl":"https:\/\/mapfelwapfel.com\/wp-content\/uploads\/2021\/09\/4384_montreal_alouettes-primary_dark-2019.png","keywords":["#41","cfl","exume","football","football canadien","montreal","sport"],"articleSection":["\u00c0 la une","Sport"],"inLanguage":"en-US","potentialAction":[{"@type":"CommentAction","name":"Comment","target":["https:\/\/mapfelwapfel.com\/en\/mtl-vs-ott-cfl\/#respond"]}]},{"@type":"WebPage","@id":"https:\/\/mapfelwapfel.com\/en\/mtl-vs-ott-cfl\/","url":"https:\/\/mapfelwapfel.com\/en\/mtl-vs-ott-cfl\/","name":"Mtl Vs Ott CFL - Mapfel Wapfel | Annuaire Entreprises Communautaires MonDIAL","isPartOf":{"@id":"https:\/\/mapfelwapfel.com\/en\/#website"},"primaryImageOfPage":{"@id":"https:\/\/mapfelwapfel.com\/en\/mtl-vs-ott-cfl\/#primaryimage"},"image":{"@id":"https:\/\/mapfelwapfel.com\/en\/mtl-vs-ott-cfl\/#primaryimage"},"thumbnailUrl":"https:\/\/mapfelwapfel.com\/wp-content\/uploads\/2021\/09\/4384_montreal_alouettes-primary_dark-2019.png","datePublished":"2021-09-04T02:35:49+00:00","dateModified":"2021-10-09T11:21:41+00:00","author":{"@id":"https:\/\/mapfelwapfel.com\/en\/#\/schema\/person\/52fb063976b99b144e798a94a756d9a4"},"breadcrumb":{"@id":"https:\/\/mapfelwapfel.com\/en\/mtl-vs-ott-cfl\/#breadcrumb"},"inLanguage":"en-US","potentialAction":[{"@type":"ReadAction","target":["https:\/\/mapfelwapfel.com\/en\/mtl-vs-ott-cfl\/"]}]},{"@type":"ImageObject","inLanguage":"en-US","@id":"https:\/\/mapfelwapfel.com\/en\/mtl-vs-ott-cfl\/#primaryimage","url":"https:\/\/mapfelwapfel.com\/wp-content\/uploads\/2021\/09\/4384_montreal_alouettes-primary_dark-2019.png","contentUrl":"https:\/\/mapfelwapfel.com\/wp-content\/uploads\/2021\/09\/4384_montreal_alouettes-primary_dark-2019.png","width":905,"height":905},{"@type":"BreadcrumbList","@id":"https:\/\/mapfelwapfel.com\/en\/mtl-vs-ott-cfl\/#breadcrumb","itemListElement":[{"@type":"ListItem","position":1,"name":"Home","item":"https:\/\/mapfelwapfel.com\/en\/main-home\/"},{"@type":"ListItem","position":2,"name":"Mtl Vs Ott CFL"}]},{"@type":"WebSite","@id":"https:\/\/mapfelwapfel.com\/en\/#website","url":"https:\/\/mapfelwapfel.com\/en\/","name":"Mapfel Wapfel | Annuaire Entreprises Communautaires MonDIAL","description":"L&#039;Union Fait La Force \u00b7 Trouvez les meilleurs services pr\u00e8s de chez vous","potentialAction":[{"@type":"SearchAction","target":{"@type":"EntryPoint","urlTemplate":"https:\/\/mapfelwapfel.com\/en\/?s={search_term_string}"},"query-input":{"@type":"PropertyValueSpecification","valueRequired":true,"valueName":"search_term_string"}}],"inLanguage":"en-US"},{"@type":"Person","@id":"https:\/\/mapfelwapfel.com\/en\/#\/schema\/person\/52fb063976b99b144e798a94a756d9a4","name":"DORNEVAL Kingsley","image":{"@type":"ImageObject","inLanguage":"en-US","@id":"https:\/\/secure.gravatar.com\/avatar\/e5680c6c800b66d934aa06c013e521e8111b068524beb7080ed401d1c024f4e2?s=96&d=retro&r=g","url":"https:\/\/secure.gravatar.com\/avatar\/e5680c6c800b66d934aa06c013e521e8111b068524beb7080ed401d1c024f4e2?s=96&d=retro&r=g","contentUrl":"https:\/\/secure.gravatar.com\/avatar\/e5680c6c800b66d934aa06c013e521e8111b068524beb7080ed401d1c024f4e2?s=96&d=retro&r=g","caption":"DORNEVAL Kingsley"},"sameAs":["http:\/\/mapfelwapfel.com"],"url":"https:\/\/mapfelwapfel.com\/en\/author\/kinsley\/"}]}},"_links":{"self":[{"href":"https:\/\/mapfelwapfel.com\/en\/wp-json\/wp\/v2\/posts\/9995","targetHints":{"allow":["GET"]}}],"collection":[{"href":"https:\/\/mapfelwapfel.com\/en\/wp-json\/wp\/v2\/posts"}],"about":[{"href":"https:\/\/mapfelwapfel.com\/en\/wp-json\/wp\/v2\/types\/post"}],"author":[{"embeddable":true,"href":"https:\/\/mapfelwapfel.com\/en\/wp-json\/wp\/v2\/users\/3"}],"replies":[{"embeddable":true,"href":"https:\/\/mapfelwapfel.com\/en\/wp-json\/wp\/v2\/comments?post=9995"}],"version-history":[{"count":3,"href":"https:\/\/mapfelwapfel.com\/en\/wp-json\/wp\/v2\/posts\/9995\/revisions"}],"predecessor-version":[{"id":10020,"href":"https:\/\/mapfelwapfel.com\/en\/wp-json\/wp\/v2\/posts\/9995\/revisions\/10020"}],"wp:featuredmedia":[{"embeddable":true,"href":"https:\/\/mapfelwapfel.com\/en\/wp-json\/wp\/v2\/media\/10010"}],"wp:attachment":[{"href":"https:\/\/mapfelwapfel.com\/en\/wp-json\/wp\/v2\/media?parent=9995"}],"wp:term":[{"taxonomy":"category","embeddable":true,"href":"https:\/\/mapfelwapfel.com\/en\/wp-json\/wp\/v2\/categories?post=9995"},{"taxonomy":"post_tag","embeddable":true,"href":"https:\/\/mapfelwapfel.com\/en\/wp-json\/wp\/v2\/tags?post=9995"}],"curies":[{"name":"wp","href":"https:\/\/api.w.org\/{rel}","templated":true}]}}